{"id":416445,"date":"2025-09-25T12:12:11","date_gmt":"2025-09-25T12:12:11","guid":{"rendered":"https:\/\/www.europesays.com\/fr\/416445\/"},"modified":"2025-09-25T12:12:11","modified_gmt":"2025-09-25T12:12:11","slug":"lue-ouvre-une-enquete-contre-le-geant-allemand-des-logiciels-sap-pour-entrave-a-la-concurrence","status":"publish","type":"post","link":"https:\/\/www.europesays.com\/fr\/416445\/","title":{"rendered":"L\u2019UE ouvre une enqu\u00eate contre le g\u00e9ant allemand des logiciels SAP pour entrave \u00e0 la concurrence"},"content":{"rendered":"<p>Ces investigations portent sur de potentiels abus de position dominante que commettrait SAP dans la maintenance et les services de support associ\u00e9s \u00e0 ses logiciels dits ERP.<\/p>\n<p class=\"fig-paragraph\">La Commission europ\u00e9enne a annonc\u00e9 ce jeudi avoir ouvert une enqu\u00eate ciblant le g\u00e9ant allemand\u00a0<a href=\"http:\/\/www.lefigaro.fr\/flash-eco\/l-allemand-sap-supprime-ses-programmes-de-diversite-pour-se-plier-a-l-administration-trump-20250511\" data-fig-type=\"NewsFlash\" data-gtm-custom-categorie=\"navigation\" data-gtm-custom-action=\"crossclick\" data-gtm-custom-label=\"Contextuel\" data-gtm-event=\"customEventSPE\" data-fig-domain=\"LEFIGARO\" target=\"_blank\" rel=\"noopener\">des logiciels pour entreprise SAP<\/a>, qu&rsquo;il soup\u00e7onne de possibles infractions \u00e0 la concurrence. Dans un communiqu\u00e9, la Commission pr\u00e9cise que ses investigations portent sur de potentiels abus de position dominante que commettrait SAP dans la maintenance et les services de support associ\u00e9s \u00e0 ses logiciels dits ERP. Ces programmes tr\u00e8s populaires aident les entreprises \u00e0 g\u00e9rer toutes sortes d&rsquo;activit\u00e9s courantes (finances, ressources humaines, conduite de projets&#8230;). Leur maintenance peut \u00eatre assur\u00e9e par SAP, ou, en principe, par des prestataires ind\u00e9pendants.<\/p>\n<p class=\"fig-paragraph\">Or, selon la Commission, plusieurs pratiques du groupe viseraient \u00e0 \u00e9vincer les concurrents \u00e9galement pr\u00e9sents sur ce segment, comme l&rsquo;obligation impos\u00e9e aux clients du groupe allemand qui veulent utiliser ce type de logiciels d&rsquo;inclure dans les contrats les prestations de maintenance. SAP imposerait aussi des frais dissuasifs aux clients qui recommenceraient \u00e0 utiliser ses services de maintenance, apr\u00e8s avoir fait appel \u00e0 d&rsquo;autres prestataires.<\/p>\n<p>                                    <a class=\"fig-a11y-skip a11y-hidden\" href=\"#fig-a11y-skip-main-inarticle\"><br \/>\n        Passer la publicit\u00e9<br \/>\n    <\/a><\/p>\n<p>Frais dissuasifs<\/p>\n<p class=\"fig-paragraph\">SAP imposerait aussi des frais dissuasifs aux clients qui recommenceraient \u00e0 utiliser ses services de maintenance apr\u00e8s avoir fait appel \u00e0 d\u2019autres prestataires. \u00abDes milliers d\u2019entreprises \u00e0 travers l\u2019Europe utilisent les logiciels de SAP pour g\u00e9rer leurs activit\u00e9s, ainsi que ses services de maintenance et de support. Nous craignons que SAP ait r\u00e9duit la concurrence sur ce march\u00e9 crucial (&#8230;), diminuant le choix et augmentant les co\u00fbts des clients\u00bb, a comment\u00e9 Teresa Ribera, la commissaire europ\u00e9enne charg\u00e9e de la concurrence.<\/p>\n<p class=\"fig-paragraph\">Dans un communiqu\u00e9, le groupe allemand s\u2019est d\u00e9fendu d\u2019avoir commis des infractions, se disant persuad\u00e9 que \u00abses principes et ses activit\u00e9s respectent pleinement les r\u00e8gles de la concurrence\u00bb. \u00abN\u00e9anmoins, nous prenons au s\u00e9rieux les questions soulev\u00e9es, et nous travaillons \u00e9troitement avec la Commission pour les r\u00e9soudre\u00bb, a ajout\u00e9 le groupe, qui esp\u00e8re une conclusion \u00abrapide et \u00e9quitable\u00bb de l\u2019enqu\u00eate.<\/p>\n<p class=\"fig-paragraph\">Dans la foul\u00e9e de l\u2019annonce, le cours de SAP reculait jeudi de pr\u00e8s de 2% \u00e0 la mi-journ\u00e9e \u00e0 la Bourse de Francfort, o\u00f9 le fournisseur de logiciels dispose de la valorisation la plus \u00e9lev\u00e9e (plus de 300 milliards d\u2019euros). La Commission n\u2019a pas donn\u00e9 de calendrier pour la fin de ses investigations. Dans ce dossier, SAP risque une amende potentielle pouvant aller jusqu\u2019\u00e0 10% de son chiffre d\u2019affaires mondial.<\/p>\n<p class=\"fig-paragraph\">Le groupe, dont le si\u00e8ge est situ\u00e9 \u00e0 Walldorf, dans le sud-ouest de l\u2019Allemagne, a r\u00e9alis\u00e9 l\u2019an dernier plus de 34 milliards d\u2019euros de chiffre d\u2019affaires, dont la moiti\u00e9 dans le \u00abcloud\u00bb, et employait pr\u00e8s de 110.000 personnes \u00e0 fin juin. Fond\u00e9 en 1972 par 5 anciens employ\u00e9s d\u2019IBM, le groupe est connu dans de nombreux secteurs professionnels pour ses logiciels utilis\u00e9s dans le monde entier.<\/p>\n","protected":false},"excerpt":{"rendered":"Ces investigations portent sur de potentiels abus de position dominante que commettrait SAP dans la maintenance et les&hellip;\n","protected":false},"author":2,"featured_media":416446,"comment_status":"","ping_status":"","sticky":false,"template":"","format":"standard","meta":{"footnotes":""},"categories":[6],"tags":[35,350,33,34,1011,27,20581,364],"class_list":{"0":"post-416445","1":"post","2":"type-post","3":"status-publish","4":"format-standard","5":"has-post-thumbnail","7":"category-economie","8":"tag-business","9":"tag-concurrence","10":"tag-economie","11":"tag-economy","12":"tag-fr","13":"tag-france","14":"tag-sap","15":"tag-union-europeenne"},"share_on_mastodon":{"url":"https:\/\/pubeurope.com\/@fr\/115264877016296509","error":""},"_links":{"self":[{"href":"https:\/\/www.europesays.com\/fr\/wp-json\/wp\/v2\/posts\/416445","targetHints":{"allow":["GET"]}}],"collection":[{"href":"https:\/\/www.europesays.com\/fr\/wp-json\/wp\/v2\/posts"}],"about":[{"href":"https:\/\/www.europesays.com\/fr\/wp-json\/wp\/v2\/types\/post"}],"author":[{"embeddable":true,"href":"https:\/\/www.europesays.com\/fr\/wp-json\/wp\/v2\/users\/2"}],"replies":[{"embeddable":true,"href":"https:\/\/www.europesays.com\/fr\/wp-json\/wp\/v2\/comments?post=416445"}],"version-history":[{"count":0,"href":"https:\/\/www.europesays.com\/fr\/wp-json\/wp\/v2\/posts\/416445\/revisions"}],"wp:featuredmedia":[{"embeddable":true,"href":"https:\/\/www.europesays.com\/fr\/wp-json\/wp\/v2\/media\/416446"}],"wp:attachment":[{"href":"https:\/\/www.europesays.com\/fr\/wp-json\/wp\/v2\/media?parent=416445"}],"wp:term":[{"taxonomy":"category","embeddable":true,"href":"https:\/\/www.europesays.com\/fr\/wp-json\/wp\/v2\/categories?post=416445"},{"taxonomy":"post_tag","embeddable":true,"href":"https:\/\/www.europesays.com\/fr\/wp-json\/wp\/v2\/tags?post=416445"}],"curies":[{"name":"wp","href":"https:\/\/api.w.org\/{rel}","templated":true}]}}