{"id":416447,"date":"2025-09-25T12:13:09","date_gmt":"2025-09-25T12:13:09","guid":{"rendered":"https:\/\/www.europesays.com\/fr\/416447\/"},"modified":"2025-09-25T12:13:09","modified_gmt":"2025-09-25T12:13:09","slug":"volodymyr-zelensky-se-dit-pret-a-quitter-ses-fonctions-une-fois-la-guerre-terminee","status":"publish","type":"post","link":"https:\/\/www.europesays.com\/fr\/416447\/","title":{"rendered":"Volodymyr Zelensky se dit \u00abpr\u00eat\u00bb \u00e0 quitter ses fonctions une fois la guerre termin\u00e9e"},"content":{"rendered":"<p>Invit\u00e9 du m\u00e9dia am\u00e9ricain Axios ce jeudi, le pr\u00e9sident ukrainien a expliqu\u00e9 qu\u2019il n\u2019avait \u00abpas l\u2019intention de diriger son pays en temps de paix\u00bb et appellera \u00e0 l\u2019organisation d\u2019\u00e9lections d\u00e8s la mise en place d\u2019un accord de cessez-le-feu.<\/p>\n<p class=\"fig-paragraph\">Invit\u00e9 dans l\u2019\u00e9mission \u00ab<a href=\"https:\/\/www.axios.com\/2025\/09\/25\/zelensky-elections-ukraine-axios-show\" target=\"_blank\" rel=\"sponsored noopener\" data-gtm-custom-categorie=\"navigation\" data-gtm-custom-action=\"crossclick\" data-gtm-custom-label=\"Contextuel\" data-gtm-event=\"customEventSPE\">The Axios Show\u00bb\u00a0<\/a>le pr\u00e9sident ukrainien\u00a0<a href=\"http:\/\/www.lefigaro.fr\/international\/guerre-en-ukraine-volodymyr-zelensky-juge-possible-une-rencontre-avec-vladimir-poutine-et-propose-trois-lieux-20250821\" target=\"_blank\" data-fig-type=\"NewsFlash\" rel=\"noopener\" data-gtm-custom-categorie=\"navigation\" data-gtm-custom-action=\"crossclick\" data-gtm-custom-label=\"Contextuel\" data-gtm-event=\"customEventSPE\" data-fig-domain=\"LEFIGARO\">Volodymyr Zelensky<\/a>\u00a0a d\u00e9clar\u00e9 face au journaliste Barak Ravid dans une vid\u00e9o publi\u00e9e ce jeudi 25 septembre qu\u2019il \u00e9tait \u00abpr\u00eat\u00bb \u00e0 quitter ses fonctions une fois la guerre avec la Russie termin\u00e9e. \u00abMon objectif est de terminer la guerre et non de continuer \u00e0 briguer un mandat\u00bb, a d\u00e9clar\u00e9 le pr\u00e9sident qui ajoute qu\u2019il n\u2019a \u00abpas l\u2019intention de diriger son pays en temps de paix\u00bb et qu\u2019il comprend que \u00ables gens puissent vouloir d\u2019un leader avec un nouveau mandat.\u00bb.<\/p>\n<p class=\"fig-paragraph\">Concr\u00e8tement, le pr\u00e9sident ukrainien, qui \u00e9tait pr\u00e9sent \u00e0 New York pour participer \u00e0\u00a0<a href=\"http:\/\/www.lefigaro.fr\/international\/a-l-onu-volodymyr-zelensky-met-en-garde-contre-un-effondrement-du-droit-international-20250924\" target=\"_blank\" data-fig-type=\"Article\" rel=\"noopener\" data-gtm-custom-categorie=\"navigation\" data-gtm-custom-action=\"crossclick\" data-gtm-custom-label=\"Contextuel\" data-gtm-event=\"customEventSPE\" data-fig-domain=\"LEFIGARO\">l\u2019Assembl\u00e9e g\u00e9n\u00e9rale des Nations unies<\/a>, explique qu\u2019il souhaite l\u2019organisation d\u2019\u00e9lections lorsqu\u2019un cessez-le-feu \u00abde plusieurs mois\u00bb sera mis en place. \u00c0 New York, il a d\u00e9clar\u00e9 avoir dit \u00e0 Donald Trump, lors de leur rencontre mardi, qu\u2019en cas de cessez-le-feu, \u00abnous pouvons utiliser ce d\u00e9lai, et je peux envoyer ce signal au Parlement\u00bb, rapporte de son c\u00f4t\u00e9 le New York Times.<\/p>\n<p>                                    <a class=\"fig-a11y-skip a11y-hidden\" href=\"#fig-a11y-skip-main-inarticle\"><br \/>\n        Passer la publicit\u00e9<br \/>\n    <\/a><\/p>\n<p>Loi martiale et d\u00e9fi s\u00e9curitaire<\/p>\n<p class=\"fig-paragraph\">Les \u00e9lections ont \u00e9t\u00e9 report\u00e9es sine die depuis le d\u00e9but de la guerre, ce que le pr\u00e9sident am\u00e9ricain lui a reproch\u00e9 \u00e0 plusieurs reprises. En r\u00e9alit\u00e9, la Constitution ukrainienne emp\u00eache la tenue d\u2019\u00e9lections tant que la loi martiale, mise en \u0153uvre depuis 2022, est en vigueur. La situation s\u00e9curitaire, note encore Volodymyr Zelensky aupr\u00e8s d\u2019Axios, pose un autre d\u00e9fi puisqu\u2019il serait difficile d\u2019organiser ces \u00e9lections dans les territoires contr\u00f4l\u00e9s par la Russie, qui occupe environ 20% de l\u2019Ukraine \u00e0 ce jour.<\/p>\n<p class=\"fig-paragraph\">\u00c9lu en 2019 \u00e0 une \u00e9crasante majorit\u00e9 (73%) pour un mandat de cinq ans, Volodymyr Zelensky a connu une cote de popularit\u00e9 d\u2019environ 90 % dans les premiers mois de la guerre. Elle a depuis baiss\u00e9, mais reste d\u2019environ 60%, selon les diff\u00e9rents sondages. En juillet, le pays a malgr\u00e9 tout connu de premi\u00e8res manifestations depuis le d\u00e9but de la guerre, apr\u00e8s la d\u00e9cision du camp pr\u00e9sidentiel d\u2019affaiblir les agences de lutte contre la corruption. Cette mesure, qui a \u00e9t\u00e9 rapidement annul\u00e9e, a suscit\u00e9 une vive inqui\u00e9tude. \u00abSi Zelensky approuvait un projet de loi visant \u00e0 organiser des \u00e9lections, il serait probablement adopt\u00e9 facilement compte tenu de la large majorit\u00e9 de son parti au parlement\u00bb, observe Axios.<\/p>\n","protected":false},"excerpt":{"rendered":"Invit\u00e9 du m\u00e9dia am\u00e9ricain Axios ce jeudi, le pr\u00e9sident ukrainien a expliqu\u00e9 qu\u2019il n\u2019avait \u00abpas l\u2019intention de diriger&hellip;\n","protected":false},"author":2,"featured_media":416448,"comment_status":"","ping_status":"","sticky":false,"template":"","format":"standard","meta":{"footnotes":""},"categories":[5],"tags":[11,11035,1011,27,14,12,134,28],"class_list":{"0":"post-416447","1":"post","2":"type-post","3":"status-publish","4":"format-standard","5":"has-post-thumbnail","7":"category-international","8":"tag-actualites","9":"tag-election","10":"tag-fr","11":"tag-france","12":"tag-international","13":"tag-news","14":"tag-volodymyr-zelensky","15":"tag-world"},"share_on_mastodon":{"url":"https:\/\/pubeurope.com\/@fr\/115264880940998200","error":""},"_links":{"self":[{"href":"https:\/\/www.europesays.com\/fr\/wp-json\/wp\/v2\/posts\/416447","targetHints":{"allow":["GET"]}}],"collection":[{"href":"https:\/\/www.europesays.com\/fr\/wp-json\/wp\/v2\/posts"}],"about":[{"href":"https:\/\/www.europesays.com\/fr\/wp-json\/wp\/v2\/types\/post"}],"author":[{"embeddable":true,"href":"https:\/\/www.europesays.com\/fr\/wp-json\/wp\/v2\/users\/2"}],"replies":[{"embeddable":true,"href":"https:\/\/www.europesays.com\/fr\/wp-json\/wp\/v2\/comments?post=416447"}],"version-history":[{"count":0,"href":"https:\/\/www.europesays.com\/fr\/wp-json\/wp\/v2\/posts\/416447\/revisions"}],"wp:featuredmedia":[{"embeddable":true,"href":"https:\/\/www.europesays.com\/fr\/wp-json\/wp\/v2\/media\/416448"}],"wp:attachment":[{"href":"https:\/\/www.europesays.com\/fr\/wp-json\/wp\/v2\/media?parent=416447"}],"wp:term":[{"taxonomy":"category","embeddable":true,"href":"https:\/\/www.europesays.com\/fr\/wp-json\/wp\/v2\/categories?post=416447"},{"taxonomy":"post_tag","embeddable":true,"href":"https:\/\/www.europesays.com\/fr\/wp-json\/wp\/v2\/tags?post=416447"}],"curies":[{"name":"wp","href":"https:\/\/api.w.org\/{rel}","templated":true}]}}