{"id":416455,"date":"2025-09-25T12:17:21","date_gmt":"2025-09-25T12:17:21","guid":{"rendered":"https:\/\/www.europesays.com\/fr\/416455\/"},"modified":"2025-09-25T12:17:21","modified_gmt":"2025-09-25T12:17:21","slug":"pas-glorieux-les-declarations-du-maire-de-saint-etienne-interrogent","status":"publish","type":"post","link":"https:\/\/www.europesays.com\/fr\/416455\/","title":{"rendered":"\u00ab\u00a0Pas glorieux\u00a0\u00bb, les d\u00e9clarations du maire de Saint-Etienne interrogent"},"content":{"rendered":"<p>            Par<br \/>\n        <strong><br \/>\n            <a href=\"https:\/\/actu.fr\/auteur\/redaction-saint-etienne\" title=\"Consulter tous les articles de R\u00e9daction Saint-\u00c9tienne\" rel=\"nofollow noopener\" target=\"_blank\">R\u00e9daction Saint-\u00c9tienne<\/a><br \/>\n        <\/strong><\/p>\n<p>        Publi\u00e9 le<\/p>\n<p>            25 sept. 2025 \u00e0 9h35        <\/p>\n<p>\u00c0 la barre des pr\u00e9venus mercredi, le maire de Saint-Etienne <a href=\"https:\/\/actu.fr\/tag\/gael-perdriau\" rel=\"nofollow noopener\" target=\"_blank\">Ga\u00ebl Perdriau<\/a>, jug\u00e9 pour chantage \u00e0 la sextape, explique avec p\u00e9dagogie la politique et le budget municipal, mais perd un peu sa contenance confront\u00e9 \u00e0 un enregistrement de ses propres propos.<\/p>\n<p class=\" wall-content\">L\u2019\u00e9dile de 53\u00a0ans, exclu des R\u00e9publicains, est soup\u00e7onn\u00e9 d\u2019avoir musel\u00e9 son ancien premier adjoint et rival, le centriste Gilles Artigues, avec une vid\u00e9o intime, et d\u2019avoir financ\u00e9 le pi\u00e8ge avec des fonds publics.<\/p>\n<p>\u00ab\u2009Une fois que c\u2019est sur les r\u00e9seaux, ce n\u2019est plus du chantage\u2009\u00bb, \u00ab\u2009c\u2019est une ex\u00e9cution\u2009\u00bb<\/p>\n<p class=\" wall-content\">Il r\u00e9fute vivement ces accusations, admettant tout juste avoir eu connaissance de l\u2019existence d\u2019un film montrant Gilles Artigues avec un prostitu\u00e9, r\u00e9alis\u00e9 en janvier\u00a02015 par d\u2019anciens membres de son entourage.<\/p>\n<p class=\" wall-content\">Sauf qu\u2019en novembre\u00a02017, il a clairement menac\u00e9 son premier adjoint de diffuser ces images, sans savoir que ce dernier l\u2019enregistrait. Et la bande-son de cet \u00e9change a \u00e9t\u00e9 produite mercredi par le tribunal correctionnel de Lyon.<\/p>\n<p class=\" wall-content\">\u00ab\u2009Une fois que c\u2019est sur les r\u00e9seaux, ce n\u2019est plus du chantage\u2009\u00bb, \u00ab\u2009c\u2019est une ex\u00e9cution\u2009\u00bb, l\u2019entend-on dire dans cette conversation anim\u00e9e.<\/p>\n<p class=\" wall-content\">Ga\u00ebl Perdriau semble par ailleurs conna\u00eetre l\u2019existence d\u2019un montage ne comportant que des extraits de la sc\u00e8ne compromettante\u2009: \u00ab\u2009\u00e7a, c\u2019est peut-\u00eatre une mise en sc\u00e8ne, mais le film complet, ce n\u2019est pas une mise en sc\u00e8ne\u2009\u00bb.<\/p>\n<p class=\" wall-content\">Quand Gilles Artigues lui demande s\u2019il est le commanditaire, le maire ne r\u00e9pond \u00ab\u2009absolument pas\u2009\u00bb. Mais ajoute\u2009: \u00ab\u2009On m\u2019a remis une cl\u00e9 USB o\u00f9 il y avait \u00e0 voir, tout ce qu\u2019il y avait \u00e0 voir\u2026\u2009\u00bb<\/p>\n<p>Votre r\u00e9gion, votre actu !<\/p>\n<p>Recevez chaque jour les infos qui comptent pour vous.<\/p>\n<p>\t<a href=\"https:\/\/actu.fr\/newsletter\" class=\"ac-btn ac-btn--corner ac-btn--medium ac-btn--blue800\" rel=\"nofollow noopener\" target=\"_blank\">S&rsquo;incrire<\/a><br \/>\n\u00ab\u2009Bluffe\u2009\u00bb<\/p>\n<p class=\" wall-content\">Confront\u00e9 \u00e0 ce document accablant, Ga\u00ebl Perdriau reconna\u00eet que ses propos ne sont \u00ab\u2009pas glorieux\u2009\u00bb et se dit \u00ab\u2009profond\u00e9ment attrist\u00e9\u2009\u00bb de savoir que ces \u00ab\u2009quelques minutes sordides\u2009\u00bb puissent \u00e9clipser ses trente ann\u00e9es d\u2019engagement dans la vie politique st\u00e9phanoise.<\/p>\n<p class=\" wall-content\">Il d\u00e9roule surtout point par point ses arguments pour tenter de minimiser leur poids.<br \/>D\u2019abord, quand il dit avoir la cl\u00e9 USB, il \u00ab\u2009bluffe\u2009\u00bb dans le cadre d\u2019un rapport de force avec Gilles Artigues, assure-t-il.<\/p>\n<p class=\" wall-content\">Ensuite, ses mots ont \u00ab\u2009d\u00e9pass\u00e9 sa pens\u00e9e\u2009\u00bb parce qu\u2019il \u00e9tait \u00ab\u2009en col\u00e8re\u2009\u00bb contre son premier adjoint, accus\u00e9 d\u2019\u00eatre d\u00e9loyal.<\/p>\n<p class=\" wall-content\">Il admet aussi qu\u2019il y a bien eu \u00ab\u2009menace, oui, mais du chantage, non\u2009! Il n\u2019y a pas de contrepartie demand\u00e9e\u2009\u00bb.<\/p>\n<p class=\" wall-content\">Gilles Artigues, qui a d\u00e9pos\u00e9 plainte pour chantage aggrav\u00e9 une fois la vid\u00e9o r\u00e9v\u00e9l\u00e9e par Mediapart en 2022, soutient, lui, qu\u2019il a \u00e9t\u00e9 oblig\u00e9 de mettre en sourdine ses ambitions sous peine de voir ce film r\u00e9v\u00e9l\u00e9.<\/p>\n<p>    <img   decoding=\"async\" loading=\"lazy\" src=\"https:\/\/www.europesays.com\/fr\/wp-content\/uploads\/2025\/09\/whatsapp-image-2025-09-22-at-103126-2-960x640.jpeg\" alt=\"Gilles Artigues, victime du chantage.\" width=\"960\" height=\"640\"\/><br \/>\n    Gilles Artigues, victime du chantage. (\u00a9Mathias Souteyrat \/ actu.fr)<\/p>\n<p class=\" wall-content\">Ga\u00ebl Perdriau assure que son premier adjoint n\u2019a jamais \u00e9t\u00e9 brim\u00e9. Mais \u00e0 la fin de leur \u00e9change de 2017, il lui lance\u2009: \u00ab\u2009Tu me fais chier avec ton existence politique propre\u2009\u00bb.<\/p>\n<p>\u00ab\u2009\u00c9quilibriste\u2009\u00bb<\/p>\n<p class=\" wall-content\">Les d\u00e9bats ont ensuite abord\u00e9 un autre \u00e9l\u00e9ment d\u00e9licat\u2009: le versement en\u00a02014 et\u00a02015 de deux subventions de 20.000 euros, prises sur la r\u00e9serve du maire, \u00e0 des associations qui les ont ensuite revers\u00e9es \u00e0 l\u2019auteur principal du pi\u00e8ge, Gilles Rossary-Lenglet.<\/p>\n<p class=\" wall-content\">Leur montant a sembl\u00e9 \u00ab\u2009exceptionnel\u2009\u00bb \u00e0 la pr\u00e9sidente du tribunal, qui a rappel\u00e9 qu\u2019en moyenne les subventions attribu\u00e9es sur cette r\u00e9serve \u00e9taient de 1.688 euros en 2014.<br \/>La magistrate s\u2019est \u00e9galement interrog\u00e9e sur le caract\u00e8re \u00ab\u2009d\u00e9rogatoire\u2009\u00bb et rapide de la proc\u00e9dure d\u2019attribution, ce qui a entra\u00een\u00e9 de longues explications de Ga\u00ebl Perdriau sur le fonctionnement du budget municipal.<\/p>\n<p>    <img   decoding=\"async\" loading=\"lazy\" src=\"https:\/\/www.europesays.com\/fr\/wp-content\/uploads\/2025\/09\/whatsapp-image-2025-09-24-at-201626-960x640.jpeg\" alt=\"\" width=\"960\" height=\"640\"\/><br \/>\n    \u00ab\u2009Il r\u00e9pond bien, mais il r\u00e9pond \u00e0 c\u00f4t\u00e9\u2009\u00bb, a ironis\u00e9 \u00e0 la suspension d\u2019audience l\u2019avocat des parties civiles, Andr\u00e9 Buffard. (\u00a9Mathias Souteyrat \/ actu.fr)<\/p>\n<p class=\" wall-content\">\u00ab\u2009Il r\u00e9pond bien, mais il r\u00e9pond \u00e0 c\u00f4t\u00e9\u2009\u00bb, a ironis\u00e9 \u00e0 la suspension d\u2019audience l\u2019avocat des parties civiles, Andr\u00e9 Buffard, raillant son \u00ab\u2009num\u00e9ro d\u2019\u00e9quilibriste\u2009\u00bb.<\/p>\n<p class=\" wall-content\">Interrog\u00e9 au total pendant une dizaine d\u2019heures, le maire est \u00e9galement revenu sur le t\u00e9moignage de son ancien directeur de cabinet qui, la veille, l\u2019avait accus\u00e9 d\u2019avoir donn\u00e9 le feu vert au projet de sextape. \u00ab\u2009Pierre Gauttieri se retourne contre moi sans doute pour att\u00e9nuer sa responsabilit\u00e9\u2009\u00bb, a-t-il suppos\u00e9.<\/p>\n<p class=\" wall-content\">\u00c0 quoi, ce dernier a r\u00e9torqu\u00e9\u2009: \u00ab\u2009En 2023, j\u2019ai craqu\u00e9, j\u2019en ai ras-le-bol de lire que je suis le seul responsable [\u2026] d\u00e9sol\u00e9, j\u2019ai un patron au-dessus de moi\u2009!\u2009\u00bb<\/p>\n<p class=\" wall-content\">Ga\u00ebl Perdriau encourt dix ans de prison et une peine d\u2019in\u00e9ligibilit\u00e9. Le proc\u00e8s durera jusqu\u2019\u00e0 lundi et le jugement sera sans doute mis en d\u00e9lib\u00e9r\u00e9.<\/p>\n<p class=\" wall-content\"><strong>AFP<\/strong><\/p>\n<p class=\" wall-content\">Personnalisez votre actualit\u00e9 en ajoutant vos villes et m\u00e9dias en favori avec <a href=\"https:\/\/moncompte.actu.fr\" title=\"D\u00e9couvez Mon Actu\" rel=\"nofollow noopener\" data-trk=\"{&quot;cta&quot;:{&quot;action&quot;:&quot;https:\\\/\\\/moncompte.actu.fr&quot;,&quot;category&quot;:&quot;mon compte&quot;,&quot;from&quot;:&quot;article footer&quot;,&quot;name&quot;:&quot;Mon actu&quot;,&quot;type&quot;:&quot;cta&quot;}}\" target=\"_blank\">Mon Actu<\/a>.<\/p>\n","protected":false},"excerpt":{"rendered":"Par R\u00e9daction Saint-\u00c9tienne Publi\u00e9 le 25 sept. 2025 \u00e0 9h35 \u00c0 la barre des pr\u00e9venus mercredi, le maire&hellip;\n","protected":false},"author":2,"featured_media":416456,"comment_status":"","ping_status":"","sticky":false,"template":"","format":"standard","meta":{"footnotes":""},"categories":[9653],"tags":[1111,11,2430,1777,674,1011,27,12242,303,12,25,4001,104],"class_list":{"0":"post-416455","1":"post","2":"type-post","3":"status-publish","4":"format-standard","5":"has-post-thumbnail","7":"category-saint-etienne","8":"tag-actu","9":"tag-actualites","10":"tag-auvergne-rhone-alpes","11":"tag-eu","12":"tag-europe","13":"tag-fr","14":"tag-france","15":"tag-gael-perdriau","16":"tag-justice","17":"tag-news","18":"tag-republique-francaise","19":"tag-saint-etienne","20":"tag-societe"},"share_on_mastodon":{"url":"https:\/\/pubeurope.com\/@fr\/115264896888963671","error":""},"_links":{"self":[{"href":"https:\/\/www.europesays.com\/fr\/wp-json\/wp\/v2\/posts\/416455","targetHints":{"allow":["GET"]}}],"collection":[{"href":"https:\/\/www.europesays.com\/fr\/wp-json\/wp\/v2\/posts"}],"about":[{"href":"https:\/\/www.europesays.com\/fr\/wp-json\/wp\/v2\/types\/post"}],"author":[{"embeddable":true,"href":"https:\/\/www.europesays.com\/fr\/wp-json\/wp\/v2\/users\/2"}],"replies":[{"embeddable":true,"href":"https:\/\/www.europesays.com\/fr\/wp-json\/wp\/v2\/comments?post=416455"}],"version-history":[{"count":0,"href":"https:\/\/www.europesays.com\/fr\/wp-json\/wp\/v2\/posts\/416455\/revisions"}],"wp:featuredmedia":[{"embeddable":true,"href":"https:\/\/www.europesays.com\/fr\/wp-json\/wp\/v2\/media\/416456"}],"wp:attachment":[{"href":"https:\/\/www.europesays.com\/fr\/wp-json\/wp\/v2\/media?parent=416455"}],"wp:term":[{"taxonomy":"category","embeddable":true,"href":"https:\/\/www.europesays.com\/fr\/wp-json\/wp\/v2\/categories?post=416455"},{"taxonomy":"post_tag","embeddable":true,"href":"https:\/\/www.europesays.com\/fr\/wp-json\/wp\/v2\/tags?post=416455"}],"curies":[{"name":"wp","href":"https:\/\/api.w.org\/{rel}","templated":true}]}}