{"id":416457,"date":"2025-09-25T12:18:55","date_gmt":"2025-09-25T12:18:55","guid":{"rendered":"https:\/\/www.europesays.com\/fr\/416457\/"},"modified":"2025-09-25T12:18:55","modified_gmt":"2025-09-25T12:18:55","slug":"une-date-avancee-un-prix-stable-et-des-anciens-tee-shirts-roses-collectes","status":"publish","type":"post","link":"https:\/\/www.europesays.com\/fr\/416457\/","title":{"rendered":"une date avanc\u00e9e, un prix stable, et des anciens tee-shirts roses collect\u00e9s"},"content":{"rendered":"<p>Trois, deux, un\u2026 C\u2019est dimanche 5 octobre que sera donn\u00e9 le top d\u00e9part de la course\/marche d\u2019Octobre rose, la 4e \u00e9dition organis\u00e9e au c\u0153ur de Nancy. Et pour ce nouveau rendez-vous, le NAM (Nancy Athl\u00e9tisme M\u00e9tropole), la Ville de Nancy et leurs partenaires remettent le couvert selon le m\u00eame mode op\u00e9ratoire. \u00c0 quelques nuances pr\u00e8s.<\/p>\n<p>  Un peu plus t\u00f4t<\/p>\n<p>Ce parcours de 5 km pour la bonne cause, celle de la lutte contre le cancer du sein, est cette fois propos\u00e9 le 1er dimanche du mois (jusqu\u2019\u00e0 pr\u00e9sent, c\u2019\u00e9tait plut\u00f4t mi-octobre). \u00ab Entre <a href=\"https:\/\/www.estrepublicain.fr\/culture-loisirs\/2025\/06\/12\/nancy-jazz-pulsations-2025-la-programmation-est-devoilee\" target=\"_blank\" rel=\"noopener\">le festival Nancy Jazz Pulsation<\/a> s, <a href=\"https:\/\/www.estrepublicain.fr\/environnement\/2025\/09\/22\/la-place-stanislas-se-transforme-pour-une-nouvelle-edition-du-jardin-ephemere\" target=\"_blank\" rel=\"noopener\">le Jardin \u00e9ph\u00e9m\u00e8re<\/a> et le reste, l\u2019agenda est d\u00e9j\u00e0 tr\u00e8s charg\u00e9 en octobre ; pour des raisons d\u2019organisation et de disponibilit\u00e9 des services municipaux, d\u00e9cision a donc \u00e9t\u00e9 prise, \u00e0 la demande de la Ville, d\u2019avancer la manifestation \u00bb, explique Pascal Thiebaut, de Thiebaut Sports Events, prestataire d\u2019une manifestation mobilisant quelque 150 b\u00e9n\u00e9voles, une quarantaine d\u2019agents et une cinquantaine de v\u00e9hicules.<\/p>\n<p>  Inscriptions et jour J : m\u00eame programme<\/p>\n<p>Le d\u00e9roul\u00e9 de la journ\u00e9e, lui, ne bouge pas, avec un point de ralliement place de la Carri\u00e8re, au pied du Palais du Gouverneur, pour un \u00e9chauffement collectif vers 10 h 15 (apr\u00e8s les discours officiels pr\u00e9vus \u00e0 10 h) puis un d\u00e9part donn\u00e9 vers 10 h 30, avec arriv\u00e9e et ravitaillement place de la Carri\u00e8re. Comme d\u2019habitude, ni chrono ni classement, donc pas besoin de certificat m\u00e9dical.<\/p>\n<p>Pour participer, les inscriptions (ouvertes depuis quelques jours) se font sur internet, sur le site www.chronopro.net. <\/p>\n<p>Possibilit\u00e9 \u00e9galement de s\u2019inscrire (mais pour 15 \u20ac, dans ce cas) salle Chepfer (en mairie de Nancy) vendredi 3 de 11 h \u00e0 19 h et samedi 4 octobre de 9 h \u00e0 12 h et de 13 h \u00e0 18 h 30, ces deux jours permettant par ailleurs de retirer le tee-shirt rose offert.<\/p>\n<p>  Parcours ajust\u00e9<\/p>\n<p>Vu les travaux en vielle ville, le parcours est l\u00e9g\u00e8rement ajust\u00e9 par rapport \u00e0 2024 : passage rue Callot et non pas rue Gustave-Simon, et 2e  passage devant le Palais du Gouverneur pour entrer dans la P\u00e9pini\u00e8re.<\/p>\n<p>  14 \u20ac, dont 7 \u20ac revers\u00e9s<\/p>\n<p>Apr\u00e8s plusieurs hausses par le pass\u00e9, le tarif se stabilise depuis 3 ans : 14 \u20ac\/ personne, \u00ab avec cette fois, 7 \u20ac revers\u00e9s \u00e0 la lutte contre le cancer \u00bb, souligne encore Pascal Thibaut, les partenariats avec <a href=\"https:\/\/www.estrepublicain.fr\/magazine-sante\/2024\/04\/14\/institut-de-cancerologie-de-lorraine-(icl)-fete-ses-100-ans-un-centre-pionnier-et-innovant-depuis-un-siecle\" target=\"_blank\" rel=\"noopener\">l\u2019ICL (Institut de Canc\u00e9rologie de Lorraine)<\/a> et le comit\u00e9 d\u00e9partemental de la Ligue contre le Cancer, \u00e9tant reconduits.<\/p>\n<p>  Anciens maillots collect\u00e9s<\/p>\n<p>\u00c0 la salle Chepfer les 3 et 4 octobre, comme le jour de la manifestation, \u00ab une collecte d\u2019anciens maillots roses, offerts les ann\u00e9es pr\u00e9c\u00e9dentes, sera organis\u00e9e \u00bb, pr\u00e9cise Axelle Picard, pr\u00e9sidente du NAM. \u00ab Ce, afin qu\u2019ils soient redistribu\u00e9s ou recycl\u00e9s, dans une d\u00e9marche de seconde main. \u00bb<\/p>\n","protected":false},"excerpt":{"rendered":"Trois, deux, un\u2026 C\u2019est dimanche 5 octobre que sera donn\u00e9 le top d\u00e9part de la course\/marche d\u2019Octobre rose,&hellip;\n","protected":false},"author":2,"featured_media":416458,"comment_status":"","ping_status":"","sticky":false,"template":"","format":"standard","meta":{"footnotes":""},"categories":[9635],"tags":[1111,11,1687,1704,1777,674,1011,27,775,1702,1703,12,25],"class_list":{"0":"post-416457","1":"post","2":"type-post","3":"status-publish","4":"format-standard","5":"has-post-thumbnail","7":"category-nancy","8":"tag-actu","9":"tag-actualites","10":"tag-culture-loisirs","11":"tag-edition-nancy-et-agglomeration","12":"tag-eu","13":"tag-europe","14":"tag-fr","15":"tag-france","16":"tag-grand-est","17":"tag-nancy","18":"tag-nancy-ville-54b","19":"tag-news","20":"tag-republique-francaise"},"share_on_mastodon":{"url":"https:\/\/pubeurope.com\/@fr\/115264904444903700","error":""},"_links":{"self":[{"href":"https:\/\/www.europesays.com\/fr\/wp-json\/wp\/v2\/posts\/416457","targetHints":{"allow":["GET"]}}],"collection":[{"href":"https:\/\/www.europesays.com\/fr\/wp-json\/wp\/v2\/posts"}],"about":[{"href":"https:\/\/www.europesays.com\/fr\/wp-json\/wp\/v2\/types\/post"}],"author":[{"embeddable":true,"href":"https:\/\/www.europesays.com\/fr\/wp-json\/wp\/v2\/users\/2"}],"replies":[{"embeddable":true,"href":"https:\/\/www.europesays.com\/fr\/wp-json\/wp\/v2\/comments?post=416457"}],"version-history":[{"count":0,"href":"https:\/\/www.europesays.com\/fr\/wp-json\/wp\/v2\/posts\/416457\/revisions"}],"wp:featuredmedia":[{"embeddable":true,"href":"https:\/\/www.europesays.com\/fr\/wp-json\/wp\/v2\/media\/416458"}],"wp:attachment":[{"href":"https:\/\/www.europesays.com\/fr\/wp-json\/wp\/v2\/media?parent=416457"}],"wp:term":[{"taxonomy":"category","embeddable":true,"href":"https:\/\/www.europesays.com\/fr\/wp-json\/wp\/v2\/categories?post=416457"},{"taxonomy":"post_tag","embeddable":true,"href":"https:\/\/www.europesays.com\/fr\/wp-json\/wp\/v2\/tags?post=416457"}],"curies":[{"name":"wp","href":"https:\/\/api.w.org\/{rel}","templated":true}]}}