{"id":416468,"date":"2025-09-25T12:25:11","date_gmt":"2025-09-25T12:25:11","guid":{"rendered":"https:\/\/www.europesays.com\/fr\/416468\/"},"modified":"2025-09-25T12:25:11","modified_gmt":"2025-09-25T12:25:11","slug":"le-signal-donne-nest-pas-le-bon-la-seine-maritime-ne-financera-plus-la-surveillance-de-la-qualite-de-lair-en-normandie","status":"publish","type":"post","link":"https:\/\/www.europesays.com\/fr\/416468\/","title":{"rendered":"\u00ab\u00a0Le signal donn\u00e9 n\u2019est pas le bon\u00a0\u00bb\u00a0: La Seine-Maritime ne financera plus la surveillance de la qualit\u00e9 de l\u2019air en Normandie"},"content":{"rendered":"<p class=\"paragraph text_align_left lp-f-body-02\">Le 15 septembre dernier, le conseil d\u00e9partemental de la Seine-Maritime a vot\u00e9 une r\u00e9duction de 50 % de sa subvention d\u2019<a href=\"https:\/\/www.leparisien.fr\/seine-maritime-76\/en-seine-maritime-des-familles-ont-renifle-les-polluants-10-01-2025-GHVYP54ZPBF77M463MF3PC2OFQ.php\" target=\"_blank\" rel=\"noreferrer noopener\">Atmo Normandie<\/a> pour 2025, avant son abandon total en 2026. D\u00e8s cette ann\u00e9e, l\u2019\u00e9conomie repr\u00e9sente 67 000 euros. La structure de surveillance de la qualit\u00e9 de l\u2019air, qui a f\u00eat\u00e9 ses 50 ans cette ann\u00e9e, n\u2019est pas pour autant menac\u00e9e : son budget \u00e9tait de 4,595 millions d\u2019euros en 2023.<\/p>\n<p class=\"paragraph text_align_left lp-f-body-02\">Mais la Seine-Maritime \u00e9tait jusque-l\u00e0 le seul des cinq d\u00e9partements de la r\u00e9gion \u00e0 financer l\u2019association, dont le but avec ses 45 salari\u00e9s et ses 48 stations d\u2019analyse est de \u00ab surveiller la qualit\u00e9 de l\u2019air, d\u2019informer les scientifiques et le public, de pr\u00e9venir la pr\u00e9fecture <a href=\"https:\/\/www.leparisien.fr\/environnement\/particules-fines-la-haute-savoie-la-normandie-et-le-vaucluse-traversent-un-episode-de-pollution-18-02-2025-NAY5WSYWYFCOHLDKT26QBH3S6E.php\" target=\"_blank\" rel=\"noreferrer noopener\">lors des pics de pollution<\/a> et de servir d\u2019experts lors des actions men\u00e9es par divers acteurs \u00bb d\u00e9taille V\u00e9ronique Delmas, la directrice. Alors, si la somme peut para\u00eetre n\u00e9gligeable, la d\u00e9cision a provoqu\u00e9 de nombreuses r\u00e9actions d\u2019associations environnementales et d\u2019\u00e9lus locaux.<\/p>\n<p>Des aides ponctuelles<\/p>\n<p class=\"paragraph text_align_left lp-f-body-02\">Vice-pr\u00e9sidente de la transition \u00e9cologique, de la ruralit\u00e9, de l\u2019agriculture et de l\u2019alimentation au d\u00e9partement de Seine-Maritime, C\u00e9cile Sineau-Patry insiste d\u2019entr\u00e9e sur le fait que \u00ab ce n\u2019est pas qu\u2019Atmo Normandie fasse un mauvais travail. Mais c\u2019est un sujet r\u00e9current depuis 2015, depuis la loi NOTRe \u00bb.<\/p>\n<p class=\"paragraph text_align_left lp-f-body-02\">Elle justifie le d\u00e9sengagement par deux arguments. Le premier, c\u2019est le choix de se recentrer \u00ab sur nos comp\u00e9tences obligatoires, notamment celles des actions sociales, car les contraintes budg\u00e9taires nous obligent \u00e0 \u00eatre davantage vigilants. Je rappellerais que notre collectivit\u00e9 \u00e9tait la plus endett\u00e9e de France \u00e0 notre arriv\u00e9e \u00bb.<\/p>\n<p class=\"paragraph text_align_left lp-f-body-02\">Son second argument est celui de la mise en place d\u2019un Ensuite, Plan Climat \u00c9nergie Territorial (PCET), en projet depuis 2020. \u00ab Nous faisons notre part du colibri. Par la politique qu\u2019on m\u00e8ne, nous faisons en sorte que l\u2019environnement s\u2019am\u00e9liore \u00bb, assure-t-elle. \u00ab Et puis, 67 000 euros ne vont pas manquer sur le budget de l\u2019association, surtout que le pr\u00e9sident du conseil d\u00e9partemental, Bertrand Bellanger, a propos\u00e9 de valider ponctuellement des aides pour des projets, <a href=\"https:\/\/www.leparisien.fr\/seine-maritime-76\/incendie-de-lubrizol-a-rouen-cinq-ans-apres-toutes-les-lecons-de-la-catastrophe-nont-pas-toutes-ete-tirees-26-09-2024-AM5ZHAH5CNG5NEVIRW3OXWBUHU.php\" target=\"_blank\" rel=\"noreferrer noopener\">comme lors de l\u2019incendie de Lubrizol<\/a>, o\u00f9 du mat\u00e9riel de pointe a \u00e9t\u00e9 achet\u00e9. \u00bb<\/p>\n<p>\u00ab \u00c7a ne va pas motiver d\u2019autres \u00e0 s\u2019engager \u00bb<\/p>\n<p class=\"paragraph text_align_left lp-f-body-02\">Vieux loup de la politique normande (ancien conseil d\u00e9partemental,, d\u00e9put\u00e9 et maire de Sainneville-sur-Seine, pr\u00e8s du Havre), Denis Merville, pr\u00e9sident d\u2019Atmo Normandie depuis 1982, ne d\u00e9ment pas tous ces arguments, mais pointe un risque politique, avec le d\u00e9sengagement du d\u00e9partement. En effet, quatre groupes sont repr\u00e9sent\u00e9s au conseil d\u2019administration de la structure : l\u2019\u00c9tat, des associations, des collectivit\u00e9s locales et des entreprises.<\/p>\n<p class=\"paragraph text_align_left lp-f-body-02\">\u00ab Dans la gouvernance, depuis toujours, on fait attention de rester neutre. \u00c0 ce qu\u2019on ne devienne pas un outil des industriels s\u2019ils deviennent majoritaires dans notre budget \u00bb, pointe le pr\u00e9sident, qui admet avoir \u00e9t\u00e9 pr\u00e9venu il y a un an par le pr\u00e9sident du conseil d\u00e9partemental, \u00ab mais pas pour une application brutale. Et puis, c\u2019est dommage, car c\u2019est un mouvement qui ne va pas motiver d\u2019autres \u00e0 s\u2019engager \u00bb.<\/p>\n<p class=\"paragraph text_align_left lp-f-body-02\">En pratique, ce retrait risque d\u2019avoir des cons\u00e9quences sur la sant\u00e9 des Normands, souligne-t-il : \u00ab Il y a de plus en plus d\u2019asthmatiques dans la vall\u00e9e de la Seine. Cette subvention sert au fonctionnement. Alors, qu\u2019est-ce qu\u2019on arr\u00eate ? Il faut des gens pour faire fonctionner nos \u00e9quipements. 67 000 euros, c\u2019est un ou deux collaborateurs. C\u2019est une question qui devra \u00eatre tranch\u00e9e. \u00bb<\/p>\n<p>Le co\u00fbt de la science<\/p>\n<p class=\"paragraph text_align_left lp-f-body-02\">Aussit\u00f4t la d\u00e9lib\u00e9ration publi\u00e9e, des associations environnementales (France Nature environnement, Effet de serre toi-m\u00eame, UFC Que choisir Rouen, \u00c9cologie pour Le Havre, \u00c9vreux Nature Environnement, URML Normandie, CREPAN) ont publi\u00e9 un communiqu\u00e9 commun d\u00e9non\u00e7ant \u00ab un choix politique pour un sujet d\u2019int\u00e9r\u00eat g\u00e9n\u00e9ral \u00bb.<\/p>\n<p class=\"paragraph text_align_left lp-f-body-02\">C\u2019est \u00ab un sujet qui int\u00e9resse les personnes fragiles, atteintes de maladies chroniques, les personnes \u00e2g\u00e9es et angoiss\u00e9es \u00bb, insiste pour sa part Guillaume Grima, pr\u00e9sident d\u2019Effet de serre toi-m\u00eame. \u00ab La qualit\u00e9 de l\u2019air entra\u00eene des cons\u00e9quences importantes sur la sant\u00e9. Toute une partie de la population est int\u00e9ress\u00e9e. <a href=\"https:\/\/www.leparisien.fr\/environnement\/incendie-lubrizol-a-rouen-lincident-a-affecte-la-sante-physique-et-mentale-des-habitants-selon-une-etude-05-07-2021-X2Z5HSM5RNBP5IPHUATULWI4NY.php\" target=\"_blank\" rel=\"noreferrer noopener\">On l\u2019a vu lors de l\u2019incendie de Lubrizol<\/a>, o\u00f9 imm\u00e9diatement les r\u00e9seaux sociaux ont \u00e9t\u00e9 submerg\u00e9s. \u00bb<\/p>\n<p class=\"paragraph text_align_left lp-f-body-02\">\u00ab Le financement d\u2019Atmo Normandie est fondamental pour que l\u2019association reste r\u00e9active \u00bb, ajoute-t-il. \u00ab La vraie science a un co\u00fbt et, m\u00eame si cela n\u2019est pas dans ses comp\u00e9tences, rien n\u2019emp\u00eache le d\u00e9partement de Seine-Maritime de payer. Cela repr\u00e9sente 0,0028 % de son budget global. C\u2019est d\u00e9raisonnable et une l\u00e2chet\u00e9. Le d\u00e9partement peut se montrer volontariste. \u00bb<\/p>\n<p class=\"paragraph text_align_left lp-f-body-02\">M\u00eame son de cloche pour le conseiller d\u00e9partemental Les \u00c9cologistes Jean-Michel B\u00e9r\u00e9govoy, qui rappelle \u00ab que nous sommes sur un d\u00e9partement qui a plusieurs usines chimiques. Le signal donn\u00e9 n\u2019est pas le bon, surtout sur ce territoire martyris\u00e9 par cinq pollutions importantes ces derni\u00e8res ann\u00e9es. La population regarde cela d\u2019un \u0153il inquiet. Notre groupe va demander qu\u2019on r\u00e9introduise cette subvention dans le budget d\u2019Atmo Normandie, ou alors que le pr\u00e9sident Bellanger propose d\u2019autres solutions \u00e0 hauteur de la somme. Sinon, il y aura quelque chose de l\u2019apprenti-sorcier \u00bb.<\/p>\n","protected":false},"excerpt":{"rendered":"Le 15 septembre dernier, le conseil d\u00e9partemental de la Seine-Maritime a vot\u00e9 une r\u00e9duction de 50 % de&hellip;\n","protected":false},"author":2,"featured_media":416469,"comment_status":"","ping_status":"","sticky":false,"template":"","format":"standard","meta":{"footnotes":""},"categories":[9587],"tags":[1111,917,11,459,1777,674,1011,27,3746,12,5161,25,9590,11074],"class_list":{"0":"post-416468","1":"post","2":"type-post","3":"status-publish","4":"format-standard","5":"has-post-thumbnail","7":"category-rouen","8":"tag-actu","9":"tag-actu-locale","10":"tag-actualites","11":"tag-departements-horsidfo","12":"tag-eu","13":"tag-europe","14":"tag-fr","15":"tag-france","16":"tag-futurs","17":"tag-news","18":"tag-normandie","19":"tag-republique-francaise","20":"tag-rouen","21":"tag-seine-maritime-76"},"share_on_mastodon":{"url":"https:\/\/pubeurope.com\/@fr\/115264928118958263","error":""},"_links":{"self":[{"href":"https:\/\/www.europesays.com\/fr\/wp-json\/wp\/v2\/posts\/416468","targetHints":{"allow":["GET"]}}],"collection":[{"href":"https:\/\/www.europesays.com\/fr\/wp-json\/wp\/v2\/posts"}],"about":[{"href":"https:\/\/www.europesays.com\/fr\/wp-json\/wp\/v2\/types\/post"}],"author":[{"embeddable":true,"href":"https:\/\/www.europesays.com\/fr\/wp-json\/wp\/v2\/users\/2"}],"replies":[{"embeddable":true,"href":"https:\/\/www.europesays.com\/fr\/wp-json\/wp\/v2\/comments?post=416468"}],"version-history":[{"count":0,"href":"https:\/\/www.europesays.com\/fr\/wp-json\/wp\/v2\/posts\/416468\/revisions"}],"wp:featuredmedia":[{"embeddable":true,"href":"https:\/\/www.europesays.com\/fr\/wp-json\/wp\/v2\/media\/416469"}],"wp:attachment":[{"href":"https:\/\/www.europesays.com\/fr\/wp-json\/wp\/v2\/media?parent=416468"}],"wp:term":[{"taxonomy":"category","embeddable":true,"href":"https:\/\/www.europesays.com\/fr\/wp-json\/wp\/v2\/categories?post=416468"},{"taxonomy":"post_tag","embeddable":true,"href":"https:\/\/www.europesays.com\/fr\/wp-json\/wp\/v2\/tags?post=416468"}],"curies":[{"name":"wp","href":"https:\/\/api.w.org\/{rel}","templated":true}]}}