{"id":416476,"date":"2025-09-25T12:29:16","date_gmt":"2025-09-25T12:29:16","guid":{"rendered":"https:\/\/www.europesays.com\/fr\/416476\/"},"modified":"2025-09-25T12:29:16","modified_gmt":"2025-09-25T12:29:16","slug":"en-soutien-a-la-palestine-luniversite-rennes-2-bloquee-par-des-etudiants-ce-jeudi","status":"publish","type":"post","link":"https:\/\/www.europesays.com\/fr\/416476\/","title":{"rendered":"En \u00ab\u00a0soutien \u00e0 la Palestine\u00a0\u00bb, l\u2019Universit\u00e9 Rennes 2\u00a0bloqu\u00e9e par des \u00e9tudiants ce jeudi"},"content":{"rendered":"<p>Nouvelle ann\u00e9e et d\u00e9j\u00e0 de nouveaux blocages pour l\u2019Universit\u00e9 <a href=\"https:\/\/rennes.maville.com\/info\/info-locale\/\" target=\"_self\" rel=\"noopener\">Rennes<\/a> 2. T\u00f4t, ce jeudi 25\u00a0septembre 2025, le campus de Villejean a \u00e9t\u00e9 bloqu\u00e9 par des \u00e9tudiants qui entendent d\u00e9noncer <strong>\u00ab\u00a0le g\u00e9nocide en Palestine et la casse du service public\u00a0\u00bb<\/strong> en France. Des panneaux tagu\u00e9s avec des inscriptions comme <strong>\u00ab\u00a0soutien aux flottilles\u00a0\u00bb<\/strong>, ou <strong>\u00ab\u00a0tous les yeux riv\u00e9s vers la Palestine\u00a0\u00bb<\/strong>, ont \u00e9t\u00e9 utilis\u00e9s pour bloquer l\u2019entr\u00e9e de certains b\u00e2timents.<\/p>\n<p><strong>Lire aussi\u00a0:<\/strong>\u00a0<a href=\"https:\/\/rennes.maville.com\/actu\/actudet_-la-deputee-lfi-d-ille-et-vilaine-marie-mesmeur-navigue-vers-gaza-nous-sommes-attaques-_52674-6990760_actu.Htm\" rel=\"nofollow noopener\" target=\"_blank\">La d\u00e9put\u00e9e LFI d\u2019Ille-et-Vilaine Marie Mesmeur navigue vers Gaza\u00a0: \u00ab\u00a0Nous sommes attaqu\u00e9s\u00a0!\u00a0\u00bb<\/a><\/p>\n<p>\n                Nous avons bloqu\u00e9 l\u2019affichage de ce contenu pour respecter vos choix en mati\u00e8re de cookies.<br \/>En cliquant sur \u00abConsulter\u00bb, vous acceptez le d\u00e9p\u00f4t de cookies par des services de r\u00e9seaux sociaux tels que Twitter.<br \/>\n                Consulter\n            <\/p>\n<blockquote class=\"twitter-tweet\" wp_automatic_readability=\"7.56\">\n<p lang=\"fr\" dir=\"ltr\">?? RENNES 2 BLOQU\u00c9E EN SOUTIEN AUX FLOTILLES POUR GAZA ????<\/p>\n<p>L\u2019AG de Rennes 2 a d\u00e9cid\u00e9 qu\u2019\u00e0 chaque fois que les flottilles seraient attaqu\u00e9es, Rennes 2 r\u00e9pondra par la mobilisation ! <a href=\"https:\/\/t.co\/BXFcjaROhk\">pic.twitter.com\/BXFcjaROhk<\/a><\/p>\n<p>\u2014 Le Poing Lev\u00e9 Rennes (@LPL_Rennes) <a href=\"https:\/\/twitter.com\/LPL_Rennes\/status\/1971078756535239013?ref_src=twsrc%5Etfw\" target=\"_blank\" rel=\"noopener\">September 25, 2025<\/a><\/p><\/blockquote>\n<p>Manifestation \u00e0 13 h<\/p>\n<p>La mobilisation s\u2019\u00e9tait organis\u00e9e d\u00e8s la veille, \u00e0 la suite d\u2019une assembl\u00e9e g\u00e9n\u00e9rale, avant d\u2019\u00eatre partag\u00e9e sur les r\u00e9seaux sociaux. Sur Instagram, l\u2019assembl\u00e9e g\u00e9n\u00e9rale de Rennes 2\u00a0avait notamment donn\u00e9 rendez-vous d\u00e8s 6\u00a0h\u00a030 aux \u00e9tudiants mobilis\u00e9s <strong>\u00ab\u00a0pour un blocage matinal\u00a0\u00bb<\/strong>. Une manifestation devrait se tenir plus tard dans la journ\u00e9e, avec un d\u00e9part depuis la facult\u00e9, vers 13\u00a0h.<\/p>\n<p>Cours annul\u00e9s et BU ferm\u00e9e<\/p>\n<p>Dans un communiqu\u00e9, l\u2019universit\u00e9 annonce ce matin que <strong>\u00ab\u00a0les activit\u00e9s administratives, p\u00e9dagogiques, culturelles et de recherche sont suspendues aujourd\u2019hui sur le site de Villejean\u00a0\u00bb<\/strong>.<\/p>\n<p>M\u00eame chose pour les biblioth\u00e8ques, qui \u00ab <strong>\u00e0 l\u2019exception de la BU STAPS, resteront ferm\u00e9es aujourd\u2019hui et les activit\u00e9s qui devaient s\u2019y d\u00e9rouler sont suspendues\u00a0\u00bb.<\/strong><\/p>\n<p>Enfin, sur ses r\u00e9seaux sociaux, l\u2019universit\u00e9 a annonc\u00e9 l\u2019annulation de la journ\u00e9e de la mobilit\u00e9, qui devait se tenir ce jeudi 25\u00a0septembre sur le campus Villejean, avec, au programme, des animations gratuites et des rencontres pour adopter des modes de d\u00e9placement doux et alternatifs.<\/p>\n<p>\u00a0<\/p>\n<p>\t\t<script async src=\"https:\/\/platform.twitter.com\/widgets.js\" charset=\"utf-8\"><\/script><\/p>\n","protected":false},"excerpt":{"rendered":"Nouvelle ann\u00e9e et d\u00e9j\u00e0 de nouveaux blocages pour l\u2019Universit\u00e9 Rennes 2. T\u00f4t, ce jeudi 25\u00a0septembre 2025, le campus&hellip;\n","protected":false},"author":2,"featured_media":416477,"comment_status":"","ping_status":"","sticky":false,"template":"","format":"standard","meta":{"footnotes":""},"categories":[2821],"tags":[5742,1111,11,21701,829,6379,1777,674,1011,27,9272,4659,12,3518,3086,584,25,7618,5768],"class_list":{"0":"post-416476","1":"post","2":"type-post","3":"status-publish","4":"format-standard","5":"has-post-thumbnail","7":"category-rennes","8":"tag-5742","9":"tag-actu","10":"tag-actualites","11":"tag-bloquee","12":"tag-bretagne","13":"tag-etudiants","14":"tag-eu","15":"tag-europe","16":"tag-fr","17":"tag-france","18":"tag-jeudi","19":"tag-matin","20":"tag-news","21":"tag-palestine","22":"tag-redon","23":"tag-rennes","24":"tag-republique-francaise","25":"tag-soutien","26":"tag-universite"},"share_on_mastodon":{"url":"https:\/\/pubeurope.com\/@fr\/115264943779668288","error":""},"_links":{"self":[{"href":"https:\/\/www.europesays.com\/fr\/wp-json\/wp\/v2\/posts\/416476","targetHints":{"allow":["GET"]}}],"collection":[{"href":"https:\/\/www.europesays.com\/fr\/wp-json\/wp\/v2\/posts"}],"about":[{"href":"https:\/\/www.europesays.com\/fr\/wp-json\/wp\/v2\/types\/post"}],"author":[{"embeddable":true,"href":"https:\/\/www.europesays.com\/fr\/wp-json\/wp\/v2\/users\/2"}],"replies":[{"embeddable":true,"href":"https:\/\/www.europesays.com\/fr\/wp-json\/wp\/v2\/comments?post=416476"}],"version-history":[{"count":0,"href":"https:\/\/www.europesays.com\/fr\/wp-json\/wp\/v2\/posts\/416476\/revisions"}],"wp:featuredmedia":[{"embeddable":true,"href":"https:\/\/www.europesays.com\/fr\/wp-json\/wp\/v2\/media\/416477"}],"wp:attachment":[{"href":"https:\/\/www.europesays.com\/fr\/wp-json\/wp\/v2\/media?parent=416476"}],"wp:term":[{"taxonomy":"category","embeddable":true,"href":"https:\/\/www.europesays.com\/fr\/wp-json\/wp\/v2\/categories?post=416476"},{"taxonomy":"post_tag","embeddable":true,"href":"https:\/\/www.europesays.com\/fr\/wp-json\/wp\/v2\/tags?post=416476"}],"curies":[{"name":"wp","href":"https:\/\/api.w.org\/{rel}","templated":true}]}}