{"id":416485,"date":"2025-09-25T12:34:13","date_gmt":"2025-09-25T12:34:13","guid":{"rendered":"https:\/\/www.europesays.com\/fr\/416485\/"},"modified":"2025-09-25T12:34:13","modified_gmt":"2025-09-25T12:34:13","slug":"le-jihadiste-adrien-guihal-sera-juge-en-irak-avec-46-autres-francais","status":"publish","type":"post","link":"https:\/\/www.europesays.com\/fr\/416485\/","title":{"rendered":"le jihadiste Adrien Guihal sera jug\u00e9 en Irak avec 46\u00a0autres fran\u00e7ais"},"content":{"rendered":"<p class=\"fs-5 \">Le jihadiste fran\u00e7ais Adrien Guihal, qui avait revendiqu\u00e9 au nom du groupe Etat islamique <strong>l\u2019attentat meurtrier de Nice en juillet 2016<\/strong>, sera jug\u00e9 en Irak aux c\u00f4t\u00e9s de 46 ressortissants fran\u00e7ais r\u00e9cemment transf\u00e9r\u00e9s de Syrie, a annonc\u00e9 jeudi une source irakienne proche de l\u2019enqu\u00eate.<\/p>\n<p class=\"fs-5 \">Ce jihadiste connu des autorit\u00e9s fran\u00e7aises, vis\u00e9 par un mandat d\u2019arr\u00eat international depuis 2015, <strong>avait notamment pr\u00eat\u00e9 sa voix \u00e0 la revendication audio de l\u2019attentat de Nice, qui a fait 86 morts le 14 juillet 2016<\/strong>, jour la f\u00eate nationale, dans cette ville du sud de la France.<\/p>\n<p class=\"fs-5 \">C\u2019est aussi par sa voix que l\u2019EI a revendiqu\u00e9 l\u2019assassinat \u00e0 Magnanville, pr\u00e8s de Paris, d\u2019un couple de policiers en juin 2016.<\/p>\n<p>            <img decoding=\"async\" src=\"https:\/\/www.europesays.com\/fr\/wp-content\/uploads\/2025\/09\/bfeaef9_upload-from-url-1-peyt07kdmgqd-tyexq6x6d5dn7mxgr45sa74kaa-tpolaeps-faeqcqyi.webp.jpeg\" loading=\"lazy\" alt=\"\" class=\"img-fluid position-absolute w-100 object-fit-coverrounded-2\" width=\"600\" height=\"400\"\/><\/p>\n<p class=\"fs-5 \">\u00ab\u00a0Adrien Guihal, alias Abou Oussama al-Faransi, fait toujours l\u2019objet d\u2019une enqu\u00eate\u00a0\u00bb et a \u00e9t\u00e9 transf\u00e9r\u00e9 en Irak \u00ab\u00a0il y a deux mois avec 46 autres Fran\u00e7ais qui seront jug\u00e9s ici\u00a0\u00bb, a d\u00e9clar\u00e9 \u00e0 l\u2019AFP cette source s\u2019exprimant sous couvert de l\u2019anonymat.<\/p>\n<p class=\"fs-5 \">Adrien Guihal, \u00e2g\u00e9 d\u2019une quarantaine d\u2019ann\u00e9es et dont la famille en France avait demand\u00e9 en vain le rapatriement, est consid\u00e9r\u00e9 comme l\u2019un des membres fran\u00e7ais les plus dangereux du groupe Etat islamique, qui s\u2019\u00e9tait empar\u00e9 de vastes territoires en Irak et en Syrie avant de s\u2019effondrer en 2019.<\/p>\n<p class=\"fs-5 \">Il avait rejoint l\u2019EI en 2015 avant d\u2019\u00eatre arr\u00eat\u00e9 en mai 2018 \u00e0 Raqa, en Syrie, dont l\u2019EI avait fait la capitale de son \u00ab\u00a0califat\u00a0\u00bb transfrontalier proclam\u00e9 en 2104.<\/p>\n<p class=\"fs-5 \">Il a pass\u00e9 plusieurs ann\u00e9es dans des prisons kurdes en Syrie avant d\u2019\u00eatre transf\u00e9r\u00e9 en juillet en Irak en compagnie de 46 autres Fran\u00e7ais vis\u00e9s par des enqu\u00eates pour leur implication pr\u00e9sum\u00e9e dans des crimes commis par l\u2019EI.<\/p>\n<p class=\"fs-5 \">\u00ab\u00a0Les interrogatoires des 47 ressortissants fran\u00e7ais se poursuivent\u00a0\u00bb, a ajout\u00e9 la source irakienne, ajoutant que leur appartenance au groupe jihadiste \u00ab\u00a0a \u00e9t\u00e9 prouv\u00e9e\u00a0\u00bb.<\/p>\n<p class=\"fs-5 \">La semaine derni\u00e8re, les services de renseignement irakiens avaient annonc\u00e9 que les suspects \u00e9taient \u00ab\u00a0recherch\u00e9s par la justice irakienne pour leur implication dans des crimes terroristes commis en Irak\u00a0\u00bb.<\/p>\n<p>            <img decoding=\"async\" src=\"https:\/\/www.europesays.com\/fr\/wp-content\/uploads\/2025\/09\/84f1940_upload-from-url-1-hde57oodq2yw-tyexq6x6d5dn7mxgr45sa74kaa-tpolaeps.jpg\" loading=\"lazy\" alt=\"\" class=\"img-fluid position-absolute w-100 object-fit-coverrounded-2\" width=\"600\" height=\"400\"\/><\/p>\n<p>                                                                                Des centaines de condamnations<\/p>\n<p class=\"fs-5 \">Les tribunaux irakiens ont prononc\u00e9 des centaines de condamnations \u00e0 mort et de peines de prison \u00e0 perp\u00e9tuit\u00e9 contre des personnes reconnues coupables de \u00ab\u00a0terrorisme\u00a0\u00bb, y compris des centaines de combattants \u00e9trangers de l\u2019EI, dont certains captur\u00e9s en Syrie et transf\u00e9r\u00e9s de l\u2019autre c\u00f4t\u00e9 de la fronti\u00e8re.<\/p>\n<p class=\"fs-5 \">En 2019, ils ont condamn\u00e9 \u00e0 mort 11 ressortissants fran\u00e7ais, dont la peine a \u00e9t\u00e9 commu\u00e9e en appel en prison \u00e0 perp\u00e9tuit\u00e9, selon une source judiciaire.<\/p>\n<p class=\"fs-5 \">Des groupes de d\u00e9fense des droits humains ont d\u00e9nonc\u00e9 le caract\u00e8re pr\u00e9cipit\u00e9 de ces proc\u00e8s pour \u00ab\u00a0terrorisme\u00a0\u00bb.<\/p>\n<p class=\"fs-5 \">En Irak, o\u00f9 il existe encore des fosses communes, de nombreux t\u00e9moignages sur les violences commises par l\u2019EI doivent encore \u00eatre recueillis.<\/p>\n<p class=\"fs-5 \">En 2024, apr\u00e8s la fin de la mission d\u2019enqu\u00eate des Nations unies sur ces crimes,<strong> l\u2019Irak a cr\u00e9\u00e9 un Centre national pour la coop\u00e9ration judiciaire internationale<\/strong>, charg\u00e9 de documenter les crimes du groupe jihadiste et d\u2019assurer la coordination avec les diff\u00e9rents pays concern\u00e9s.<\/p>\n<p class=\"fs-5 \">En France, un pays qui fut la cible des jihadistes au cours de la d\u00e9cennie pass\u00e9e, le rapatriement des suspects et de leur famille reste un sujet tr\u00e8s sensible.<\/p>\n<p class=\"fs-5 \">Paris a seulement rapatri\u00e9 jusqu\u2019\u00e0 pr\u00e9sent 179 enfants et 60 femmes, dont la plupart \u00e9taient d\u00e9tenus dans des camps en Syrie.<\/p>\n<p class=\"fs-5 \">Originaire de Seine-Saint-Denis, pr\u00e8s de Paris, converti \u00e0 l\u2019islam en 2002, Adrien Guihal avait \u00e9t\u00e9 arr\u00eat\u00e9 six ans plus tard pour un projet d\u2019attentat contre le b\u00e2timent des renseignements g\u00e9n\u00e9raux \u00e0 Paris. <strong>A sa sortie de prison, en 2012, il avait codirig\u00e9 un garage automobile en r\u00e9gion parisienne, fr\u00e9quent\u00e9 par d\u2019autres jihadistes.<\/strong><\/p>\n<p class=\"fs-5 \">En d\u00e9cembre 2022, sa m\u00e8re a demand\u00e9 au minist\u00e8re des Affaires \u00e9trang\u00e8res son rapatriement, refus\u00e9 implicitement par ce minist\u00e8re puis par la justice administrative qui s\u2019\u00e9tait d\u00e9clar\u00e9e incomp\u00e9tente.<\/p>\n<p>            <img decoding=\"async\" src=\"https:\/\/www.europesays.com\/fr\/wp-content\/uploads\/2025\/09\/c2381cb_upload-from-url-1-h8fsw6xaagme-371628-01-02-17105781.jpg\" loading=\"lazy\" alt=\"Depuis le d\u00e9but de l'offensive turque dans le nord du pays, des centaines de djihadistes ou familles de combattants se sont \u00e9vad\u00e9s de prisons contr\u00f4l\u00e9es par les Kurdes. \" class=\"img-fluid position-absolute w-100 object-fit-coverrounded-2\" width=\"600\" height=\"400\"\/><\/p>\n","protected":false},"excerpt":{"rendered":"Le jihadiste fran\u00e7ais Adrien Guihal, qui avait revendiqu\u00e9 au nom du groupe Etat islamique l\u2019attentat meurtrier de Nice&hellip;\n","protected":false},"author":2,"featured_media":416486,"comment_status":"","ping_status":"","sticky":false,"template":"","format":"standard","meta":{"footnotes":""},"categories":[2819],"tags":[1111,11,54661,1777,674,1011,27,12,2401,882,25],"class_list":{"0":"post-416485","1":"post","2":"type-post","3":"status-publish","4":"format-standard","5":"has-post-thumbnail","7":"category-nice","8":"tag-actu","9":"tag-actualites","10":"tag-attentatnice","11":"tag-eu","12":"tag-europe","13":"tag-fr","14":"tag-france","15":"tag-news","16":"tag-nice","17":"tag-provence-alpes-cote-dazur","18":"tag-republique-francaise"},"share_on_mastodon":{"url":"https:\/\/pubeurope.com\/@fr\/115264965979453397","error":""},"_links":{"self":[{"href":"https:\/\/www.europesays.com\/fr\/wp-json\/wp\/v2\/posts\/416485","targetHints":{"allow":["GET"]}}],"collection":[{"href":"https:\/\/www.europesays.com\/fr\/wp-json\/wp\/v2\/posts"}],"about":[{"href":"https:\/\/www.europesays.com\/fr\/wp-json\/wp\/v2\/types\/post"}],"author":[{"embeddable":true,"href":"https:\/\/www.europesays.com\/fr\/wp-json\/wp\/v2\/users\/2"}],"replies":[{"embeddable":true,"href":"https:\/\/www.europesays.com\/fr\/wp-json\/wp\/v2\/comments?post=416485"}],"version-history":[{"count":0,"href":"https:\/\/www.europesays.com\/fr\/wp-json\/wp\/v2\/posts\/416485\/revisions"}],"wp:featuredmedia":[{"embeddable":true,"href":"https:\/\/www.europesays.com\/fr\/wp-json\/wp\/v2\/media\/416486"}],"wp:attachment":[{"href":"https:\/\/www.europesays.com\/fr\/wp-json\/wp\/v2\/media?parent=416485"}],"wp:term":[{"taxonomy":"category","embeddable":true,"href":"https:\/\/www.europesays.com\/fr\/wp-json\/wp\/v2\/categories?post=416485"},{"taxonomy":"post_tag","embeddable":true,"href":"https:\/\/www.europesays.com\/fr\/wp-json\/wp\/v2\/tags?post=416485"}],"curies":[{"name":"wp","href":"https:\/\/api.w.org\/{rel}","templated":true}]}}