{"id":416490,"date":"2025-09-25T12:39:16","date_gmt":"2025-09-25T12:39:16","guid":{"rendered":"https:\/\/www.europesays.com\/fr\/416490\/"},"modified":"2025-09-25T12:39:16","modified_gmt":"2025-09-25T12:39:16","slug":"en-1987-30-000-personnes-reunies-pour-la-nuit-gironde-a-bordeaux","status":"publish","type":"post","link":"https:\/\/www.europesays.com\/fr\/416490\/","title":{"rendered":"En 1987, 30\u00a0000\u00a0personnes r\u00e9unies pour la Nuit Gironde\u00a0\u00e0 Bordeaux"},"content":{"rendered":"<p>Depuis l\u00e0-haut, le Bon Dieu devait \u00eatre bien songeur. S\u2019il avait eu tout cela, autrefois, pour le grand boum, peut-\u00eatre que tout en aurait \u00e9t\u00e9 modifi\u00e9. Pensez\u00a0: des canons \u00e0 photos pour se faire une id\u00e9e de la cr\u00e9ation\u00a0; des kilowatts de sono pour \u00e9couter p\u00e9pier les petits oiseaux ou rouler la mer\u00a0; sept cents projecteurs pour faire toute la lumi\u00e8re l\u00e0 et encore l\u00e0\u00a0; et puis, pour le septi\u00e8me jour, des feux de Bengale comme s\u2019il en pleuvait, comme s\u2019il en \u00e9clatait, qui fileraient et gicleraient et z\u00e9breraient un ciel tout neuf.<\/p>\n<p>        <img decoding=\"async\" id=\"26062716\" src=\"https:\/\/www.europesays.com\/fr\/wp-content\/uploads\/2025\/09\/sudouest-photo-1-35198894.jpg\" alt=\"Devant 30\u00a0000\u00a0personnes, a lieu, place de la Bourse, la f\u00eate de la lumi\u00e8re, de l\u2019image, de la musique, lors de la Nuit Gironde, le 25\u00a0septembre 1987 \u00e0 Bordeaux.\" itemprop=\"contentURL\"\/><\/p>\n<p>    Devant 30\u00a0000\u00a0personnes, a lieu, place de la Bourse, la f\u00eate de la lumi\u00e8re, de l\u2019image, de la musique, lors de la Nuit Gironde, le 25\u00a0septembre 1987 \u00e0 Bordeaux.<\/p>\n<p>Archives Michel Lacroix\u00a0\/\u00a0Sud Ouest<\/p>\n<p>Le Bon Dieu devait \u00eatre bien songeur. En constatant que les hommes n\u2019arr\u00eataient pas de faire du plus en plus grand. Depuis la fin d\u2019apr\u00e8s-midi, ils avan\u00e7aient. En files \u00e9tir\u00e9es dans <a href=\"https:\/\/www.sudouest.fr\/redaction\/insolite\/dans-le-retro-de-bordeaux-le-cours-de-l-intendance-est-un-ancien-fosse-2429633.php\" rel=\"nofollow noopener\" target=\"_blank\">le cours de l\u2019Intendance<\/a>, en rangs rel\u00e2ch\u00e9s, place Jean-Jaur\u00e8s et le long des barri\u00e8res m\u00e9talliques puis en rang pi\u00e9tinant jusque sur les quais, face \u00e0 la place de la Bourse.<\/p>\n<p>Il y eut\u2026<\/p>\n<p>Vers 21\u00a0h\u00a030, les quais \u00e9taient envahis et la tribune officielle se garnissait tranquillement. Le mouvement se pr\u00e9cipita avec les premi\u00e8res grosses gouttes qui appel\u00e8rent les premiers applaudissements.<\/p>\n<p>Sur la place, gonflait la masse blanche et boudin\u00e9e d\u2019une \u00e9norme montgolfi\u00e8re. Avec quinze minutes de retard seulement et devant peut-\u00eatre 30\u00a0000\u00a0personnes commen\u00e7a le voyage en pays de Gironde.<\/p>\n<p>        <img decoding=\"async\" id=\"26062839\" src=\"https:\/\/www.europesays.com\/fr\/wp-content\/uploads\/2025\/09\/sudouest-photo-1-35198893-1600.jpg\" alt=\"L\u2019\u00e9norme montgolfi\u00e8re de 20 m\u00e8tres de diam\u00e8tre se gonflant pour la Nuit Gironde sur la place de la Bourse \u00e0 Bordeaux, le 25\u00a0septembre 1987.\" itemprop=\"contentURL\"\/><\/p>\n<p>    L\u2019\u00e9norme montgolfi\u00e8re de 20 m\u00e8tres de diam\u00e8tre se gonflant pour la Nuit Gironde sur la place de la Bourse \u00e0 Bordeaux, le 25\u00a0septembre 1987.<\/p>\n<p>Archives Michel Lacroix\u00a0\/\u00a0Sud Ouest<\/p>\n<p>        <img decoding=\"async\" id=\"26062813\" src=\"https:\/\/www.europesays.com\/fr\/wp-content\/uploads\/2025\/09\/sudouest-photo-1-35198895-1600.jpg\" alt=\"La montgolfi\u00e8re servait de support aux images, lors de la Nuit Gironde \u00e0 Bordeaux, le 25\u00a0septembre 1987.\" itemprop=\"contentURL\"\/><\/p>\n<p>    La montgolfi\u00e8re servait de support aux images, lors de la Nuit Gironde \u00e0 Bordeaux, le 25\u00a0septembre 1987.<\/p>\n<p>Archives Michel Lacroix\u00a0\/\u00a0Sud Ouest<\/p>\n<p>On le savait, les moyens mis en \u0153uvre devaient \u00eatre fabuleux. On le vit, le r\u00e9sultat fut stup\u00e9fiant. Il y eut des for\u00eats jaillissant sur la pierre des fa\u00e7ades, il y eut des na\u00efades dor\u00e9es imprim\u00e9es sur les milliers de gouttelettes d\u2019eau\u00a0; il y eut des chevaux caracolant d\u2019un mascaron \u00e0 une gargouille et des drapeaux fran\u00e7ais agitant le bleu de la nuit.<\/p>\n<p>La nuit \u00e9tait Gironde<\/p>\n<p>Il y eut aussi dans le ciel lourd de nuages un mirage filant, un h\u00e9licopt\u00e8re crachant des lumi\u00e8res colori\u00e9es, une trap\u00e9ziste blanche accroch\u00e9e \u00e0 une \u00e9toile d\u2019acier. Et l\u2019espace \u00e9tait balay\u00e9 de laser laiteux tandis que la montgolfi\u00e8re crachait son feu comme une gueule de dragon en col\u00e8re.<\/p>\n<p>        <img decoding=\"async\" id=\"26062889\" src=\"https:\/\/www.europesays.com\/fr\/wp-content\/uploads\/2025\/09\/sudouest-photo-1-35198900-1600.jpg\" alt=\"L\u2019h\u00e9licopt\u00e8re au-dessus de la montgolfi\u00e8re, le 25\u00a0septembre 1987, pour la Nuit Gironde \u00e0 Bordeaux.\" itemprop=\"contentURL\"\/><\/p>\n<p>    L\u2019h\u00e9licopt\u00e8re au-dessus de la montgolfi\u00e8re, le 25\u00a0septembre 1987, pour la Nuit Gironde \u00e0 Bordeaux.<\/p>\n<p>Archives Michel Lacroix\u00a0\/\u00a0Sud Ouest<\/p>\n<p>Le spectacle fut gigantesque et le Bon Dieu a d\u00fb \u00eatre \u00e9tonn\u00e9. Il en oublia m\u00eame de l\u00e2cher les trombes d\u2019eau qui inond\u00e8rent finalement les 30\u00a0000 spectateurs essayant de quitter, les feux \u00e9teints, l\u2019enceinte du spectacle\u00a0!<\/p>\n<p>        <img decoding=\"async\" id=\"26062856\" src=\"https:\/\/www.europesays.com\/fr\/wp-content\/uploads\/2025\/09\/sudouest-photo-1-35198892-1600.jpg\" alt=\"Un homme pris en charge par les secours lors de la Nuit Gironde, place de la Bourse \u00e0 Bordeaux, le 25\u00a0septembre 1987.\" itemprop=\"contentURL\"\/><\/p>\n<p>    Un homme pris en charge par les secours lors de la Nuit Gironde, place de la Bourse \u00e0 Bordeaux, le 25\u00a0septembre 1987.<\/p>\n<p>Archives Michel Lacroix\u00a0\/\u00a0Sud Ouest<\/p>\n<p>Les couples se s\u00e9par\u00e8rent contraints, des femmes s\u2019\u00e9vanouirent et quelques-uns se bless\u00e8rent. Du haut de l\u2019\u00ab\u00a0Amerigo-Vespucci\u00a0\u00bb, miel et or, les marins italiens regardaient.<\/p>\n<p>    Photos en vente<br \/>\nLes photographies de cet article sont issues de notre fonds patrimonial \u201cSud Ouest\u201d, elles sont disponibles \u00e0 l\u2019achat. Si vous \u00eates int\u00e9ress\u00e9s, il vous suffit d\u2019adresser un mail \u00e0 doc@sudouest.fr ou de t\u00e9l\u00e9phoner au 06 70 82 65 98.<\/p>\n","protected":false},"excerpt":{"rendered":"Depuis l\u00e0-haut, le Bon Dieu devait \u00eatre bien songeur. S\u2019il avait eu tout cela, autrefois, pour le grand&hellip;\n","protected":false},"author":2,"featured_media":416491,"comment_status":"","ping_status":"","sticky":false,"template":"","format":"standard","meta":{"footnotes":""},"categories":[2817],"tags":[1111,11,1997,1777,674,1011,27,12,2219,25],"class_list":{"0":"post-416490","1":"post","2":"type-post","3":"status-publish","4":"format-standard","5":"has-post-thumbnail","7":"category-bordeaux","8":"tag-actu","9":"tag-actualites","10":"tag-bordeaux","11":"tag-eu","12":"tag-europe","13":"tag-fr","14":"tag-france","15":"tag-news","16":"tag-nouvelle-aquitaine","17":"tag-republique-francaise"},"share_on_mastodon":{"url":"https:\/\/pubeurope.com\/@fr\/115264983725582984","error":""},"_links":{"self":[{"href":"https:\/\/www.europesays.com\/fr\/wp-json\/wp\/v2\/posts\/416490","targetHints":{"allow":["GET"]}}],"collection":[{"href":"https:\/\/www.europesays.com\/fr\/wp-json\/wp\/v2\/posts"}],"about":[{"href":"https:\/\/www.europesays.com\/fr\/wp-json\/wp\/v2\/types\/post"}],"author":[{"embeddable":true,"href":"https:\/\/www.europesays.com\/fr\/wp-json\/wp\/v2\/users\/2"}],"replies":[{"embeddable":true,"href":"https:\/\/www.europesays.com\/fr\/wp-json\/wp\/v2\/comments?post=416490"}],"version-history":[{"count":0,"href":"https:\/\/www.europesays.com\/fr\/wp-json\/wp\/v2\/posts\/416490\/revisions"}],"wp:featuredmedia":[{"embeddable":true,"href":"https:\/\/www.europesays.com\/fr\/wp-json\/wp\/v2\/media\/416491"}],"wp:attachment":[{"href":"https:\/\/www.europesays.com\/fr\/wp-json\/wp\/v2\/media?parent=416490"}],"wp:term":[{"taxonomy":"category","embeddable":true,"href":"https:\/\/www.europesays.com\/fr\/wp-json\/wp\/v2\/categories?post=416490"},{"taxonomy":"post_tag","embeddable":true,"href":"https:\/\/www.europesays.com\/fr\/wp-json\/wp\/v2\/tags?post=416490"}],"curies":[{"name":"wp","href":"https:\/\/api.w.org\/{rel}","templated":true}]}}