{"id":416492,"date":"2025-09-25T12:40:13","date_gmt":"2025-09-25T12:40:13","guid":{"rendered":"https:\/\/www.europesays.com\/fr\/416492\/"},"modified":"2025-09-25T12:40:13","modified_gmt":"2025-09-25T12:40:13","slug":"15-ans-de-prison-pour-lagresseur-du-gendarme-bordelais-devenu-paraplegique-apres-un-refus-dobtemperer","status":"publish","type":"post","link":"https:\/\/www.europesays.com\/fr\/416492\/","title":{"rendered":"15 ans de prison pour l\u2019agresseur du gendarme bordelais devenu parapl\u00e9gique apr\u00e8s un refus d\u2019obtemp\u00e9rer"},"content":{"rendered":"<p><strong>T\u00c9MOIGNAGE &#8211;<\/strong> L\u2019agresseur de l\u2019adjudant Micka\u00ebl Mathey, le gendarme bordelais qui a perdu l\u2019usage de ses jambes \u00e0 la suite d\u2019un refus d\u2019obtemp\u00e9rer, a \u00e9t\u00e9 condamn\u00e9 \u00e0 la peine maximale de 15 ans de prison. Au lendemain du proc\u00e8s, qui s\u2019est achev\u00e9 \u00e0 Bordeaux ce mercredi, le militaire se confie au Figaro.<\/p>\n<p class=\"fig-paragraph\">En 2024, l\u2019Int\u00e9rieur d\u00e9nombrait 24.900\u00a0<a href=\"http:\/\/www.lefigaro.fr\/nice\/tir-mortel-d-un-policier-apres-un-refus-d-obtemperer-a-nice-en-2022-un-proces-aura-t-il-finalement-lieu-20250903\" data-fig-type=\"NewsFlash\" data-gtm-custom-categorie=\"navigation\" data-gtm-custom-action=\"crossclick\" data-gtm-custom-label=\"Contextuel\" data-gtm-event=\"customEventSPE\" data-fig-domain=\"LEFIGARO\" target=\"_blank\" rel=\"noopener\">refus d\u2019obtemp\u00e9rer<\/a>. 20% d\u2019entre eux sont aggrav\u00e9s par une\u00a0<a href=\"http:\/\/www.lefigaro.fr\/bordeaux\/course-poursuite-et-tonneaux-en-gironde-un-conducteur-provoque-un-accident-apres-un-refus-d-obtemperer-20231211\" data-fig-type=\"NewsFlash\" data-gtm-custom-categorie=\"navigation\" data-gtm-custom-action=\"crossclick\" data-gtm-custom-label=\"Contextuel\" data-gtm-event=\"customEventSPE\" data-fig-domain=\"LEFIGARO\" target=\"_blank\" rel=\"noopener\">mise en danger\u00a0<\/a>des forces de s\u00e9curit\u00e9 int\u00e9rieure et des civils. L\u2019adjudant Micka\u00ebl Mathey a\u00a0\u00e9t\u00e9 bless\u00e9 dans cette lutte contre les fous du volant, le 19 octobre 2022, \u00e0 Pugnac (Gironde). Ce jour-l\u00e0, le gendarme a perdu l\u2019usage de ses jambes. Son agresseur, Jordan Martinez &#8211; qui l\u2019a renvers\u00e9 en voiture et a pris la fuite sans m\u00eame alerter les secours, a \u00e9t\u00e9 condamn\u00e9 ce mercredi \u00e0 15 ans de prison par la cour criminelle de la Gironde.<\/p>\n<p class=\"fig-paragraph\">Une peine maximale, conforme aux r\u00e9quisitions du parquet g\u00e9n\u00e9ral et aux espoirs du militaire. \u00abCette peine maximale est un signal fort de la justice que j\u2019attendais, d\u00e9clare-t-il au Figaro le lendemain de l\u2019audience. Pour moi cela ne changera rien\u00a0: j\u2019ai pris perp\u00e9tuit\u00e9. Mais je ne veux plus que les gens puissent penser qu\u2019ils peuvent \u201cbien s\u2019en sortir\u201d apr\u00e8s avoir fauch\u00e9 un gendarme ou un policier. Je veux qu\u2019ils aient une saine peur des forces de l\u2019ordre.\u00bb<\/p>\n<p class=\"fig-premium-paywall__infos\">\n        Cet article est r\u00e9serv\u00e9 aux abonn\u00e9s.        Il vous reste 73% \u00e0 d\u00e9couvrir.\n    <\/p>\n<p>                <img  data- alt=\"Le Figaro\" class=\"fig-img--complete fig-img\"\/><\/p>\n<p class=\"fig-premium-paywall__title\">Vous avez envie de lire la suite ?<\/p>\n<p class=\"fig-premium-paywall__subtitle\">D\u00e9bloquez tous les articles imm\u00e9diatement.<\/p>\n<p class=\"fig-premium-paywall__connect\">\n                D\u00e9j\u00e0 abonn\u00e9\u00a0?                <a class=\"fig-premium-paywall__connect-link\" href=\"https:\/\/connect.lefigaro.fr\/login?client=horizon_web&amp;type=main&amp;redirect_uri=https%3A%2F%2Fwww.lefigaro.fr%2Fbordeaux%2Fc-est-un-signal-fort-de-la-justice-15-ans-de-prison-pour-l-agresseur-du-gendarme-bordelais-devenu-paraplegique-apres-un-refus-d-obtemperer-20250925\" data-js-gtm=\"{&quot;customCategorie&quot;: &quot;conversion&quot;, &quot;customAction&quot;: &quot;before_Landing_Connexion_paywall_auto&quot;, &quot;customLabel&quot;: &quot;bGVmaWdhcm8uZnJfXzFmMDk5ZjFjLWFlNWUtNjhmMi05ZjUxLTM1M2NmODA1YzdmZF9fTmV3c0ZsYXNo_\u00abC\u2019est un signal fort de la justice\u00bb\u00a0: 15 ans de prison pour l\u2019agresseur du gendarme bordelais devenu parapl\u00e9gique apr\u00e8s un refus d\u2019obtemp\u00e9rer_467&quot;, &quot;customIDSPE&quot;: &quot;bGVmaWdhcm8uZnJfXzFmMDk5ZjFjLWFlNWUtNjhmMi05ZjUxLTM1M2NmODA1YzdmZF9fTmV3c0ZsYXNo&quot;, &quot;event&quot;: &quot;customEventSPE&quot;}\" target=\"_blank\" rel=\"noopener\"><br \/>\n                    Connectez-vous<br \/>\n                <\/a>\n            <\/p>\n","protected":false},"excerpt":{"rendered":"T\u00c9MOIGNAGE &#8211; L\u2019agresseur de l\u2019adjudant Micka\u00ebl Mathey, le gendarme bordelais qui a perdu l\u2019usage de ses jambes \u00e0&hellip;\n","protected":false},"author":2,"featured_media":416493,"comment_status":"","ping_status":"","sticky":false,"template":"","format":"standard","meta":{"footnotes":""},"categories":[2817],"tags":[1111,11,1997,2916,2911,2910,2915,2909,2904,2913,2912,2914,2906,2907,1777,674,1011,27,2905,2908,12,2219,25],"class_list":{"0":"post-416492","1":"post","2":"type-post","3":"status-publish","4":"format-standard","5":"has-post-thumbnail","7":"category-bordeaux","8":"tag-actu","9":"tag-actualites","10":"tag-bordeaux","11":"tag-bordeaux-cauderan","12":"tag-bordeaux-centre-ville","13":"tag-bordeaux-chartrons-grand-parc-jardin-public","14":"tag-bordeaux-la-bastide","15":"tag-bordeaux-maritime","16":"tag-bordeaux-metropole","17":"tag-bordeaux-nansouty-st-genes","18":"tag-bordeaux-st-augustin-tauzin-alphonse-dupeux","19":"tag-bordeaux-sud","20":"tag-capitale-de-gaule","21":"tag-cathedrale-gothique-de-saint-andre","22":"tag-eu","23":"tag-europe","24":"tag-fr","25":"tag-france","26":"tag-gironde","27":"tag-girondins-de-bordeaux","28":"tag-news","29":"tag-nouvelle-aquitaine","30":"tag-republique-francaise"},"share_on_mastodon":{"url":"","error":"Validation failed: Text character limit of 500 exceeded"},"_links":{"self":[{"href":"https:\/\/www.europesays.com\/fr\/wp-json\/wp\/v2\/posts\/416492","targetHints":{"allow":["GET"]}}],"collection":[{"href":"https:\/\/www.europesays.com\/fr\/wp-json\/wp\/v2\/posts"}],"about":[{"href":"https:\/\/www.europesays.com\/fr\/wp-json\/wp\/v2\/types\/post"}],"author":[{"embeddable":true,"href":"https:\/\/www.europesays.com\/fr\/wp-json\/wp\/v2\/users\/2"}],"replies":[{"embeddable":true,"href":"https:\/\/www.europesays.com\/fr\/wp-json\/wp\/v2\/comments?post=416492"}],"version-history":[{"count":0,"href":"https:\/\/www.europesays.com\/fr\/wp-json\/wp\/v2\/posts\/416492\/revisions"}],"wp:featuredmedia":[{"embeddable":true,"href":"https:\/\/www.europesays.com\/fr\/wp-json\/wp\/v2\/media\/416493"}],"wp:attachment":[{"href":"https:\/\/www.europesays.com\/fr\/wp-json\/wp\/v2\/media?parent=416492"}],"wp:term":[{"taxonomy":"category","embeddable":true,"href":"https:\/\/www.europesays.com\/fr\/wp-json\/wp\/v2\/categories?post=416492"},{"taxonomy":"post_tag","embeddable":true,"href":"https:\/\/www.europesays.com\/fr\/wp-json\/wp\/v2\/tags?post=416492"}],"curies":[{"name":"wp","href":"https:\/\/api.w.org\/{rel}","templated":true}]}}