{"id":416496,"date":"2025-09-25T12:42:11","date_gmt":"2025-09-25T12:42:11","guid":{"rendered":"https:\/\/www.europesays.com\/fr\/416496\/"},"modified":"2025-09-25T12:42:11","modified_gmt":"2025-09-25T12:42:11","slug":"voici-ce-qui-vous-attend-7","status":"publish","type":"post","link":"https:\/\/www.europesays.com\/fr\/416496\/","title":{"rendered":"voici ce qui vous attend"},"content":{"rendered":"<p>            Par<br \/>\n        <strong><br \/>\n            <a href=\"https:\/\/actu.fr\/auteur\/gabriel-kenedi\" title=\"Consulter tous les articles de Gabriel Kenedi\" target=\"_blank\" rel=\"noopener\">Gabriel Kenedi<\/a><br \/>\n        <\/strong><\/p>\n<p>        Publi\u00e9 le<\/p>\n<p>            25 sept. 2025 \u00e0 13h35        <\/p>\n<p>C\u2019est un festival unique au monde, m\u00ealant <strong>concerts live<\/strong> et spectacles de machines vivantes. Et c\u2019est <a href=\"https:\/\/actu.fr\/toulouse\/loisirs-culture\" target=\"_blank\" rel=\"noopener\">\u00e0 Toulouse<\/a> que \u00e7a se passe ! Vous l\u2019avez compris, le festival<strong> Mecanik Paradize<\/strong> revient pour une nouvelle \u00e9dition, du jeudi 2 au dimanche 5 octobre 2025, en ouverture du festival Pink Paradize. Et elle s\u2019annonce encore une fois spectaculaire !<\/p>\n<p>Long Ma, invit\u00e9e de marque\u00a0<\/p>\n<p class=\" wall-content\">C\u00f4t\u00e9 machines, <strong>Ast\u00e9rion le Minotaure<\/strong> retrouvera son acolyte <strong>Long Ma<\/strong>, la majestueuse jument-dragonne, qui se joindra \u00e0 la f\u00eate sur la Piste des G\u00e9ants, \u00ab\u00a0sous une temp\u00eate de neige et d\u2019effets de feu\u00a0\u00bb, assurent les organisateurs. La sc\u00e9nographie, elle, sera bien \u00e9videmment con\u00e7ue par Fran\u00e7ois Delarozi\u00e8re, directeur artistique de La Cie La Machine.\u00a0<\/p>\n<p>Un sacr\u00e9 programme<\/p>\n<p class=\" wall-content\">Mais Mecanik Paradize se distingue aussi et surtout par sa programmation aux petits oignons, aussi \u00e9clectique qu\u2019aventureuse.<\/p>\n<ul class=\" wall-content\">\n<li>Jeudi 2 octobre, le festival s\u2019ouvrira avec un plateau compos\u00e9 de <strong>Degiheugi<\/strong>, <strong>Miscellaneous<\/strong>, <strong>Deluxe<\/strong>, <strong>L\u2019Entourloop<\/strong> et le nouveau prince du reggae fran\u00e7ais,<strong> Biga Ranx<\/strong>. Costaud ! Ne cherchez plus de places, c\u2019est complet !<\/li>\n<li>Vendredi 3 octobre, le l\u00e9gendaire <strong>Keziah Jones<\/strong> ouvrira le bal, suivi par le rock de <strong>Ko Ko Mo<\/strong>, le rap \u00e9trange et alternatif du g\u00e9nial groupe <strong>Odezenne<\/strong> et par un set magique <strong>2ManyDjs<\/strong>.<\/li>\n<li>Et samedi 4 octobre, place au plateau \u00e9lectro\/techno de grande qualit\u00e9 autour de <strong>Brice Lee<\/strong>, <strong>Akrav<\/strong>, <strong>Kompromat<\/strong>, <strong>Nina Kraviz<\/strong> et<strong> I Hate Models<\/strong>, histoire de calmer tout le monde !\u00a0<\/li>\n<\/ul>\n<p>Vid\u00e9os : en ce moment sur ActuJourn\u00e9e gratuite le dimanche\u00a0<\/p>\n<p class=\" wall-content\">Pour clore ce week-end de folie, le dimanche 5 octobre sera consacr\u00e9 <strong>aux arts de la rue<\/strong> avec une journ\u00e9e conviviale, festive et gratuite ! Boum miraculeuse et th\u00e9\u00e2tre de rue seront au programme tout au long de l\u2019apr\u00e8s-midi.\u00a0<\/p>\n<p>Votre r\u00e9gion, votre actu !<\/p>\n<p>Recevez chaque jour les infos qui comptent pour vous.<\/p>\n<p>\t<a href=\"https:\/\/actu.fr\/newsletter\" class=\"ac-btn ac-btn--corner ac-btn--medium ac-btn--blue800\" target=\"_blank\" rel=\"noopener\">S&rsquo;incrire<\/a><br \/>\nPink Paradize en suivant<\/p>\n<p class=\" wall-content\">Le week-end suivant, un dr\u00f4le d\u2019<strong>\u00e9l\u00e9phant rose<\/strong> succ\u00e9dera aux machines. <strong>Pink Paradize<\/strong>, le festival organis\u00e9 par les Productions du Possible, proposera du 8 au 20 octobre <strong>une s\u00e9rie de concerts<\/strong> \u00e0 ne pas manquer : <strong>La Yegros<\/strong> au Bikini (8 octobre), <strong>Madam<\/strong> au Metronum (9 octobre), un hommage \u00e0 Kurt Cobain avec <strong>B\u00e9atrice Dalle<\/strong> au Th\u00e9\u00e2tre des Mazades (9 octobre), un seul en sc\u00e8ne avec<strong> Stephan Eicher<\/strong> au Th\u00e9\u00e2tre de la Cit\u00e9 (les 10 et 11 octobre), un concert de l\u2019iconique<strong> Orchestre national de Barb\u00e8s<\/strong> au Metronum (11 octobre).<\/p>\n<p class=\" wall-content\">Suivront \u00e9galement <strong>Miossec<\/strong>, <strong>Madame Fraize<\/strong>, <strong>Gogol Bordello<\/strong>, <strong>Hedex<\/strong>\u2026 et pour clore le festival, Pink Paradize propose un cabaret extraordinaire, <strong>\u00ab\u00a0La Barbichette Cabaret\u00a0\u00bb<\/strong>, \u00e0 voir au Th\u00e9\u00e2tre de la Cit\u00e9, les 18 et 19 octobre.\u00a0<\/p>\n<p><a href=\"http:\/\/www.halledelamachine.fr\/\" target=\"_blank\" rel=\"noopener\">Mecanik Paradize<\/a>, du 2 au 5 octobre. Pink Paradize, du 8 au 20 octobre. Infos et tarifs sur<a href=\"http:\/\/www.pinkparadizefestival.com\/\" target=\"_blank\" rel=\"noopener\"> le site du Festival<\/a>.\u00a0<\/p>\n<p class=\" wall-content\">Personnalisez votre actualit\u00e9 en ajoutant vos villes et m\u00e9dias en favori avec <a href=\"https:\/\/moncompte.actu.fr\" title=\"D\u00e9couvez Mon Actu\" rel=\"nofollow noopener\" data-trk=\"{&quot;cta&quot;:{&quot;action&quot;:&quot;https:\\\/\\\/moncompte.actu.fr&quot;,&quot;category&quot;:&quot;mon compte&quot;,&quot;from&quot;:&quot;article footer&quot;,&quot;name&quot;:&quot;Mon actu&quot;,&quot;type&quot;:&quot;cta&quot;}}\" target=\"_blank\">Mon Actu<\/a>.<\/p>\n","protected":false},"excerpt":{"rendered":"Par Gabriel Kenedi Publi\u00e9 le 25 sept. 2025 \u00e0 13h35 C\u2019est un festival unique au monde, m\u00ealant concerts&hellip;\n","protected":false},"author":2,"featured_media":416497,"comment_status":"","ping_status":"","sticky":false,"template":"","format":"standard","meta":{"footnotes":""},"categories":[2816],"tags":[1111,11,1777,674,1011,27,7496,1652,12,2680,25,1341,2312],"class_list":{"0":"post-416496","1":"post","2":"type-post","3":"status-publish","4":"format-standard","5":"has-post-thumbnail","7":"category-toulouse","8":"tag-actu","9":"tag-actualites","10":"tag-eu","11":"tag-europe","12":"tag-fr","13":"tag-france","14":"tag-halle-de-la-machine","15":"tag-loisirs-culture","16":"tag-news","17":"tag-occitanie","18":"tag-republique-francaise","19":"tag-sortir-a-toulouse","20":"tag-toulouse"},"share_on_mastodon":{"url":"https:\/\/pubeurope.com\/@fr\/115264995039309414","error":""},"_links":{"self":[{"href":"https:\/\/www.europesays.com\/fr\/wp-json\/wp\/v2\/posts\/416496","targetHints":{"allow":["GET"]}}],"collection":[{"href":"https:\/\/www.europesays.com\/fr\/wp-json\/wp\/v2\/posts"}],"about":[{"href":"https:\/\/www.europesays.com\/fr\/wp-json\/wp\/v2\/types\/post"}],"author":[{"embeddable":true,"href":"https:\/\/www.europesays.com\/fr\/wp-json\/wp\/v2\/users\/2"}],"replies":[{"embeddable":true,"href":"https:\/\/www.europesays.com\/fr\/wp-json\/wp\/v2\/comments?post=416496"}],"version-history":[{"count":0,"href":"https:\/\/www.europesays.com\/fr\/wp-json\/wp\/v2\/posts\/416496\/revisions"}],"wp:featuredmedia":[{"embeddable":true,"href":"https:\/\/www.europesays.com\/fr\/wp-json\/wp\/v2\/media\/416497"}],"wp:attachment":[{"href":"https:\/\/www.europesays.com\/fr\/wp-json\/wp\/v2\/media?parent=416496"}],"wp:term":[{"taxonomy":"category","embeddable":true,"href":"https:\/\/www.europesays.com\/fr\/wp-json\/wp\/v2\/categories?post=416496"},{"taxonomy":"post_tag","embeddable":true,"href":"https:\/\/www.europesays.com\/fr\/wp-json\/wp\/v2\/tags?post=416496"}],"curies":[{"name":"wp","href":"https:\/\/api.w.org\/{rel}","templated":true}]}}