{"id":416499,"date":"2025-09-25T12:44:19","date_gmt":"2025-09-25T12:44:19","guid":{"rendered":"https:\/\/www.europesays.com\/fr\/416499\/"},"modified":"2025-09-25T12:44:19","modified_gmt":"2025-09-25T12:44:19","slug":"ligue-europa-joli-pactole-pour-lol-lille-et-logc-nice","status":"publish","type":"post","link":"https:\/\/www.europesays.com\/fr\/416499\/","title":{"rendered":"Ligue Europa : Joli pactole pour l\u2019OL, Lille et l\u2019OGC Nice"},"content":{"rendered":"<p data-testid=\"article-teaser\">Ligue Europa : m\u00eame loin des millions de la C1, les clubs fran\u00e7ais peuvent engranger des primes substantielles \u00e0 chaque \u00e9tape.<\/p>\n<p>Si la Ligue Europa ne rivalise pas avec la Ligue des Champions sur le plan financier, elle n\u2019en demeure pas moins une comp\u00e9tition lucrative pour ses participants. Les clubs fran\u00e7ais engag\u00e9s cette saison, \u00e0 savoir l\u2019Olympique Lyonnais, le LOSC et l\u2019OGC Nice, ont l\u2019opportunit\u00e9 de renforcer leur budget gr\u00e2ce aux primes vers\u00e9es \u00e0 chaque phase et \u00e0 chaque r\u00e9sultat. Cette manne repr\u00e9sente une bouff\u00e9e d\u2019oxyg\u00e8ne pour des \u00e9quipes qui souhaitent consolider leur position en Europe, tout en offrant une motivation suppl\u00e9mentaire sur le terrain.<\/p>\n","protected":false},"excerpt":{"rendered":"Ligue Europa : m\u00eame loin des millions de la C1, les clubs fran\u00e7ais peuvent engranger des primes substantielles&hellip;\n","protected":false},"author":2,"featured_media":416500,"comment_status":"","ping_status":"","sticky":false,"template":"","format":"standard","meta":{"footnotes":""},"categories":[2815],"tags":[1111,11,1777,449,674,1011,27,811,5843,1307,2428,12,2401,25],"class_list":{"0":"post-416499","1":"post","2":"type-post","3":"status-publish","4":"format-standard","5":"has-post-thumbnail","7":"category-lille","8":"tag-actu","9":"tag-actualites","10":"tag-eu","11":"tag-europa-league","12":"tag-europe","13":"tag-fr","14":"tag-france","15":"tag-hauts-de-france","16":"tag-ligue-europa","17":"tag-lille","18":"tag-lyon","19":"tag-news","20":"tag-nice","21":"tag-republique-francaise"},"share_on_mastodon":{"url":"https:\/\/pubeurope.com\/@fr\/115265002857020325","error":""},"_links":{"self":[{"href":"https:\/\/www.europesays.com\/fr\/wp-json\/wp\/v2\/posts\/416499","targetHints":{"allow":["GET"]}}],"collection":[{"href":"https:\/\/www.europesays.com\/fr\/wp-json\/wp\/v2\/posts"}],"about":[{"href":"https:\/\/www.europesays.com\/fr\/wp-json\/wp\/v2\/types\/post"}],"author":[{"embeddable":true,"href":"https:\/\/www.europesays.com\/fr\/wp-json\/wp\/v2\/users\/2"}],"replies":[{"embeddable":true,"href":"https:\/\/www.europesays.com\/fr\/wp-json\/wp\/v2\/comments?post=416499"}],"version-history":[{"count":0,"href":"https:\/\/www.europesays.com\/fr\/wp-json\/wp\/v2\/posts\/416499\/revisions"}],"wp:featuredmedia":[{"embeddable":true,"href":"https:\/\/www.europesays.com\/fr\/wp-json\/wp\/v2\/media\/416500"}],"wp:attachment":[{"href":"https:\/\/www.europesays.com\/fr\/wp-json\/wp\/v2\/media?parent=416499"}],"wp:term":[{"taxonomy":"category","embeddable":true,"href":"https:\/\/www.europesays.com\/fr\/wp-json\/wp\/v2\/categories?post=416499"},{"taxonomy":"post_tag","embeddable":true,"href":"https:\/\/www.europesays.com\/fr\/wp-json\/wp\/v2\/tags?post=416499"}],"curies":[{"name":"wp","href":"https:\/\/api.w.org\/{rel}","templated":true}]}}