{"id":41650,"date":"2025-04-21T14:02:09","date_gmt":"2025-04-21T14:02:09","guid":{"rendered":"https:\/\/www.europesays.com\/fr\/41650\/"},"modified":"2025-04-21T14:02:09","modified_gmt":"2025-04-21T14:02:09","slug":"the-last-of-us-pourquoi-le-deuxieme-episode-de-la-saison-2-restera-a-jamais-dans-les-annales","status":"publish","type":"post","link":"https:\/\/www.europesays.com\/fr\/41650\/","title":{"rendered":"\u00ab\u00a0The Last of Us\u00a0\u00bb\u00a0: pourquoi le deuxi\u00e8me \u00e9pisode de la saison\u00a02 restera \u00e0 jamais dans les annales"},"content":{"rendered":"<p class=\"paragraph text_align_left\">\u00c9videmment, la surprise n\u2019est pas la m\u00eame pour les fans de la s\u00e9rie selon qu\u2019ils connaissaient le jeu vid\u00e9o \u00e9ponyme avant, ou non. Mais l\u2019\u00e9pisode 2 de <a href=\"https:\/\/www.leparisien.fr\/culture-loisirs\/series\/oh-la-la-ca-va-etre-fou-la-saison-2-de-the-last-of-us-enthousiasme-deja-les-premiers-fans-06-04-2025-RIL77LM3PVCLFB3JCOAI4IZGY4.php\" target=\"_blank\" rel=\"nofollow noopener\">la deuxi\u00e8me saison de \u00ab The Last of Us \u00bb<\/a>, mis en ligne ce lundi matin sur la plate-forme Max, risque, quoi qu\u2019il arrive, de faire verser pas mal de larmes devant le petit \u00e9cran.<\/p>\n<p class=\"paragraph text_align_left\">Aur\u00e9ol\u00e9e d\u2019un succ\u00e8s public et critique lors de <a href=\"https:\/\/www.leparisien.fr\/culture-loisirs\/series\/prime-video-pourquoi-the-last-of-us-est-deja-la-serie-de-lannee-12-03-2023-5KUSSKU5GBAD3E6VM3VXTV4Q2Y.php\" target=\"_blank\" rel=\"nofollow noopener\">sa premi\u00e8re salve d\u2019\u00e9pisodes en 2023<\/a>, la fiction postapocalyptique est de retour ce printemps, au rythme d\u2019un \u00e9pisode diffus\u00e9 chaque lundi (il y en aura sept).<\/p>\n<p>Les choses s\u00e9rieuses commencent vraiment avec le 2e \u00e9pisode<\/p>\n<p class=\"paragraph text_align_left\">Comme dans le jeu vid\u00e9o, dont la s\u00e9rie est une (assez) fid\u00e8le adaptation, on retrouve les personnages principaux, Joel (Pedro Pascal) et sa jeune prot\u00e9g\u00e9e Ellie (Bella Ramsey) cinq ans apr\u00e8s les \u00e9v\u00e9nements de la saison 1.<\/p>\n<p class=\"paragraph text_align_left\">Apr\u00e8s un premier \u00e9pisode de reprise un rien plan-plan, qui a permis <a href=\"https:\/\/www.leparisien.fr\/culture-loisirs\/series\/the-last-of-us-les-createurs-decryptent-la-fin-et-levent-un-voile-sur-les-secrets-de-la-saison-2-13-03-2023-HGRSAR33ANGRXEZCP7RZZIETWE.php\" target=\"_blank\" rel=\"nofollow noopener\">aux cr\u00e9ateurs de la fiction<\/a> de nous pr\u00e9senter de nouveaux personnages, dont la meilleure amie d\u2019Ellie (Dina, jou\u00e9e par Isabel Merced), les choses s\u00e9rieuses commencent vraiment avec ce deuxi\u00e8me opus qui restera \u00e0 jamais dans les annales de la s\u00e9rie, voire des s\u00e9ries.<\/p>\n<p class=\"paragraph text_align_left\">\u00ab C\u2019\u00e9tait v\u00e9ritablement l\u2019un des meilleurs \u00e9pisodes de l\u2019histoire de la t\u00e9l\u00e9vision, \u00e9crit un fan am\u00e9ricain sur le r\u00e9seau social X. L\u2019\u00e9criture, les dialogues, l\u2019action, la mont\u00e9e de tension, le sentiment de danger qui plane sur tout l\u2019\u00e9pisode et, bien s\u00fbr, l\u2019incroyable performance des acteurs. \u00bb \u00ab Je ne sais pas s\u2019il y a quelque chose qui me permettra de me remettre de ce moment \u00bb, rench\u00e9rit un autre.<\/p>\n<blockquote class=\"twitter-tweet\">\n<p lang=\"en\" dir=\"ltr\">That was genuinely one of the best episodes of television ever. The writing, the dialogue, the action, the tension building up, the sense of danger hanging over the entirety of the episode, the action, and ofcourse the incredible acting performances. <a href=\"https:\/\/twitter.com\/hashtag\/TheLastOfUs?src=hash&amp;ref_src=twsrc%5Etfw\" rel=\"nofollow noopener\" target=\"_blank\">#TheLastOfUs<\/a> <a href=\"https:\/\/t.co\/2bx6M7HNee\" rel=\"nofollow\">pic.twitter.com\/2bx6M7HNee<\/a><\/p>\n<p>\u2014 ES \ud83c\udf19 (@dinmurdock) <a href=\"https:\/\/twitter.com\/dinmurdock\/status\/1914136544392196537?ref_src=twsrc%5Etfw\" rel=\"nofollow noopener\" target=\"_blank\">April 21, 2025<\/a><\/p><\/blockquote>\n<p class=\"paragraph text_align_left\">Car apr\u00e8s nous avoir racont\u00e9 comment Ellie, Joel et les autres avaient r\u00e9ussi \u00e0 reb\u00e2tir une vraie cit\u00e9 socialement organis\u00e9e malgr\u00e9 les d\u00e9g\u00e2ts caus\u00e9s par un champignon mortel transformant les humains infect\u00e9s en zombies tueurs, les auteurs ont pass\u00e9 la vitesse sup\u00e9rieure, lib\u00e9rant sur la ville de Jackson une horde de cr\u00e9atures d\u00e9cha\u00een\u00e9es.<\/p>\n<p>Choc et \u00e9norme rebondissement avec la mort du personnage principal<\/p>\n<p class=\"paragraph text_align_left\">Les sc\u00e8nes d\u2019action, sous une neige quasi sib\u00e9rienne, n\u2019ont rien \u00e0 envier \u00e0 ce que Hollywood fait de plus spectaculaire en la mati\u00e8re. La course-poursuite entre le personnage d\u2019Abby (Kaitlyn Dever) et une arm\u00e9e de zombies, au milieu de barbel\u00e9s, s\u2019av\u00e8re un mod\u00e8le du genre. Tout comme l\u2019assaut de la ville qui tient le t\u00e9l\u00e9spectateur en haleine pendant une dizaine de minutes au suspense haletant. Pas un hasard si la r\u00e9alisation de cet \u00e9pisode, baptis\u00e9 \u00ab Through the Valley \u00bb, a \u00e9t\u00e9 confi\u00e9e \u00e0 Mark Mylod, qui a notamment travaill\u00e9 sur \u00ab Game of Thrones \u00bb et \u00ab Succession \u00bb avant de s\u2019attaquer prochainement \u00e0 la s\u00e9rie \u00ab Harry Potter \u00bb.<\/p>\n<p class=\"paragraph text_align_left\">Et apr\u00e8s l\u2019action, l\u2019\u00e9motion. Cat\u00e9gorie XXL. Car, comme dans le jeu vid\u00e9o, cette deuxi\u00e8me saison se poursuit avec un \u00e9norme rebondissement : la mort du personnage principal, Joel, des mains vengeresses de la fille d\u2019un m\u00e9decin que le protecteur d\u2019Ellie a tu\u00e9 en fin de saison 1. La sc\u00e8ne, quasi insoutenable et pour le coup vraiment fid\u00e8le au jeu, se hisse \u00e9videmment tout en haut des moments marquants de la fiction.<\/p>\n<p class=\"paragraph text_align_left\">\u00ab Chers gens qui n\u2019avaient jamais jou\u00e9 au jeu The Last of Us : vous imaginez comment c\u2019\u00e9tait long de garder ce secret ? s\u2019amuse un internaute sur X. De rien ! \u00bb Sur le r\u00e9seau social, les (fausses) images de spectateurs tentant de sauver Joel en bondissant sur leurs \u00e9crans ont fleuri, pour t\u00e9moigner du choc collectif.<\/p>\n<p class=\"paragraph text_align_left\">Apr\u00e8s cet ascenseur \u00e9motionnel, la suite de la s\u00e9rie s\u2019annonce excitante. Mais il faudra, \u00e0 nouveau, attendre une semaine avant de d\u00e9couvrir comment Ellie se remet de la mort de son mentor qui a brav\u00e9 tous les risques pour la sauver tant de fois.<\/p>\n<p class=\"paragraph text_align_left\">Surentra\u00een\u00e9e et bravache comme elle est, il est certain que la jeune femme \u00e2g\u00e9e d\u00e9sormais de 19 ans aura du r\u00e9pondant face \u00e0 la suite des \u00e9v\u00e9nements.<\/p>\n<p>La note de la r\u00e9daction :\u00ab The Last of Us \u00bb, <\/p>\n<p>s\u00e9rie am\u00e9ricaine de Craig Mazin et Neil Druckmann avec Bella Ramsay, Pedro Pascal, Isabela Merced\u2026 Saison 2 (2025), \u00e9pisode 2\/7 (55 minutes), puis un nouveau volet ajout\u00e9 chaque lundi.<\/p>\n<p><script async src=\"https:\/\/platform.twitter.com\/widgets.js\" charset=\"utf-8\"><\/script><\/p>\n","protected":false},"excerpt":{"rendered":"\u00c9videmment, la surprise n\u2019est pas la m\u00eame pour les fans de la s\u00e9rie selon qu\u2019ils connaissaient le jeu&hellip;\n","protected":false},"author":2,"featured_media":41651,"comment_status":"","ping_status":"","sticky":false,"template":"","format":"standard","meta":{"footnotes":""},"categories":[8],"tags":[872,58,59,1011,27,1314],"class_list":{"0":"post-41650","1":"post","2":"type-post","3":"status-publish","4":"format-standard","5":"has-post-thumbnail","7":"category-divertissement","8":"tag-culture-et-loisirs","9":"tag-divertissement","10":"tag-entertainment","11":"tag-fr","12":"tag-france","13":"tag-series"},"share_on_mastodon":{"url":"https:\/\/pubeurope.com\/@fr\/114376326904062943","error":""},"_links":{"self":[{"href":"https:\/\/www.europesays.com\/fr\/wp-json\/wp\/v2\/posts\/41650","targetHints":{"allow":["GET"]}}],"collection":[{"href":"https:\/\/www.europesays.com\/fr\/wp-json\/wp\/v2\/posts"}],"about":[{"href":"https:\/\/www.europesays.com\/fr\/wp-json\/wp\/v2\/types\/post"}],"author":[{"embeddable":true,"href":"https:\/\/www.europesays.com\/fr\/wp-json\/wp\/v2\/users\/2"}],"replies":[{"embeddable":true,"href":"https:\/\/www.europesays.com\/fr\/wp-json\/wp\/v2\/comments?post=41650"}],"version-history":[{"count":0,"href":"https:\/\/www.europesays.com\/fr\/wp-json\/wp\/v2\/posts\/41650\/revisions"}],"wp:featuredmedia":[{"embeddable":true,"href":"https:\/\/www.europesays.com\/fr\/wp-json\/wp\/v2\/media\/41651"}],"wp:attachment":[{"href":"https:\/\/www.europesays.com\/fr\/wp-json\/wp\/v2\/media?parent=41650"}],"wp:term":[{"taxonomy":"category","embeddable":true,"href":"https:\/\/www.europesays.com\/fr\/wp-json\/wp\/v2\/categories?post=41650"},{"taxonomy":"post_tag","embeddable":true,"href":"https:\/\/www.europesays.com\/fr\/wp-json\/wp\/v2\/tags?post=41650"}],"curies":[{"name":"wp","href":"https:\/\/api.w.org\/{rel}","templated":true}]}}