{"id":416501,"date":"2025-09-25T12:45:11","date_gmt":"2025-09-25T12:45:11","guid":{"rendered":"https:\/\/www.europesays.com\/fr\/416501\/"},"modified":"2025-09-25T12:45:11","modified_gmt":"2025-09-25T12:45:11","slug":"marseille-et-la-peste-de-1720-suivez-en-direct-notre-conference","status":"publish","type":"post","link":"https:\/\/www.europesays.com\/fr\/416501\/","title":{"rendered":"Marseille et la peste de\u00a01720, suivez en direct notre conf\u00e9rence"},"content":{"rendered":"<p>Jeudi 25\u00a0septembre \u00e0 partir de 14h30, assistez \u00e0 une conf\u00e9rence exceptionnelle sur le navire Grand Saint Antoine et la peste qui a frapp\u00e9 Marseille en\u00a01720. Entre histoire tragique, fouilles arch\u00e9ologiques et analyses scientifiques, d\u00e9couvrez comment cette \u00e9pid\u00e9mie a fa\u00e7onn\u00e9 la ville et laiss\u00e9 une empreinte durable.<\/p>\n<p>Un \u00e9pisode tragique de l\u2019histoire marseillaise<\/p>\n<p>En\u00a01720, le Grand Saint Antoine accoste \u00e0 Marseille avec, dans ses cales, des tissus venus du Proche-Orient infest\u00e9s de rats porteurs de puces contamin\u00e9es. En moins de trois ans, la moiti\u00e9 de la population de la ville est d\u00e9cim\u00e9e. N\u00e9gligence des autorit\u00e9s sanitaires et cupidit\u00e9 des armateurs aggravent la catastrophe. Le navire sera br\u00fbl\u00e9 et son capitaine emprisonn\u00e9 au Ch\u00e2teau d\u2019If.<\/p>\n<p>Plongez dans les fouilles arch\u00e9ologiques du Grand Saint Antoine avec l\u2019arch\u00e9ologue sous-marin responsable de sa d\u00e9couverte dans port naturel de Pom\u00e8gues, et revient sur 37 ann\u00e9es d\u2019explorations. Il pr\u00e9sente les d\u00e9couvertes fascinantes de l\u2019\u00e9pave et explique comment ces recherches \u00e9clairent la derni\u00e8re grande \u00e9pid\u00e9mie de peste en France.<\/p>\n<p>Histoire et m\u00e9moire au service de tous<\/p>\n<p>Auteur de plusieurs ouvrages sur le sujet, dont Un homme, un navire, la peste de\u00a01720, et co-cr\u00e9ateur de la bande dessin\u00e9e Marseille, et la peste d\u00e9barqua, le conf\u00e9rencier partagera anecdotes, analyses et enseignements de cette trag\u00e9die, pour faire revivre l\u2019histoire et transmettre sa m\u00e9moire.<\/p>\n<p>Ne manquez pas ce rendez-vous captivant pour comprendre l\u2019histoire et son impact sur Marseille. Jeudi 25\u00a0septembre \u00e0 14h30 sur laprovence.com<\/p>\n","protected":false},"excerpt":{"rendered":"Jeudi 25\u00a0septembre \u00e0 partir de 14h30, assistez \u00e0 une conf\u00e9rence exceptionnelle sur le navire Grand Saint Antoine et&hellip;\n","protected":false},"author":2,"featured_media":416502,"comment_status":"","ping_status":"","sticky":false,"template":"","format":"standard","meta":{"footnotes":""},"categories":[2814],"tags":[17,1111,11,54662,814,1777,674,1011,27,884,6127,12,54210,52986,13848,882,25,5237],"class_list":{"0":"post-416501","1":"post","2":"type-post","3":"status-publish","4":"format-standard","5":"has-post-thumbnail","7":"category-marseille","8":"tag-17","9":"tag-actu","10":"tag-actualites","11":"tag-de-1720","12":"tag-direct","13":"tag-eu","14":"tag-europe","15":"tag-fr","16":"tag-france","17":"tag-marseille","18":"tag-mer","19":"tag-news","20":"tag-nos-rendez-vous","21":"tag-parlons","22":"tag-peste","23":"tag-provence-alpes-cote-dazur","24":"tag-republique-francaise","25":"tag-suivez"},"share_on_mastodon":{"url":"https:\/\/pubeurope.com\/@fr\/115265006902976170","error":""},"_links":{"self":[{"href":"https:\/\/www.europesays.com\/fr\/wp-json\/wp\/v2\/posts\/416501","targetHints":{"allow":["GET"]}}],"collection":[{"href":"https:\/\/www.europesays.com\/fr\/wp-json\/wp\/v2\/posts"}],"about":[{"href":"https:\/\/www.europesays.com\/fr\/wp-json\/wp\/v2\/types\/post"}],"author":[{"embeddable":true,"href":"https:\/\/www.europesays.com\/fr\/wp-json\/wp\/v2\/users\/2"}],"replies":[{"embeddable":true,"href":"https:\/\/www.europesays.com\/fr\/wp-json\/wp\/v2\/comments?post=416501"}],"version-history":[{"count":0,"href":"https:\/\/www.europesays.com\/fr\/wp-json\/wp\/v2\/posts\/416501\/revisions"}],"wp:featuredmedia":[{"embeddable":true,"href":"https:\/\/www.europesays.com\/fr\/wp-json\/wp\/v2\/media\/416502"}],"wp:attachment":[{"href":"https:\/\/www.europesays.com\/fr\/wp-json\/wp\/v2\/media?parent=416501"}],"wp:term":[{"taxonomy":"category","embeddable":true,"href":"https:\/\/www.europesays.com\/fr\/wp-json\/wp\/v2\/categories?post=416501"},{"taxonomy":"post_tag","embeddable":true,"href":"https:\/\/www.europesays.com\/fr\/wp-json\/wp\/v2\/tags?post=416501"}],"curies":[{"name":"wp","href":"https:\/\/api.w.org\/{rel}","templated":true}]}}