{"id":416503,"date":"2025-09-25T12:46:11","date_gmt":"2025-09-25T12:46:11","guid":{"rendered":"https:\/\/www.europesays.com\/fr\/416503\/"},"modified":"2025-09-25T12:46:11","modified_gmt":"2025-09-25T12:46:11","slug":"la-mosquee-des-bleuets-en-passe-detre-fermee-administrativement","status":"publish","type":"post","link":"https:\/\/www.europesays.com\/fr\/416503\/","title":{"rendered":"La mosqu\u00e9e des Bleuets en passe d\u2019\u00eatre ferm\u00e9e administrativement"},"content":{"rendered":"<p>Le \u00ab\u00a0bras de fer\u00a0\u00bb s\u2019engage entre l\u2019Etat et la <a href=\"https:\/\/www.20minutes.fr\/societe\/4109249-20240910-marseille-arrete-fermeture-administrative-mosquee-bleuets-suspendue\" class=\"c-link c-link--is-underlined\" target=\"_blank\" rel=\"noopener\">mosqu\u00e9e des Bleuets<\/a> situ\u00e9e dans le 13e\u00a0arrondissement de <a href=\"https:\/\/www.20minutes.fr\/marseille\/\" class=\"c-link c-link--is-underlined\" target=\"_blank\" rel=\"noopener\">Marseille<\/a>. D\u00e9j\u00e0 menac\u00e9 de fermeture en\u00a02024, le lieu de culte a re\u00e7u la semaine derni\u00e8re une nouvelle notification d\u2019engagement de proc\u00e9dure contradictoire en vue d\u2019une fermeture administrative de la part de la pr\u00e9fecture des <a href=\"https:\/\/www.20minutes.fr\/dossier\/bouches-rhone\" class=\"c-link c-link--is-underlined\" target=\"_blank\" rel=\"noopener\">Bouches-du-Rh\u00f4ne<\/a>.<\/p>\n<p>\u00ab\u00a0Il y a un imam condamn\u00e9 par l\u2019autorit\u00e9 judiciaire pour <a href=\"https:\/\/www.20minutes.fr\/dossier\/apologie-terrorisme\" class=\"c-link c-link--is-underlined\" target=\"_blank\" rel=\"noopener\">apologie de terrorisme<\/a> qui continue de prof\u00e9rer des propos qui, j\u2019estime, sont des incitations \u00e0 la haine et \u00e0 la violence\u00a0\u00bb, a justifi\u00e9 le pr\u00e9fet Georges-Fran\u00e7ois Leclerc, jeudi.<\/p>\n<\/p>\n<p>\u00ab\u00a0Acharnement politique\u00a0\u00bb<\/p>\n<p>La mosqu\u00e9e a dix jours pour se mettre en conformit\u00e9. A l\u2019occasion d\u2019une conf\u00e9rence de presse organis\u00e9e mercredi, <a href=\"https:\/\/www.20minutes.fr\/societe\/4109166-20240909-marseille-imam-controverse-mosquee-bleuets-annonce-retrait-provisoire\" class=\"c-link c-link--is-underlined\" target=\"_blank\" rel=\"noopener\">l\u2019imam Ismail, Sma\u00efn Bendjilali<\/a> de son vrai nom, et ses avocats ont d\u00e9nonc\u00e9 un \u00ab\u00a0acharnement politique\u00a0\u00bb et ont dit \u00ab\u00a0avoir les outils juridiques et intellectuels\u00a0\u00bb pour contredire la d\u00e9cision du pr\u00e9fet, rapporte <a href=\"https:\/\/www.laprovence.com\/article\/region\/1726507415763814\/marseille-a-la-mosquee-des-bleuets-l-imam-se-dit-pret-a-un-bras-de-fer\" rel=\"nofollow noopener\" target=\"_blank\" class=\"c-link c-link--is-underlined\">La Provence<\/a>.<\/p>\n<p>En mai dernier, <a href=\"https:\/\/www.20minutes.fr\/societe\/4108486-20240905-marseille-mosquee-bleuets-sommee-ecarter-imam-fermer\" class=\"c-link c-link--is-underlined\" target=\"_blank\" rel=\"noopener\">l\u2019imam<\/a> de son vrai nom, avait \u00e9t\u00e9 <a href=\"https:\/\/www.20minutes.fr\/marseille\/4156130-20250530-marseille-imam-populaire-quartiers-nord-condamne-apologie-terrorisme\" class=\"c-link c-link--is-underlined\" target=\"_blank\" rel=\"noopener\">condamn\u00e9 en premi\u00e8re instance \u00e0 six mois de prison avec sursis<\/a> pour \u00ab\u00a0apologie du terrorisme\u00a0\u00bb \u00e0 la suite d\u2019une republication sur son compte X d\u2019une vid\u00e9o \u00e0 propos de l\u2019attaque du <a href=\"https:\/\/www.20minutes.fr\/monde\/israel\/4112809-20241006-attaque-7-octobre-sorte-11-septembre-israelien-pire\" class=\"c-link c-link--is-underlined\" target=\"_blank\" rel=\"noopener\">7\u00a0octobre 2023<\/a> perp\u00e9tr\u00e9e par le <a href=\"https:\/\/www.20minutes.fr\/monde\/hamas\/\" class=\"c-link c-link--is-underlined\" target=\"_blank\" rel=\"noopener\">Hamas<\/a>. L\u2019imam a fait appel de cette d\u00e9cision. Par ailleurs, le juge n\u2019avait pas suivi les r\u00e9quisitions du parquet qui demandait \u00ab\u00a0une interdiction d\u00e9finitive d\u2019exercer en tant que salari\u00e9 au sein de la mosqu\u00e9e des Bleuets\u00a0\u00bb.<\/p>\n<p>\u00ab\u00a0Le juge m\u2019a autoris\u00e9 \u00e0 animer les pr\u00eaches et j\u2019aimerais donc que le pr\u00e9fet respecte l\u2019\u00e9tat de droit\u00a0\u00bb, a affirm\u00e9 l\u2019imam mercredi, tandis que ses conseils d\u00e9non\u00e7aient un courrier pr\u00e9fectoral reposant sur peu d\u2019\u00e9l\u00e9ments. \u00ab\u00a0Il n\u2019y a rien sur des propos tenus dans cette mosqu\u00e9e. 98\u00a0% de ce qui est notifi\u00e9 rel\u00e8ve de publications sur les r\u00e9seaux sociaux, datant de plus d\u2019un an\u00a0\u00bb, pr\u00e9cise Me Sefen Guez Guez, avocat de l\u2019association.<\/p>\n<p><a href=\"https:\/\/www.20minutes.fr\/marseille\/\" class=\"c-link c-btn c-btn--primary\" target=\"_blank\" rel=\"noopener\">Retrouvez tous nos articles sur l&rsquo;actualit\u00e9 \u00e0 Marseille<\/a><\/p>\n<p>Si la mosqu\u00e9e ne r\u00e9pond pas \u00e0 cette proc\u00e9dure contradictoire, un arr\u00eat\u00e9 pourra ordonner sa fermeture administrative pour une dur\u00e9e de deux mois d\u00e8s la semaine prochaine. Un acte que les avocats ont d\u00e9j\u00e0 pr\u00e9vu de contester devant un tribunal administratif.<\/p>\n","protected":false},"excerpt":{"rendered":"Le \u00ab\u00a0bras de fer\u00a0\u00bb s\u2019engage entre l\u2019Etat et la mosqu\u00e9e des Bleuets situ\u00e9e dans le 13e\u00a0arrondissement de Marseille.&hellip;\n","protected":false},"author":2,"featured_media":416504,"comment_status":"","ping_status":"","sticky":false,"template":"","format":"standard","meta":{"footnotes":""},"categories":[2814],"tags":[1111,11,885,1777,674,13407,1011,27,884,14577,12,883,8916,882,1306,25],"class_list":{"0":"post-416503","1":"post","2":"type-post","3":"status-publish","4":"format-standard","5":"has-post-thumbnail","7":"category-marseille","8":"tag-actu","9":"tag-actualites","10":"tag-bouches-du-rhone","11":"tag-eu","12":"tag-europe","13":"tag-fermeture","14":"tag-fr","15":"tag-france","16":"tag-marseille","17":"tag-mosquee","18":"tag-news","19":"tag-paca","20":"tag-prefecture","21":"tag-provence-alpes-cote-dazur","22":"tag-regions","23":"tag-republique-francaise"},"share_on_mastodon":{"url":"https:\/\/pubeurope.com\/@fr\/115265010732646384","error":""},"_links":{"self":[{"href":"https:\/\/www.europesays.com\/fr\/wp-json\/wp\/v2\/posts\/416503","targetHints":{"allow":["GET"]}}],"collection":[{"href":"https:\/\/www.europesays.com\/fr\/wp-json\/wp\/v2\/posts"}],"about":[{"href":"https:\/\/www.europesays.com\/fr\/wp-json\/wp\/v2\/types\/post"}],"author":[{"embeddable":true,"href":"https:\/\/www.europesays.com\/fr\/wp-json\/wp\/v2\/users\/2"}],"replies":[{"embeddable":true,"href":"https:\/\/www.europesays.com\/fr\/wp-json\/wp\/v2\/comments?post=416503"}],"version-history":[{"count":0,"href":"https:\/\/www.europesays.com\/fr\/wp-json\/wp\/v2\/posts\/416503\/revisions"}],"wp:featuredmedia":[{"embeddable":true,"href":"https:\/\/www.europesays.com\/fr\/wp-json\/wp\/v2\/media\/416504"}],"wp:attachment":[{"href":"https:\/\/www.europesays.com\/fr\/wp-json\/wp\/v2\/media?parent=416503"}],"wp:term":[{"taxonomy":"category","embeddable":true,"href":"https:\/\/www.europesays.com\/fr\/wp-json\/wp\/v2\/categories?post=416503"},{"taxonomy":"post_tag","embeddable":true,"href":"https:\/\/www.europesays.com\/fr\/wp-json\/wp\/v2\/tags?post=416503"}],"curies":[{"name":"wp","href":"https:\/\/api.w.org\/{rel}","templated":true}]}}