{"id":416505,"date":"2025-09-25T12:47:12","date_gmt":"2025-09-25T12:47:12","guid":{"rendered":"https:\/\/www.europesays.com\/fr\/416505\/"},"modified":"2025-09-25T12:47:12","modified_gmt":"2025-09-25T12:47:12","slug":"sandrine-runel-sera-t-elle-confirmee-comme-patronne-du-ps-lyonnais","status":"publish","type":"post","link":"https:\/\/www.europesays.com\/fr\/416505\/","title":{"rendered":"Sandrine Runel sera-t-elle confirm\u00e9e comme patronne du PS lyonnais ?"},"content":{"rendered":"<p>Ce mercredi soir, la d\u00e9put\u00e9e et candidate au poste de cheffe de file des socialistes lyonnais Sandrine Runel organisait un d\u00e9bat ouvert \u00e0 tous. Le titre : \u00ab\u00a0Sous influence ?\u00a0\u00bb.<\/p>\n<p>Ce jeudi a lieu le vote des militants PS inscrits sur les listes \u00e9lectorales de Lyon (et non pas les militants des sections lyonnaises) et Sandrine Runel est oppos\u00e9e \u00e0 Abdelkader El Bouni, secr\u00e9taire de la section du 9e arrondissement et cadre dans la s\u00e9curit\u00e9 priv\u00e9e.<\/p>\n<p>L\u2019enjeu du scrutin est la pr\u00e9sidence de la fabrication des listes pour les municipales, et donc la n\u00e9gociation avec les \u00e9cologistes donnant la possibilit\u00e9 \u00a0pour celui ou celle qui n\u00e9gociera de mettre en position \u00e9ligible ses soutiens. \u00c9videmment le r\u00e9sultat de cette \u00e9lection interne ne peut pas voir le m\u00eame effet pour les deux candidats.<\/p>\n<p>M\u00eame si elle \u00e9tait battue ce jeudi, Sandrine Runel resterait une interlocutrice incontournable pour les \u00e9cologistes avec qui elle travaille en \u00e9troite collaboration depuis 2020 et qui s\u2019est av\u00e9r\u00e9e \u00eatre un alli\u00e9 plus fid\u00e8le et lisible que Nathalie Perrin-Gilbert ou les relais LFI.<\/p>\n<p>Sur le papier, Abdelkader El Bouni devrait \u00eatre logiquement devanc\u00e9 par son opposante, \u00e0 la fois ancienne adjointe aux solidarit\u00e9s et d\u00e9put\u00e9 inesp\u00e9r\u00e9e de la 4e circo de Lyon dont la notori\u00e9t\u00e9 est plus importante.<\/p>\n<p>Dans les faits, bien que totalement inconnu des Lyonnais et donc sans espoir de popularit\u00e9, Abdelkader El Bouni a jou\u00e9 pendant toute la campagne interne qui s\u2019ach\u00e8ve ce soir la carte des courants internes au PS : \u00a0sur le fait que son opposante soit issue d\u2019un courant assez nettement minoritaire \u00e0 Lyon (celui d\u2019H\u00e9l\u00e8ne Geoffroy, ancienne motion C) alors que lui-m\u00eame est proche des proches d\u2019Olivier Faure, arriv\u00e9s nettement en t\u00eate dans les 9 arrondissements de la capitale des Gaules.<\/p>\n<p>Le congr\u00e8s est pass\u00e9 depuis juin, mais chez les socialistes, \u00e7a peut avoir une importance. La cons\u00e9quence de son appartenance au courant d\u2019Olivier Faure est que Abdelkader voit presque math\u00e9matiquement les suffrages des Fauristes se porter sur son nom sans qu\u2019il n\u2019ait besoin de discuter de sa strat\u00e9gie ou du fond.\u00a0<\/p>\n<p>Quelle strat\u00e9gie donc ? Sandrine Runel \u2013 qui a longuement pris le pouls de son parti pour \u00e9valuer sa capacit\u00e9 \u00e0 conduire une liste de premier tour \u2013 d\u00e9fend la ligne d\u2019une union d\u00e8s le premier tour avec les \u00e9cologistes. Une ligne sans doute proche de celle de son rival, m\u00eame si sa profession de foi critique s\u00e9v\u00e8rement l\u2019\u00e9quipe de Sandrine Runel et St\u00e9phanie L\u00e9ger qu\u2019il accuse (sans les nommer) de n\u2019avoir pas su faire entendre une voix socialiste au sein de la municipalit\u00e9 verte, ce \u00ab\u00a0qui nous m\u00e8ne \u00e0 l\u2019effacement socialiste \u00e0 gauche\u00a0\u00bb.<\/p>\n<p>R\u00e9ponse ce jeudi soir sur le type de continuit\u00e9 que choisiront les socialistes lyonnais : avec Sandrine ou\u2026 avec Runel.<\/p>\n<p><a href=\"https:\/\/x.com\/lemediapol\" target=\"_blank\" rel=\"noopener nofollow\">@lemediapol<\/a><\/p>\n","protected":false},"excerpt":{"rendered":"Ce mercredi soir, la d\u00e9put\u00e9e et candidate au poste de cheffe de file des socialistes lyonnais Sandrine Runel&hellip;\n","protected":false},"author":2,"featured_media":416506,"comment_status":"","ping_status":"","sticky":false,"template":"","format":"standard","meta":{"footnotes":""},"categories":[1889],"tags":[1111,11,2813,2190,2430,1109,251,1112,2811,1777,674,118,1011,27,1922,1110,1114,2428,2810,12,241,316,25,2812,517,800],"class_list":{"0":"post-416505","1":"post","2":"type-post","3":"status-publish","4":"format-standard","5":"has-post-thumbnail","7":"category-lyon","8":"tag-actu","9":"tag-actualites","10":"tag-article","11":"tag-asvel","12":"tag-auvergne-rhone-alpes","13":"tag-breves","14":"tag-culture","15":"tag-depeches","16":"tag-economique","17":"tag-eu","18":"tag-europe","19":"tag-faits-divers","20":"tag-fr","21":"tag-france","22":"tag-info","23":"tag-informations","24":"tag-infos","25":"tag-lyon","26":"tag-lyonmag","27":"tag-news","28":"tag-ol","29":"tag-politique","30":"tag-republique-francaise","31":"tag-sociale","32":"tag-sport","33":"tag-transports"},"share_on_mastodon":{"url":"https:\/\/pubeurope.com\/@fr\/115265014699128301","error":""},"_links":{"self":[{"href":"https:\/\/www.europesays.com\/fr\/wp-json\/wp\/v2\/posts\/416505","targetHints":{"allow":["GET"]}}],"collection":[{"href":"https:\/\/www.europesays.com\/fr\/wp-json\/wp\/v2\/posts"}],"about":[{"href":"https:\/\/www.europesays.com\/fr\/wp-json\/wp\/v2\/types\/post"}],"author":[{"embeddable":true,"href":"https:\/\/www.europesays.com\/fr\/wp-json\/wp\/v2\/users\/2"}],"replies":[{"embeddable":true,"href":"https:\/\/www.europesays.com\/fr\/wp-json\/wp\/v2\/comments?post=416505"}],"version-history":[{"count":0,"href":"https:\/\/www.europesays.com\/fr\/wp-json\/wp\/v2\/posts\/416505\/revisions"}],"wp:featuredmedia":[{"embeddable":true,"href":"https:\/\/www.europesays.com\/fr\/wp-json\/wp\/v2\/media\/416506"}],"wp:attachment":[{"href":"https:\/\/www.europesays.com\/fr\/wp-json\/wp\/v2\/media?parent=416505"}],"wp:term":[{"taxonomy":"category","embeddable":true,"href":"https:\/\/www.europesays.com\/fr\/wp-json\/wp\/v2\/categories?post=416505"},{"taxonomy":"post_tag","embeddable":true,"href":"https:\/\/www.europesays.com\/fr\/wp-json\/wp\/v2\/tags?post=416505"}],"curies":[{"name":"wp","href":"https:\/\/api.w.org\/{rel}","templated":true}]}}