{"id":416509,"date":"2025-09-25T12:50:13","date_gmt":"2025-09-25T12:50:13","guid":{"rendered":"https:\/\/www.europesays.com\/fr\/416509\/"},"modified":"2025-09-25T12:50:13","modified_gmt":"2025-09-25T12:50:13","slug":"qualite-de-lair-du-metro-la-justice-classe-lenquete-visant-la-ratp","status":"publish","type":"post","link":"https:\/\/www.europesays.com\/fr\/416509\/","title":{"rendered":"Qualit\u00e9 de l\u2019air du m\u00e9tro : la justice classe l\u2019enqu\u00eate visant la RATP"},"content":{"rendered":"<p><img loading=\"lazy\" decoding=\"async\" alt=\"\u00a9 Shutterstock - Le parquet de Paris a estim\u00e9 qu\u2019aucune infraction n\u2019\u00e9tait caract\u00e9ris\u00e9e dans l\u2019enqu\u00eate sur la pollution de l\u2019air du m\u00e9tro, ouverte apr\u00e8s une plainte de l\u2019association Respire.\" data-zoom-src=\"https:\/\/www.europesays.com\/fr\/wp-content\/uploads\/2025\/09\/1758804613_112_initial-metro-paris.jpg\" data-zoomable=\"\" height=\"702\" src=\"https:\/\/www.europesays.com\/fr\/wp-content\/uploads\/2025\/09\/1758804613_112_initial-metro-paris.jpg\" width=\"1248\"\/>  <\/p>\n<p class=\"article-desc\">\u00a9 Shutterstock &#8211; Le parquet de Paris a estim\u00e9 qu\u2019aucune infraction n\u2019\u00e9tait caract\u00e9ris\u00e9e dans l\u2019enqu\u00eate sur la pollution de l\u2019air du m\u00e9tro, ouverte apr\u00e8s une plainte de l\u2019association Respire. <\/p>\n<p>L\u2019affaire remonte \u00e0 <strong>mars 2021<\/strong>, lorsque l\u2019<a href=\"https:\/\/mesinfos.fr\/ile-de-france\/l-association-respire-denonce-la-pollution-dans-le-metro-30207.html\" rel=\"noopener\" target=\"_blank\">association Respire<\/a> avait d\u00e9pos\u00e9 plainte contre la <a href=\"https:\/\/mesinfos.fr\/91260-juvisy-sur-orge\/juvisy-des-prelevements-pour-detecter-une-pollution-le-long-du-tram-t7-187038.html\" rel=\"noopener\" target=\"_blank\">RATP<\/a>, accus\u00e9e de tromperie aggrav\u00e9e et de blessures involontaires pour avoir dissimul\u00e9 \u00e0 ses usagers un taux de particules fines jug\u00e9 anormalement \u00e9lev\u00e9. Quelques mois plus tard, <strong>des usagers du m\u00e9tro avaient d\u00e9pos\u00e9 une plainte similaire<\/strong>, relan\u00e7ant le d\u00e9bat sur la qualit\u00e9 de l\u2019air dans les espaces souterrains. En avril 2023, le parquet de Paris avait ouvert une enqu\u00eate pour \u201cmise en danger d\u2019autrui\u201d, confi\u00e9e \u00e0 l\u2019Office central de lutte contre les atteintes \u00e0 l\u2019environnement et \u00e0 la sant\u00e9 publique (OCLAESP). <\/p>\n<p>Une enqu\u00eate sans preuve suffisante <\/p>\n<p>Apr\u00e8s deux ans d\u2019investigations, la justice a estim\u00e9 qu\u2019\u201cil n\u2019est pas apparu d\u2019infraction qui soit suffisamment caract\u00e9ris\u00e9e\u201d. S\u2019agissant des blessures involontaires, l\u2019enqu\u00eate n\u2019a pas permis d\u2019\u00e9tablir de <strong>lien entre l\u2019exposition aux particules fines et l\u2019apparition de pathologies<\/strong> chez les usagers ou les agents de la RATP. <\/p>\n<p>L\u2019accusation de \u201ctromperie\u201d a \u00e9galement \u00e9t\u00e9 \u00e9cart\u00e9e : selon le parquet, l\u2019<strong>Agence nationale de s\u00e9curit\u00e9 sanitaire<\/strong> (Anses) n\u2019a pas rendu de conclusions fermes sur les effets sanitaires de l\u2019air souterrain, tandis que la RATP publie en ligne, en temps r\u00e9el, les mesures effectu\u00e9es dans certaines stations. \u201cIl n\u2019y a pas de dissimulation manifeste de cette pollution\u201d, conclut le parquet, qui n\u2019a pas retenu de manquement aux obligations de prudence et de s\u00e9curit\u00e9 pour les travailleurs.<\/p>\n<p> Un probl\u00e8me de sant\u00e9 publique toujours pr\u00e9sent <\/p>\n<p>Si la justice a class\u00e9 l\u2019affaire, <strong>la question de la pollution dans le m\u00e9tro reste sensible<\/strong>. La pollution aux particules fines est reconnue pour ses effets sur la sant\u00e9 : <a href=\"https:\/\/mesinfos.fr\/75000-paris\/l-association-respire-propose-8-actions-pour-ameliorer-la-qualite-de-l-air-185689.html\" rel=\"noopener\" target=\"_blank\">g\u00eanes respiratoires<\/a>, infections, hausse des hospitalisations et de la mortalit\u00e9 li\u00e9es \u00e0 ces pathologies. D\u00e9but 2024, une cartographie publi\u00e9e par \u00cele-de-France Mobilit\u00e9s, avec l\u2019appui d\u2019Airparif, a mis en \u00e9vidence des niveaux particuli\u00e8rement \u00e9lev\u00e9s dans plusieurs stations de m\u00e9tro et de RER. <\/p>\n<p>De quoi maintenir la pression sur la r\u00e9gie et relancer le d\u00e9bat sur les moyens \u00e0 mettre en \u0153uvre pour am\u00e9liorer la qualit\u00e9 de l\u2019air dans les espaces souterrains, fr\u00e9quent\u00e9s chaque jour par des millions de voyageurs. <\/p>\n","protected":false},"excerpt":{"rendered":"\u00a9 Shutterstock &#8211; Le parquet de Paris a estim\u00e9 qu\u2019aucune infraction n\u2019\u00e9tait caract\u00e9ris\u00e9e dans l\u2019enqu\u00eate sur la pollution&hellip;\n","protected":false},"author":2,"featured_media":416510,"comment_status":"","ping_status":"","sticky":false,"template":"","format":"standard","meta":{"footnotes":""},"categories":[1592],"tags":[1111,11,1777,674,1011,27,662,12,626,5170,25],"class_list":{"0":"post-416509","1":"post","2":"type-post","3":"status-publish","4":"format-standard","5":"has-post-thumbnail","7":"category-ile-de-france","8":"tag-actu","9":"tag-actualites","10":"tag-eu","11":"tag-europe","12":"tag-fr","13":"tag-france","14":"tag-ile-de-france","15":"tag-news","16":"tag-paris","17":"tag-pollution-de-lair","18":"tag-republique-francaise"},"share_on_mastodon":{"url":"https:\/\/pubeurope.com\/@fr\/115265027224035506","error":""},"_links":{"self":[{"href":"https:\/\/www.europesays.com\/fr\/wp-json\/wp\/v2\/posts\/416509","targetHints":{"allow":["GET"]}}],"collection":[{"href":"https:\/\/www.europesays.com\/fr\/wp-json\/wp\/v2\/posts"}],"about":[{"href":"https:\/\/www.europesays.com\/fr\/wp-json\/wp\/v2\/types\/post"}],"author":[{"embeddable":true,"href":"https:\/\/www.europesays.com\/fr\/wp-json\/wp\/v2\/users\/2"}],"replies":[{"embeddable":true,"href":"https:\/\/www.europesays.com\/fr\/wp-json\/wp\/v2\/comments?post=416509"}],"version-history":[{"count":0,"href":"https:\/\/www.europesays.com\/fr\/wp-json\/wp\/v2\/posts\/416509\/revisions"}],"wp:featuredmedia":[{"embeddable":true,"href":"https:\/\/www.europesays.com\/fr\/wp-json\/wp\/v2\/media\/416510"}],"wp:attachment":[{"href":"https:\/\/www.europesays.com\/fr\/wp-json\/wp\/v2\/media?parent=416509"}],"wp:term":[{"taxonomy":"category","embeddable":true,"href":"https:\/\/www.europesays.com\/fr\/wp-json\/wp\/v2\/categories?post=416509"},{"taxonomy":"post_tag","embeddable":true,"href":"https:\/\/www.europesays.com\/fr\/wp-json\/wp\/v2\/tags?post=416509"}],"curies":[{"name":"wp","href":"https:\/\/api.w.org\/{rel}","templated":true}]}}