{"id":416511,"date":"2025-09-25T12:51:10","date_gmt":"2025-09-25T12:51:10","guid":{"rendered":"https:\/\/www.europesays.com\/fr\/416511\/"},"modified":"2025-09-25T12:51:10","modified_gmt":"2025-09-25T12:51:10","slug":"une-marche-blanche-organisee-a-paris-par-des-syndicats-de-soignants","status":"publish","type":"post","link":"https:\/\/www.europesays.com\/fr\/416511\/","title":{"rendered":"une marche blanche organis\u00e9e \u00e0 Paris par des syndicats de soignants"},"content":{"rendered":"<p>            Par<br \/>\n        <strong><br \/>\n            <a href=\"https:\/\/actu.fr\/auteur\/redaction-paris\" title=\"Consulter tous les articles de R\u00e9daction Paris\" target=\"_blank\" rel=\"noopener\">R\u00e9daction Paris<\/a><br \/>\n        <\/strong><\/p>\n<p>        Publi\u00e9 le<\/p>\n<p>            25 sept. 2025 \u00e0 14h47        <\/p>\n<p>\u00ab\u2009Exiger la sanctuarisation des budgets de sant\u00e9\u2009\u00bb. C\u2019est la principale revendication de la trentaine de syndicats et associations de soignants et patients qui appellent \u00e0 une <strong>marche blanche<\/strong> ce samedi 4\u00a0octobre \u00e0 Paris, du <a href=\"https:\/\/actu.fr\/tag\/pantheon\" target=\"_blank\" rel=\"noopener\">Panth\u00e9on<\/a> au minist\u00e8re de la Sant\u00e9. Il estime que la sant\u00e9 est devenue \u00ab\u2009variable d\u2019ajustement budg\u00e9taire\u2009\u00bb.<\/p>\n<p>\u00ab\u2009Des r\u00e9ponses adapt\u00e9es aux besoins r\u00e9els\u2009\u00bb<\/p>\n<p class=\" wall-content\">\u00ab\u2009Urgences satur\u00e9es, patients laiss\u00e9s <strong>des heures sur des brancards<\/strong>, angoisse pour trouver un lit, des mois d\u2019attente pour un rendez-vous en gyn\u00e9cologie ou dermatologie, d\u00e9serts m\u00e9dicaux sans m\u00e9decin traitant\u2026 C\u2019est devenu le quotidien [\u2026] Et nous ne le supportons plus\u2009\u00bb, \u00e9crivent ces professionnels de sant\u00e9 dans un communiqu\u00e9.<\/p>\n<p class=\" wall-content\">\u00ab\u2009La sant\u00e9 n\u2019est pas une variable d\u2019ajustement budg\u00e9taire, mais un droit fondamental. Nous exigeons <strong>la sanctuarisation des budgets<\/strong> de sant\u00e9. Nous demandons des r\u00e9ponses adapt\u00e9es aux besoins r\u00e9els de sant\u00e9 publique\u2009\u00bb, poursuivent-ils.<\/p>\n<p class=\" wall-content\">Le Collectif Sant\u00e9 en Danger appelait d\u00e9j\u00e0 <strong>depuis plusieurs semaines<\/strong> \u00e0 cette marche blanche. Parmi les organisations signataires figurent la premi\u00e8re f\u00e9d\u00e9ration de syndicats de m\u00e9decins hospitaliers APH (Action praticiens h\u00f4pital), les syndicats d\u2019urgentistes Samu-Urgences de France et Amuf, les principaux syndicats des pharmaciens l\u2019USPO et la FSPF, plusieurs syndicats de m\u00e9decins lib\u00e9raux (UFML, SML, M\u00e9decins pour demain) ou encore des organisations de kin\u00e9sith\u00e9rapeutes, d\u2019infirmiers ou de psychiatres.<\/p>\n<p>\u00ab\u2009Une mobilisation silencieuse mais d\u00e9termin\u00e9e\u2009\u00bb<\/p>\n<p class=\" wall-content\">Dans leur communiqu\u00e9, les organisations rappellent les grands maux dont souffre le syst\u00e8me de sant\u00e9\u2009: \u00ab\u2009<strong>manque<\/strong> de g\u00e9n\u00e9ralistes\u2009\u00bb partout, \u00ab\u2009sp\u00e9cialistes <strong>inaccessibles<\/strong> avant plusieurs mois\u2009\u00bb, recours obligatoire aux urgences pour de nombreux malades, \u00ab\u2009pertes de chances dramatiques en canc\u00e9rologie et ailleurs\u2009\u00bb, \u00ab\u2009soignants qui <strong>s\u2019\u00e9puisent<\/strong> et des \u00e9tudiants qui renoncent\u2009\u00bb\u2026<\/p>\n<p class=\" wall-content\">\u00ab Dans un contexte de violence, de <strong>m\u00e9pris institutionnel<\/strong> et de conditions de travail d\u00e9grad\u00e9es, nous appelons \u00e0 une mobilisation silencieuse mais d\u00e9termin\u00e9e\u2009\u00bb, \u00e9crivent-ils. Ils choisissent de \u00ab\u2009marcher en blanc\u2009\u00bb pour \u00ab\u2009rappeler que derri\u00e8re chaque blouse il y a une vie, une dignit\u00e9 [\u2026] que derri\u00e8re chaque lit ferm\u00e9, il y a des malades qui attendent, souffrent, ou renoncent aux soins\u2009\u00bb.<\/p>\n<p class=\" wall-content\">Avec AFP.<\/p>\n<p class=\" wall-content\">Personnalisez votre actualit\u00e9 en ajoutant vos villes et m\u00e9dias en favori avec <a href=\"https:\/\/moncompte.actu.fr\" title=\"D\u00e9couvez Mon Actu\" rel=\"nofollow noopener\" data-trk=\"{&quot;cta&quot;:{&quot;action&quot;:&quot;https:\\\/\\\/moncompte.actu.fr&quot;,&quot;category&quot;:&quot;mon compte&quot;,&quot;from&quot;:&quot;article footer&quot;,&quot;name&quot;:&quot;Mon actu&quot;,&quot;type&quot;:&quot;cta&quot;}}\" target=\"_blank\">Mon Actu<\/a>.<\/p>\n","protected":false},"excerpt":{"rendered":"Par R\u00e9daction Paris Publi\u00e9 le 25 sept. 2025 \u00e0 14h47 \u00ab\u2009Exiger la sanctuarisation des budgets de sant\u00e9\u2009\u00bb. C\u2019est&hellip;\n","protected":false},"author":2,"featured_media":416512,"comment_status":"","ping_status":"","sticky":false,"template":"","format":"standard","meta":{"footnotes":""},"categories":[1888],"tags":[1111,1928,11,1927,15182,1777,674,1011,27,1272,12,1926,626,1925,25,71,104],"class_list":{"0":"post-416511","1":"post","2":"type-post","3":"status-publish","4":"format-standard","5":"has-post-thumbnail","7":"category-paris","8":"tag-actu","9":"tag-actu-paris","10":"tag-actualites","11":"tag-actualites-paris","12":"tag-aphp","13":"tag-eu","14":"tag-europe","15":"tag-fr","16":"tag-france","17":"tag-manifestations","18":"tag-news","19":"tag-news-paris","20":"tag-paris","21":"tag-paris-news","22":"tag-republique-francaise","23":"tag-sante","24":"tag-societe"},"share_on_mastodon":{"url":"https:\/\/pubeurope.com\/@fr\/115265030507341559","error":""},"_links":{"self":[{"href":"https:\/\/www.europesays.com\/fr\/wp-json\/wp\/v2\/posts\/416511","targetHints":{"allow":["GET"]}}],"collection":[{"href":"https:\/\/www.europesays.com\/fr\/wp-json\/wp\/v2\/posts"}],"about":[{"href":"https:\/\/www.europesays.com\/fr\/wp-json\/wp\/v2\/types\/post"}],"author":[{"embeddable":true,"href":"https:\/\/www.europesays.com\/fr\/wp-json\/wp\/v2\/users\/2"}],"replies":[{"embeddable":true,"href":"https:\/\/www.europesays.com\/fr\/wp-json\/wp\/v2\/comments?post=416511"}],"version-history":[{"count":0,"href":"https:\/\/www.europesays.com\/fr\/wp-json\/wp\/v2\/posts\/416511\/revisions"}],"wp:featuredmedia":[{"embeddable":true,"href":"https:\/\/www.europesays.com\/fr\/wp-json\/wp\/v2\/media\/416512"}],"wp:attachment":[{"href":"https:\/\/www.europesays.com\/fr\/wp-json\/wp\/v2\/media?parent=416511"}],"wp:term":[{"taxonomy":"category","embeddable":true,"href":"https:\/\/www.europesays.com\/fr\/wp-json\/wp\/v2\/categories?post=416511"},{"taxonomy":"post_tag","embeddable":true,"href":"https:\/\/www.europesays.com\/fr\/wp-json\/wp\/v2\/tags?post=416511"}],"curies":[{"name":"wp","href":"https:\/\/api.w.org\/{rel}","templated":true}]}}