{"id":416521,"date":"2025-09-25T12:56:13","date_gmt":"2025-09-25T12:56:13","guid":{"rendered":"https:\/\/www.europesays.com\/fr\/416521\/"},"modified":"2025-09-25T12:56:13","modified_gmt":"2025-09-25T12:56:13","slug":"paris-reaffirme-son-soutien-total-a-lukraine","status":"publish","type":"post","link":"https:\/\/www.europesays.com\/fr\/416521\/","title":{"rendered":"Paris r\u00e9affirme son soutien total \u00e0 l\u2019Ukraine"},"content":{"rendered":"<p>AA \/ Istanbul \/ Serap Dogansoy<\/p>\n<p>Emmanuel Macron a partag\u00e9 sur le r\u00e9seau de la soci\u00e9t\u00e9 X, bas\u00e9e aux Etats-Unis, une vid\u00e9o chaleureuse avec Volodymyr Zelensky, r\u00e9it\u00e9rant l\u2019appui \u00ab total \u00bb de la France \u00e0 l\u2019Ukraine face \u00e0 l&rsquo;intervention militaire russe. Le pr\u00e9sident a soulign\u00e9 que d\u00e9fendre l\u2019int\u00e9grit\u00e9 territoriale ukrainienne est un devoir pour les nations libres et un enjeu vital pour l\u2019Europe.<\/p>\n<p>Ce geste symbolique s\u2019inscrit dans une s\u00e9rie de prises de position r\u00e9centes illustrant l\u2019engagement constant de Paris aux c\u00f4t\u00e9s de Kiev face \u00e0 l\u2019invasion russe. Lors de la remise du Global Citizen Award, Macron a soulign\u00e9 : \u00ab notre devoir en tant que nations libres et membres des Nations unies est de soutenir les Ukrainiens dans leur r\u00e9sistance, non seulement pour r\u00e9sister mais aussi pour recouvrer leur territoire et leur int\u00e9grit\u00e9 \u00bb.<\/p>\n<p>Le chef de l\u2019\u00c9tat, qui a salu\u00e9 le \u00ab message tr\u00e8s clair \u00bb de Donald Trump sur l\u2019importance d\u2019aider l\u2019Ukraine, a insist\u00e9 sur l\u2019enjeu existentiel que repr\u00e9sente ce conflit pour l\u2019Europe. Pour lui, la d\u00e9fense de la souverainet\u00e9 et de l\u2019int\u00e9grit\u00e9 territoriale reste un principe fondamental de l\u2019ordre international d\u2019apr\u00e8s-guerre.<\/p>\n<p>Tout en appelant \u00e0 la coop\u00e9ration internationale et au rejet des doubles standards, notamment sur les dossiers ukrainien et moyen-oriental, Macron s\u2019est \u00e9galement exprim\u00e9 contre les d\u00e9rives nationalistes et les menaces qui p\u00e8sent sur la d\u00e9mocratie mondiale. \u00ab On peut aimer son pays et aimer coop\u00e9rer avec les autres \u00bb, a-t-il d\u00e9clar\u00e9, r\u00e9affirmant ainsi une vision d\u2019un multilat\u00e9ralisme fort face aux crises actuelles.<\/p>\n<p>&#8211; Conflit russo-ukrainien : Contexte<\/p>\n<p>Pour rappel, la guerre russo-ukrainienne a d\u00e9but\u00e9 en f\u00e9vrier 2022 lorsque la Russie a lanc\u00e9 une op\u00e9ration militaire \u00e0 grande \u00e9chelle de l&rsquo;Ukraine, apr\u00e8s l\u2019annexion de la Crim\u00e9e en 2014 et des ann\u00e9es de tensions dans l\u2019est du pays. La Russie justifie son intervention militaire \u00e0 l&rsquo;Ukraine par la volont\u00e9 de prot\u00e9ger les populations russophones, de freiner l\u2019expansion de l\u2019OTAN \u00e0 ses fronti\u00e8res et de \u00ab d\u00e9nazifier \u00bb un gouvernement qu\u2019elle juge hostile, tout en r\u00e9affirmant son influence historique dans la r\u00e9gion. L\u2019Ukraine, de son c\u00f4t\u00e9, consid\u00e8re cette offensive comme une agression imp\u00e9rialiste visant \u00e0 nier sa souverainet\u00e9 et son droit \u00e0 choisir ses alliances, affirmant d\u00e9fendre son ind\u00e9pendance, son int\u00e9grit\u00e9 territoriale et un ordre international fond\u00e9 sur le droit. <\/p>\n<p>                            &#13;<br \/>\n                                <a href=\"https:\/\/www.aa.com.tr\/fr\/p\/abonnement\/1001\" target=\"_blank\" style=\"font-size:12px; color:#444; text-decoration:none;\" rel=\"nofollow noopener\">&#13;<br \/>\n                                    Seulement une partie des d\u00e9p\u00eaches, que l&rsquo;Agence Anadolu diffuse \u00e0 ses abonn\u00e9s via le Syst\u00e8me de Diffusion interne (HAS), est diffus\u00e9e sur le site de l&rsquo;AA, de mani\u00e8re r\u00e9sum\u00e9e. <b style=\"color:#1897F7\">Contactez-nous s&rsquo;il vous pla\u00eet pour vous abonner.<\/b>&#13;<br \/>\n                                <\/a>&#13;<\/p>\n","protected":false},"excerpt":{"rendered":"AA \/ Istanbul \/ Serap Dogansoy Emmanuel Macron a partag\u00e9 sur le r\u00e9seau de la soci\u00e9t\u00e9 X, bas\u00e9e&hellip;\n","protected":false},"author":2,"featured_media":416522,"comment_status":"","ping_status":"","sticky":false,"template":"","format":"standard","meta":{"footnotes":""},"categories":[1590],"tags":[11,1785,1073,1777,674,11229,12,220,134],"class_list":{"0":"post-416521","1":"post","2":"type-post","3":"status-publish","4":"format-standard","5":"has-post-thumbnail","7":"category-ukraine","8":"tag-actualites","9":"tag-anadolu-ajansi","10":"tag-emmanuel-macron","11":"tag-eu","12":"tag-europe","13":"tag-kiev","14":"tag-news","15":"tag-ukraine","16":"tag-volodymyr-zelensky"},"share_on_mastodon":{"url":"https:\/\/pubeurope.com\/@fr\/115265049993534784","error":""},"_links":{"self":[{"href":"https:\/\/www.europesays.com\/fr\/wp-json\/wp\/v2\/posts\/416521","targetHints":{"allow":["GET"]}}],"collection":[{"href":"https:\/\/www.europesays.com\/fr\/wp-json\/wp\/v2\/posts"}],"about":[{"href":"https:\/\/www.europesays.com\/fr\/wp-json\/wp\/v2\/types\/post"}],"author":[{"embeddable":true,"href":"https:\/\/www.europesays.com\/fr\/wp-json\/wp\/v2\/users\/2"}],"replies":[{"embeddable":true,"href":"https:\/\/www.europesays.com\/fr\/wp-json\/wp\/v2\/comments?post=416521"}],"version-history":[{"count":0,"href":"https:\/\/www.europesays.com\/fr\/wp-json\/wp\/v2\/posts\/416521\/revisions"}],"wp:featuredmedia":[{"embeddable":true,"href":"https:\/\/www.europesays.com\/fr\/wp-json\/wp\/v2\/media\/416522"}],"wp:attachment":[{"href":"https:\/\/www.europesays.com\/fr\/wp-json\/wp\/v2\/media?parent=416521"}],"wp:term":[{"taxonomy":"category","embeddable":true,"href":"https:\/\/www.europesays.com\/fr\/wp-json\/wp\/v2\/categories?post=416521"},{"taxonomy":"post_tag","embeddable":true,"href":"https:\/\/www.europesays.com\/fr\/wp-json\/wp\/v2\/tags?post=416521"}],"curies":[{"name":"wp","href":"https:\/\/api.w.org\/{rel}","templated":true}]}}