{"id":416529,"date":"2025-09-25T13:00:11","date_gmt":"2025-09-25T13:00:11","guid":{"rendered":"https:\/\/www.europesays.com\/fr\/416529\/"},"modified":"2025-09-25T13:00:11","modified_gmt":"2025-09-25T13:00:11","slug":"leurope-cherche-de-nouveaux-projets","status":"publish","type":"post","link":"https:\/\/www.europesays.com\/fr\/416529\/","title":{"rendered":"l\u2019Europe cherche de nouveaux projets"},"content":{"rendered":"<p>L\u2019Europe est bien d\u00e9cid\u00e9e \u00e0 r\u00e9duire sa d\u00e9pendance \u00e0 la puissance mini\u00e8re chinoise. Pour ce faire, la Commission europ\u00e9enne se dit pr\u00eate \u00e0 accompagner de nouveaux projets industriels d\u00e9di\u00e9s aux m\u00e9taux critiques.<\/p>\n<p>Au cours d\u2019un d\u00e9placement \u00e0 Kiruna en Su\u00e8de ce jeudi, le commissaire europ\u00e9en \u00e0 la Prosp\u00e9rit\u00e9 et Strat\u00e9gie industrielle, a annonc\u00e9 un second appel \u00e0 projets pour les identifier. Dans un entretien accord\u00e9 \u00e0 La Tribune Dimanche au d\u00e9but de l\u2019\u00e9t\u00e9, St\u00e9phane S\u00e9journ\u00e9, avait, en effet, fait savoir qu\u2019il travaillait \u00e0 cette \u00e9ventualit\u00e9.<\/p>\n<p>Quelques mois plus t\u00f4t, la Commission europ\u00e9enne a retenu 47 projets industriels consacr\u00e9s \u00e0 ces mati\u00e8res premi\u00e8res critiques, sur les phases de l\u2019extraction, du raffinage, mais aussi du recyclage. Les laur\u00e9ats de ce premier appel \u00e0 projets, mais aussi du second, sont ainsi garantis de b\u00e9n\u00e9ficier de certains avantages, notamment sur le financement.<\/p>\n<p>\u00ab\u00a0Ces projets b\u00e9n\u00e9ficieront d\u2019une autorisation plus rapide, ainsi que d\u2019un acc\u00e8s facilit\u00e9 au financement et aux lev\u00e9es de fonds. La Commission travaille en \u00e9troite collaboration avec les \u00c9tats membres et les institutions financi\u00e8res pour faire de ces avantages une r\u00e9alit\u00e9\u00a0\u00bb, pr\u00e9cise-t-elle dans un communiqu\u00e9.<\/p>\n<p>Trois mati\u00e8res premi\u00e8res encore \u00e0 couvrir&#13;\n<\/p>\n<p>Ce point est tout sauf n\u00e9gligeable. Sur le plan administratif, le d\u00e9lai moyen en Europe pour relancer une mine est estim\u00e9 \u00e0 environ 10 ans, entre le lancement du projet et le d\u00e9but de l\u2019extraction. Le commissaire europ\u00e9en \u00e0 la man\u0153uvre dans ce dossier veut ramener ce d\u00e9lai \u00e0 environ deux ans. D\u2019autant plus qu\u2019il faudra sans aucun doute composer avec des oppositions locales et donc des actions en justice, face \u00e0 leur d\u00e9sir de ne pas voir revenir l\u2019industrie mini\u00e8re sur le continent par souci environnemental.<\/p>\n<p>\u00ab\u00a0Pour \u00eatre admissibles, les projets doivent am\u00e9liorer de mani\u00e8re significative la s\u00e9curit\u00e9 de l\u2019approvisionnement, \u00eatre techniquement r\u00e9alisables et assurent une mise en \u0153uvre durable\u00a0\u00bb, promet pourtant la Commission europ\u00e9enne.<\/p>\n<p>&#13;<\/p>\n<p>Les acteurs priv\u00e9s int\u00e9ress\u00e9s ont jusqu\u2019\u00e0 la mi-janvier 2026 pour d\u00e9poser leur dossier. L\u2019ex\u00e9cutif continental esp\u00e8re notamment attirer des dossiers autour du titane, du silicium et du bismuth. Ces trois mati\u00e8res premi\u00e8res, pourtant jug\u00e9es comme critiques \u00e0 Bruxelles, n\u2019ont aucun projet industriel d\u00e9di\u00e9 dans la liste des 47 projets retenus dans la premi\u00e8re vague.<\/p>\n<p>D\u2019ici 2030, Bruxelles souhaite ne pas d\u00e9pendre \u00e0 plus de 65 % d\u2019un seul pays par mati\u00e8re premi\u00e8re critique. D\u00e8s lors, \u00e0 en croire leur Critical Raw Materials Act, l\u2019Europe vise 10 % de ses besoins couverts par ses propres capacit\u00e9s d\u2019extraction, 40 % de ses besoins en raffinage et 25 % par l\u2019interm\u00e9diaire du recyclage.<\/p>\n","protected":false},"excerpt":{"rendered":"L\u2019Europe est bien d\u00e9cid\u00e9e \u00e0 r\u00e9duire sa d\u00e9pendance \u00e0 la puissance mini\u00e8re chinoise. Pour ce faire, la Commission&hellip;\n","protected":false},"author":2,"featured_media":416530,"comment_status":"","ping_status":"","sticky":false,"template":"","format":"standard","meta":{"footnotes":""},"categories":[1586],"tags":[17,11,1809,28112,645,1777,674,1011,27,1808,966,12,2845,4916,25],"class_list":{"0":"post-416529","1":"post","2":"type-post","3":"status-publish","4":"format-standard","5":"has-post-thumbnail","7":"category-europe","8":"tag-17","9":"tag-actualites","10":"tag-cherche","11":"tag-critiques","12":"tag-entreprises-finance","13":"tag-eu","14":"tag-europe","15":"tag-fr","16":"tag-france","17":"tag-leurope","18":"tag-metaux","19":"tag-news","20":"tag-nouveaux","21":"tag-projets","22":"tag-republique-francaise"},"share_on_mastodon":{"url":"https:\/\/pubeurope.com\/@fr\/115265065994792458","error":""},"_links":{"self":[{"href":"https:\/\/www.europesays.com\/fr\/wp-json\/wp\/v2\/posts\/416529","targetHints":{"allow":["GET"]}}],"collection":[{"href":"https:\/\/www.europesays.com\/fr\/wp-json\/wp\/v2\/posts"}],"about":[{"href":"https:\/\/www.europesays.com\/fr\/wp-json\/wp\/v2\/types\/post"}],"author":[{"embeddable":true,"href":"https:\/\/www.europesays.com\/fr\/wp-json\/wp\/v2\/users\/2"}],"replies":[{"embeddable":true,"href":"https:\/\/www.europesays.com\/fr\/wp-json\/wp\/v2\/comments?post=416529"}],"version-history":[{"count":0,"href":"https:\/\/www.europesays.com\/fr\/wp-json\/wp\/v2\/posts\/416529\/revisions"}],"wp:featuredmedia":[{"embeddable":true,"href":"https:\/\/www.europesays.com\/fr\/wp-json\/wp\/v2\/media\/416530"}],"wp:attachment":[{"href":"https:\/\/www.europesays.com\/fr\/wp-json\/wp\/v2\/media?parent=416529"}],"wp:term":[{"taxonomy":"category","embeddable":true,"href":"https:\/\/www.europesays.com\/fr\/wp-json\/wp\/v2\/categories?post=416529"},{"taxonomy":"post_tag","embeddable":true,"href":"https:\/\/www.europesays.com\/fr\/wp-json\/wp\/v2\/tags?post=416529"}],"curies":[{"name":"wp","href":"https:\/\/api.w.org\/{rel}","templated":true}]}}