{"id":416536,"date":"2025-09-25T13:04:11","date_gmt":"2025-09-25T13:04:11","guid":{"rendered":"https:\/\/www.europesays.com\/fr\/416536\/"},"modified":"2025-09-25T13:04:11","modified_gmt":"2025-09-25T13:04:11","slug":"la-dette-publique-bat-un-nouveau-record-a-3400-milliards-deuros-la-france-senferme-dans-le-role-du-cancre-de-leurope","status":"publish","type":"post","link":"https:\/\/www.europesays.com\/fr\/416536\/","title":{"rendered":"La dette publique bat un nouveau record \u00e0 3400 milliards d\u2019euros, la France s\u2019enferme dans le r\u00f4le du cancre de l\u2019Europe"},"content":{"rendered":"<p>Pour ne pas s\u2019\u00eatre impos\u00e9e les r\u00e9formes structurelles de ses voisins, la France voit son endettement s\u2019envoler.<\/p>\n<p class=\"fig-paragraph\">Inexorablement, la dette publique de la France grossit. Elle a atteint 3400 milliards d\u2019euros au deuxi\u00e8me trimestre 2025, soit 115,6\u00a0% du PIB, selon les chiffres publi\u00e9s ce jeudi par l\u2019Insee. Au cours du seul deuxi\u00e8me trimestre, la dette a encore augment\u00e9 de 70,9 milliards d\u2019euros. C\u2019est un nouveau record national, apr\u00e8s celui \u00e9tabli au premier trimestre,\u00a0<a href=\"http:\/\/www.lefigaro.fr\/conjoncture\/la-dette-de-la-france-atteint-114-du-pib-au-premier-trimestre-soit-3346-milliards-d-euros-20250626\" data-fig-type=\"NewsFlash\" data-gtm-custom-categorie=\"navigation\" data-gtm-custom-action=\"crossclick\" data-gtm-custom-label=\"Contextuel\" data-gtm-event=\"customEventSPE\" data-fig-domain=\"LEFIGARO\" rel=\"nofollow noopener\" target=\"_blank\">\u00e0 3 345 milliards<\/a>\u00a0(114\u00a0% du PIB). Un \u00ab\u00a0Himalaya\u00a0\u00bb, selon l\u2019expression de Fran\u00e7ois Bayrou, gonfl\u00e9 par une augmentation de 1000 milliards d\u2019euros en moins de dix ans.<\/p>\n<p class=\"fig-paragraph\">\u00c0 112\u00a0% du PIB il y a un an, lorsque son pr\u00e9d\u00e9cesseur Michel Barnier arrivait \u00e0 Matignon, la dette risque bien de d\u00e9passer les 120\u00a0% d\u2019ici 2027,\u00a0<a href=\"http:\/\/www.lefigaro.fr\/conjoncture\/dette-fitch-degrade-la-note-de-la-france-et-fait-basculer-le-pays-dans-le-club-des-simples-a-20250912\" data-fig-type=\"NewsFlash\" data-gtm-custom-categorie=\"navigation\" data-gtm-custom-action=\"crossclick\" data-gtm-custom-label=\"Contextuel\" data-gtm-event=\"customEventSPE\" data-fig-domain=\"LEFIGARO\" rel=\"nofollow noopener\" target=\"_blank\">a mis en garde Fitch Ratings<\/a>\u00a0le 12 septembre dernier. Soit au-del\u00e0 du pic atteint au premier trimestre 2021 lors de la crise du Covid (117,8\u00a0%). L\u2019agence de notation, constatant l\u2019incapacit\u00e9 du pays \u00e0 agir efficacement sur son d\u00e9ficit, a d\u00e9grad\u00e9 sa note souveraine, la faisant passer de \u00ab\u00a0AA-\u00a0\u00bb \u00e0 \u00ab\u00a0A+\u00a0\u00bb. La semaine suivante\u2026<\/p>\n<p class=\"fig-premium-paywall__infos\">\n        Cet article est r\u00e9serv\u00e9 aux abonn\u00e9s.        Il vous reste 86% \u00e0 d\u00e9couvrir.\n    <\/p>\n<p>                <img  data- alt=\"Le Figaro\" class=\"fig-img--complete fig-img\"\/><\/p>\n<p class=\"fig-premium-paywall__title\">Vous avez envie de lire la suite ?<\/p>\n<p class=\"fig-premium-paywall__subtitle\">D\u00e9bloquez tous les articles imm\u00e9diatement.<\/p>\n<p class=\"fig-premium-paywall__connect\">\n                D\u00e9j\u00e0 abonn\u00e9\u00a0?                <a class=\"fig-premium-paywall__connect-link\" href=\"https:\/\/connect.lefigaro.fr\/login?client=horizon_web&amp;type=main&amp;redirect_uri=https%3A%2F%2Fwww.lefigaro.fr%2Fconjoncture%2Fla-dette-publique-bat-un-nouveau-record-a-115-6-du-pib-la-france-s-enferme-dans-le-role-du-cancre-de-l-europe-20250925\" data-js-gtm=\"{&quot;customCategorie&quot;: &quot;conversion&quot;, &quot;customAction&quot;: &quot;before_Landing_Connexion_paywall_auto&quot;, &quot;customLabel&quot;: &quot;bGVmaWdhcm8uZnJfXzFmMDk0OGU0LTAyZjQtNmZlYS1iNjRmLTY3MGUzMmI2MDUxZF9fTmV3c0ZsYXNo_La dette publique bat un nouveau record \u00e0 3400 milliards d\u2019euros, la France s\u2019enferme dans le r\u00f4le du cancre de l\u2019Europe_473&quot;, &quot;customIDSPE&quot;: &quot;bGVmaWdhcm8uZnJfXzFmMDk0OGU0LTAyZjQtNmZlYS1iNjRmLTY3MGUzMmI2MDUxZF9fTmV3c0ZsYXNo&quot;, &quot;event&quot;: &quot;customEventSPE&quot;}\" rel=\"nofollow noopener\" target=\"_blank\"><br \/>\n                    Connectez-vous<br \/>\n                <\/a>\n            <\/p>\n","protected":false},"excerpt":{"rendered":"Pour ne pas s\u2019\u00eatre impos\u00e9e les r\u00e9formes structurelles de ses voisins, la France voit son endettement s\u2019envoler. Inexorablement,&hellip;\n","protected":false},"author":2,"featured_media":416537,"comment_status":"","ping_status":"","sticky":false,"template":"","format":"standard","meta":{"footnotes":""},"categories":[4],"tags":[11,6327,1011,27,12,25],"class_list":{"0":"post-416536","1":"post","2":"type-post","3":"status-publish","4":"format-standard","5":"has-post-thumbnail","7":"category-france","8":"tag-actualites","9":"tag-dette","10":"tag-fr","11":"tag-france","12":"tag-news","13":"tag-republique-francaise"},"share_on_mastodon":{"url":"https:\/\/pubeurope.com\/@fr\/115265081550871793","error":""},"_links":{"self":[{"href":"https:\/\/www.europesays.com\/fr\/wp-json\/wp\/v2\/posts\/416536","targetHints":{"allow":["GET"]}}],"collection":[{"href":"https:\/\/www.europesays.com\/fr\/wp-json\/wp\/v2\/posts"}],"about":[{"href":"https:\/\/www.europesays.com\/fr\/wp-json\/wp\/v2\/types\/post"}],"author":[{"embeddable":true,"href":"https:\/\/www.europesays.com\/fr\/wp-json\/wp\/v2\/users\/2"}],"replies":[{"embeddable":true,"href":"https:\/\/www.europesays.com\/fr\/wp-json\/wp\/v2\/comments?post=416536"}],"version-history":[{"count":0,"href":"https:\/\/www.europesays.com\/fr\/wp-json\/wp\/v2\/posts\/416536\/revisions"}],"wp:featuredmedia":[{"embeddable":true,"href":"https:\/\/www.europesays.com\/fr\/wp-json\/wp\/v2\/media\/416537"}],"wp:attachment":[{"href":"https:\/\/www.europesays.com\/fr\/wp-json\/wp\/v2\/media?parent=416536"}],"wp:term":[{"taxonomy":"category","embeddable":true,"href":"https:\/\/www.europesays.com\/fr\/wp-json\/wp\/v2\/categories?post=416536"},{"taxonomy":"post_tag","embeddable":true,"href":"https:\/\/www.europesays.com\/fr\/wp-json\/wp\/v2\/tags?post=416536"}],"curies":[{"name":"wp","href":"https:\/\/api.w.org\/{rel}","templated":true}]}}