{"id":416538,"date":"2025-09-25T13:05:12","date_gmt":"2025-09-25T13:05:12","guid":{"rendered":"https:\/\/www.europesays.com\/fr\/416538\/"},"modified":"2025-09-25T13:05:12","modified_gmt":"2025-09-25T13:05:12","slug":"combles-en-barrois-des-instituteurs-se-forment-a-la-pratique-du-golf-scolaire","status":"publish","type":"post","link":"https:\/\/www.europesays.com\/fr\/416538\/","title":{"rendered":"Combles-en-Barrois. Des instituteurs se forment \u00e0 la pratique du golf scolaire"},"content":{"rendered":"<p>Le golf, c\u2019est un sport nouveau pour moi, qui offre plein d\u2019opportunit\u00e9s d\u2019apprentissages. En vrai, ce sport est tr\u00e8s agr\u00e9able \u00e0 pratiquer, \u00e0 condition de respecter quelques consignes. J\u2019imagine que mes \u00e9l\u00e8ves vont adorer\u00a0\u00bb, souligne d\u00e9j\u00e0 cette jeune enseignante. \u00c0 l\u2019image de la jeune ma\u00eetresse conquise, ce sont une dizaine de stagiaires qui sont venus, clubs \u00e0 la main, fouler les greens de Combles-en-Barrois.<\/p>\n<p>  Une discipline \u00e0 part enti\u00e8re<\/p>\n<p>\u00ab\u00a0Pour apprendre en EPS (\u00c9ducation Physique et Sportive) et par l\u2019EPS, le golf est vraiment en pleine ad\u00e9quation avec les programmes pluridisciplinaires\u00a0\u00bb, insiste Jean-Luc Dorangeon, conseiller p\u00e9dagogique sportif d\u00e9partemental de la Meuse. Avec toujours le m\u00eame plaisir de partager sa passion des greens et fairways, le conseiller p\u00e9dagogique ne cesse de pr\u00f4ner l\u2019utilit\u00e9 de la pratique du golf en milieu scolaire. Un message enti\u00e8rement partag\u00e9 par Nicolas Spongy et Julien Dreno, les entra\u00eeneurs professionnels des golfs de Combles et de la Madine.<\/p>\n<p>Tandis que Nicolas souligne \u00ab\u00a0la chance qu\u2019ont les stagiaires de go\u00fbter aux plaisirs du golf avant m\u00eame que les \u00e9l\u00e8ves ne le d\u00e9couvrent\u00a0\u00bb, Julien insiste sur \u00ab\u00a0l\u2019int\u00e9r\u00eat de faire conna\u00eetre ce sport et de le populariser pour lui donner une image plus accessible\u00a0\u00bb.<\/p>\n<p>En choisissant de d\u00e9mystifier cette discipline sportive, tous les protagonistes meusiens sont unanimes pour d\u00e9clarer que le d\u00e9veloppement du golf passe par la formation des enseignants. Et chance inou\u00efe, ces enseignants en stage sont d\u00e9j\u00e0 tr\u00e8s motiv\u00e9s pour introduire le golf scolaire dans leurs programmations. Aux \u00e9l\u00e8ves maintenant de jouer et de se faire plaisir dans leurs cours de r\u00e9cr\u00e9ation, stades ou terrains herbeux avec les kits d\u2019initiation pr\u00eat\u00e9s pour l\u2019occasion.<\/p>\n<p>  La Meuse, ardente d\u00e9fenseuse du golf pour tous<\/p>\n<p>Depuis 2011, l\u2019Inspection Acad\u00e9mique, le comit\u00e9 Meuse de golf, l\u2019USEP de la Meuse et les clubs locaux unissent leurs efforts pour favoriser la pratique du golf scolaire au plus grand nombre.<\/p>\n","protected":false},"excerpt":{"rendered":"Le golf, c\u2019est un sport nouveau pour moi, qui offre plein d\u2019opportunit\u00e9s d\u2019apprentissages. En vrai, ce sport est&hellip;\n","protected":false},"author":2,"featured_media":416539,"comment_status":"","ping_status":"","sticky":false,"template":"","format":"standard","meta":{"footnotes":""},"categories":[1418],"tags":[40070,40069,3602,1057,5016,1011,27,1472,60],"class_list":{"0":"post-416538","1":"post","2":"type-post","3":"status-publish","4":"format-standard","5":"has-post-thumbnail","7":"category-golf","8":"tag-ca-de-bar-le-duc-sud-meuse-55a","9":"tag-combles-en-barrois","10":"tag-edition-bar-le-duc","11":"tag-education","12":"tag-formation-orientation","13":"tag-fr","14":"tag-france","15":"tag-golf","16":"tag-sports"},"share_on_mastodon":{"url":"https:\/\/pubeurope.com\/@fr\/115265085315550361","error":""},"_links":{"self":[{"href":"https:\/\/www.europesays.com\/fr\/wp-json\/wp\/v2\/posts\/416538","targetHints":{"allow":["GET"]}}],"collection":[{"href":"https:\/\/www.europesays.com\/fr\/wp-json\/wp\/v2\/posts"}],"about":[{"href":"https:\/\/www.europesays.com\/fr\/wp-json\/wp\/v2\/types\/post"}],"author":[{"embeddable":true,"href":"https:\/\/www.europesays.com\/fr\/wp-json\/wp\/v2\/users\/2"}],"replies":[{"embeddable":true,"href":"https:\/\/www.europesays.com\/fr\/wp-json\/wp\/v2\/comments?post=416538"}],"version-history":[{"count":0,"href":"https:\/\/www.europesays.com\/fr\/wp-json\/wp\/v2\/posts\/416538\/revisions"}],"wp:featuredmedia":[{"embeddable":true,"href":"https:\/\/www.europesays.com\/fr\/wp-json\/wp\/v2\/media\/416539"}],"wp:attachment":[{"href":"https:\/\/www.europesays.com\/fr\/wp-json\/wp\/v2\/media?parent=416538"}],"wp:term":[{"taxonomy":"category","embeddable":true,"href":"https:\/\/www.europesays.com\/fr\/wp-json\/wp\/v2\/categories?post=416538"},{"taxonomy":"post_tag","embeddable":true,"href":"https:\/\/www.europesays.com\/fr\/wp-json\/wp\/v2\/tags?post=416538"}],"curies":[{"name":"wp","href":"https:\/\/api.w.org\/{rel}","templated":true}]}}