{"id":416544,"date":"2025-09-25T13:11:10","date_gmt":"2025-09-25T13:11:10","guid":{"rendered":"https:\/\/www.europesays.com\/fr\/416544\/"},"modified":"2025-09-25T13:11:10","modified_gmt":"2025-09-25T13:11:10","slug":"quatre-ultim-et-dix-ocean-fifty-engages-aux-24-h-ultim-a-lorient-lequipe-fr","status":"publish","type":"post","link":"https:\/\/www.europesays.com\/fr\/416544\/","title":{"rendered":"Quatre Ultim et dix Ocean Fifty engag\u00e9s aux 24 H Ultim \u00e0 Lorient &#8211; lequipe.fr"},"content":{"rendered":"<ol>\n<li><a href=\"https:\/\/news.google.com\/rss\/articles\/CBMisgFBVV95cUxONTYyQWNBYl9OX0FTeEV3UVJMWFV2d3p6UW5oYlAxWGNNUDEzNk9ZSGE1NXlaRUMtWktfYjBwb3BNUU9nWkoxSlFnSnpPZEV4b1lBUmNIekh6RGFDVFdSRWVBTFc3SzF0SnFKT0dfY1JHa3BuUENfNC1leExNQkFvWU9ndkFaWjlIYnFvLUhQd1J4YklYYnBzMmM1N0NmakR2LTNEMTR3UEhFeUNkdF8walh3?oc=5\" target=\"_blank\" rel=\"noopener\">Quatre Ultim et dix Ocean Fifty engag\u00e9s aux 24 H Ultim \u00e0 Lorient<\/a>&nbsp;&nbsp;lequipe.fr<\/li>\n<li><a href=\"https:\/\/news.google.com\/rss\/articles\/CBMi6wFBVV95cUxPWUpBV085aEF1OWJWLWI4Q1lWcjRTVW5VSk4zcXNrM1p5Qkk0Q2YzTUljRlNlMzhUYXozV25VcnpmREozVnptR1Z4MkMtOWNEcnRzREZkek9kSTMtWkhlNDhyUWlRUWFWLS1GdWVpUGlWRFJqXzQ1SUd3cDg4dzRLcFlsNWFpOVNFbHpHMk03djVOSFBVNzBkamEzNkpTbTFOdkNKRU1JSjVJMkQ5TVBWczB3aERqSkFDLUVndGM2ZE9LNmRsbldfSHBxaDg2X0wyYTlzNEVtYTV6TXRuWkJONWZNX2hUVnZRazl3?oc=5\" target=\"_blank\" rel=\"noopener\">Voile. 24 H Ultim : pourquoi la classe Ocean Fifty va t-elle naviguer avec les Ultim ce week-end<\/a>&nbsp;&nbsp;Maville<\/li>\n<li><a href=\"https:\/\/news.google.com\/rss\/articles\/CBMiugFBVV95cUxPb2Fwdm5pcEdWbDVVOWRsNWRrT2ZtbzJZYWRBT1loUXBqYVBvcFNvZXVVbjJKc3pFNnRBSUpRSjJGS0s5Q0U4ZktBT3dwTW9EMW55bVIzcmRaWlVoT25IV3Q2eEFRUXQzalQ2WFVkWFBtLXBQcUpvRWU0Y2lSZFBiY0JMSmtSRTV3NkJXc0JDSDV4TzEzTU5VcWpYa0Y3bDJweWc2eW5MS1M4YUJ3SnZTdDFvbklFTlpaVFE?oc=5\" target=\"_blank\" rel=\"noopener\">VOILE : Viabilis Oc\u00e9ans &#8211; Baptiste HULIN et Thomas ROUXEL surmotiv\u00e9s pour les 24h Ultim<\/a>&nbsp;&nbsp;Presse Agence Sport<\/li>\n<li><a href=\"https:\/\/news.google.com\/rss\/articles\/CBMiekFVX3lxTE1HWTBVXzBQSkVzLUtnZ2wzMHFkMGVySnFFbFdMY0JxRmV2NzFRTldHT0d6blVHRUFlUTRBLWh3X3RETFJsd09jdFZjVXFVQ2ZFTkdETFpzdkgtV1hpaU9KTFZJU1dtQkMwcEl4aU93RV9pQ2tIMWZ5eEhn?oc=5\" target=\"_blank\" rel=\"noopener\">Pierre Quiroga et Gaston Morvan s\u2019appr\u00eatent \u00e0 prendre le d\u00e9part des 24H ULTIM ce samedi 27 septembre, \u00ab\u00a0nous allons tout donner\u00a0\u00bb<\/a>&nbsp;&nbsp;ScanVoile<\/li>\n<li><a href=\"https:\/\/news.google.com\/rss\/articles\/CBMi-gFBVV95cUxQamlCZmxFTjhyaDhrMUY3b0Q4U09OSWd1bENhZW5kdC1abmdHcXpJRXhsMXUxck4zTkdVTmpGMnVRRTdDM2cwMmR6RE9HTF92bno3Z0pFaUlLajBFaktsT1lnMF9VcHVuSXNiRDVUd0FGNmx4dmRuVEhrX0F3SFpJd1JCYWJucEoyRldMYjJ6c1g0Tm5LbGZBMWIzbmRiQkFNNmszU2hEejdFMGlsalhXWTdManlxNmRJbzM1ZHk3NDEyR0dRNm5YMWI5N1c2OC1FeHFwbmtpdG1aUEg2eXhVU0hWOUVHY2tUSjRhTTNuVkdsN2YwZnhXUHlB?oc=5\" target=\"_blank\" rel=\"noopener\">Lorient-La Base, 24h Ultim : 14 multicoques pour un show total, des runs de vitesse aux 24 heures en double (25\u201328 septembre)<\/a>&nbsp;&nbsp;Breizh-info.com<\/li>\n<\/ol>\n","protected":false},"excerpt":{"rendered":"Quatre Ultim et dix Ocean Fifty engag\u00e9s aux 24 H Ultim \u00e0 Lorient&nbsp;&nbsp;lequipe.fr Voile. 24 H Ultim :&hellip;\n","protected":false},"author":2,"featured_media":416545,"comment_status":"","ping_status":"","sticky":false,"template":"","format":"standard","meta":{"footnotes":""},"categories":[1412],"tags":[1451,1452,1453,1454,1455,1011,27,60],"class_list":{"0":"post-416544","1":"post","2":"type-post","3":"status-publish","4":"format-standard","5":"has-post-thumbnail","7":"category-f1","8":"tag-f1","9":"tag-formula-1","10":"tag-formula1","11":"tag-formule-1","12":"tag-formule1","13":"tag-fr","14":"tag-france","15":"tag-sports"},"share_on_mastodon":{"url":"https:\/\/pubeurope.com\/@fr\/115265109016483539","error":""},"_links":{"self":[{"href":"https:\/\/www.europesays.com\/fr\/wp-json\/wp\/v2\/posts\/416544","targetHints":{"allow":["GET"]}}],"collection":[{"href":"https:\/\/www.europesays.com\/fr\/wp-json\/wp\/v2\/posts"}],"about":[{"href":"https:\/\/www.europesays.com\/fr\/wp-json\/wp\/v2\/types\/post"}],"author":[{"embeddable":true,"href":"https:\/\/www.europesays.com\/fr\/wp-json\/wp\/v2\/users\/2"}],"replies":[{"embeddable":true,"href":"https:\/\/www.europesays.com\/fr\/wp-json\/wp\/v2\/comments?post=416544"}],"version-history":[{"count":0,"href":"https:\/\/www.europesays.com\/fr\/wp-json\/wp\/v2\/posts\/416544\/revisions"}],"wp:featuredmedia":[{"embeddable":true,"href":"https:\/\/www.europesays.com\/fr\/wp-json\/wp\/v2\/media\/416545"}],"wp:attachment":[{"href":"https:\/\/www.europesays.com\/fr\/wp-json\/wp\/v2\/media?parent=416544"}],"wp:term":[{"taxonomy":"category","embeddable":true,"href":"https:\/\/www.europesays.com\/fr\/wp-json\/wp\/v2\/categories?post=416544"},{"taxonomy":"post_tag","embeddable":true,"href":"https:\/\/www.europesays.com\/fr\/wp-json\/wp\/v2\/tags?post=416544"}],"curies":[{"name":"wp","href":"https:\/\/api.w.org\/{rel}","templated":true}]}}