{"id":416548,"date":"2025-09-25T13:13:12","date_gmt":"2025-09-25T13:13:12","guid":{"rendered":"https:\/\/www.europesays.com\/fr\/416548\/"},"modified":"2025-09-25T13:13:12","modified_gmt":"2025-09-25T13:13:12","slug":"ligue-1-que-pensent-les-supporters-du-racing-du-conflit-entre-les-ultras-et-la-direction","status":"publish","type":"post","link":"https:\/\/www.europesays.com\/fr\/416548\/","title":{"rendered":"Ligue 1. Que pensent les supporters du Racing du conflit entre les ultras et la direction ?"},"content":{"rendered":"<p>La Meinau, c\u2019est comme sa maison, lui qui habite \u00e0 quelques encablures du stade au sein de la r\u00e9sidence familiale. Louis Heim aime le Racing, son \u00ab\u00a0club de quartier\u00a0\u00bb. Il y a m\u00eame jou\u00e9 et \u00e9t\u00e9 ramasseur de balles dans les ann\u00e9es 1970.<\/p>\n<p>Depuis plus de 50 ans, il vibre pour les Bleus dans <a href=\"https:\/\/www.dna.fr\/sport\/2025\/09\/12\/racing-si-la-meinau-nous-etait-contee\" target=\"_blank\" rel=\"noopener\">une enceinte qui a \u00e9volu\u00e9 au fil des d\u00e9cennies<\/a>. \u00ab\u00a0J\u2019en ai vu des choses\u00a0\u00bb, sourit le retrait\u00e9 de 68 ans. Mais la crise actuelle entre une partie des ultras, vent debout contre la multipropri\u00e9t\u00e9, et la direction du Racing a le go\u00fbt de l\u2019in\u00e9dit.<\/p>\n<p>\u00ab\u00a0Un comportement inadmissible\u00a0\u00bb<\/p>\n<p>\u00ab\u00a0Le m\u00e9contentement des supporters a toujours exist\u00e9, poursuit-il, mais il \u00e9tait li\u00e9 au sportif. Il a aussi pu y avoir des heurts pour des choix de la direction, notamment lorsque <a href=\"https:\/\/www.dna.fr\/sport\/2021\/04\/30\/grand-format-gilbert-gress-ancien-joueur-et-entraineur-du-racing-quand-j-avais-quelque-chose-a-dire-je-le-disais\" target=\"_blank\" rel=\"noopener\">Gilbert Gress<\/a> a \u00e9t\u00e9&#8230;<\/p>\n","protected":false},"excerpt":{"rendered":"La Meinau, c\u2019est comme sa maison, lui qui habite \u00e0 quelques encablures du stade au sein de la&hellip;\n","protected":false},"author":2,"featured_media":416549,"comment_status":"","ping_status":"","sticky":false,"template":"","format":"standard","meta":{"footnotes":""},"categories":[1410],"tags":[328,2389,2880,107,1701,63,1011,27,41281,517,1947,60,2879],"class_list":{"0":"post-416548","1":"post","2":"type-post","3":"status-publish","4":"format-standard","5":"has-post-thumbnail","7":"category-football","8":"tag-a-la-une","9":"tag-alsace","10":"tag-edition-strasbourg","11":"tag-fil-info","12":"tag-fil-info-sport","13":"tag-football","14":"tag-fr","15":"tag-france","16":"tag-racing-club-strasbourg-masculin","17":"tag-sport","18":"tag-sport-national","19":"tag-sports","20":"tag-strasbourg-ville"},"share_on_mastodon":{"url":"https:\/\/pubeurope.com\/@fr\/115265117339435219","error":""},"_links":{"self":[{"href":"https:\/\/www.europesays.com\/fr\/wp-json\/wp\/v2\/posts\/416548","targetHints":{"allow":["GET"]}}],"collection":[{"href":"https:\/\/www.europesays.com\/fr\/wp-json\/wp\/v2\/posts"}],"about":[{"href":"https:\/\/www.europesays.com\/fr\/wp-json\/wp\/v2\/types\/post"}],"author":[{"embeddable":true,"href":"https:\/\/www.europesays.com\/fr\/wp-json\/wp\/v2\/users\/2"}],"replies":[{"embeddable":true,"href":"https:\/\/www.europesays.com\/fr\/wp-json\/wp\/v2\/comments?post=416548"}],"version-history":[{"count":0,"href":"https:\/\/www.europesays.com\/fr\/wp-json\/wp\/v2\/posts\/416548\/revisions"}],"wp:featuredmedia":[{"embeddable":true,"href":"https:\/\/www.europesays.com\/fr\/wp-json\/wp\/v2\/media\/416549"}],"wp:attachment":[{"href":"https:\/\/www.europesays.com\/fr\/wp-json\/wp\/v2\/media?parent=416548"}],"wp:term":[{"taxonomy":"category","embeddable":true,"href":"https:\/\/www.europesays.com\/fr\/wp-json\/wp\/v2\/categories?post=416548"},{"taxonomy":"post_tag","embeddable":true,"href":"https:\/\/www.europesays.com\/fr\/wp-json\/wp\/v2\/tags?post=416548"}],"curies":[{"name":"wp","href":"https:\/\/api.w.org\/{rel}","templated":true}]}}