{"id":41655,"date":"2025-04-21T14:05:10","date_gmt":"2025-04-21T14:05:10","guid":{"rendered":"https:\/\/www.europesays.com\/fr\/41655\/"},"modified":"2025-04-21T14:05:10","modified_gmt":"2025-04-21T14:05:10","slug":"six-personnes-emportees-par-de-gigantesques-vagues-au-large-de-sydney-et-melbourne-ce-week-end-liberation","status":"publish","type":"post","link":"https:\/\/www.europesays.com\/fr\/41655\/","title":{"rendered":"six personnes emport\u00e9es par de gigantesques vagues au large de Sydney et Melbourne ce week-end \u2013 Lib\u00e9ration"},"content":{"rendered":"<p class=\"sc-cPiKLX AiZTS text-element\">Les avertissements des autorit\u00e9s appelant \u00e0 \u00e9viter d\u2019aller en mer n\u2019y ont rien fait. Le week-end de P\u00e2ques est mortel sur les c\u00f4tes sud-est de l\u2019Australie. Un p\u00eacheur qui se trouvait sur des rochers est mort dimanche pr\u00e8s de\u00a0Sydney\u00a0apr\u00e8s avoir \u00e9t\u00e9 emport\u00e9 par la houle, portant \u00e0 six le nombre de noyades survenues au cours du week-end de P\u00e2ques en Australie, o\u00f9 de gigantesques vagues d\u00e9ferlent sur la c\u00f4te est.<\/p>\n<p class=\"sc-cPiKLX AiZTS text-element\">Les services d\u2019urgences ont tent\u00e9 de secourir deux personnes emport\u00e9es alors qu\u2019elles \u00e9taient en train de p\u00eacher sur la plage de Wattamolla, mais l\u2019une d\u2019elles n\u2019a pas pu \u00eatre ranim\u00e9e, a indiqu\u00e9 la police de Nouvelle-Galles du Sud (sud-est) dans un communiqu\u00e9. Le deuxi\u00e8me p\u00eacheur, un gar\u00e7on de 14\u00a0ans, se trouve dans un \u00e9tat stable \u00e0 l\u2019h\u00f4pital.<\/p>\n<p class=\"sc-cPiKLX AiZTS text-element\">Samedi, la houle, qui atteignait 3,5 m\u00e8tres par endroits, a emport\u00e9 un autre p\u00eacheur dans le sud de l\u2019Etat de Nouvelle-Galles du Sud. Trois personnes s\u2019\u00e9taient d\u00e9j\u00e0 noy\u00e9es vendredi en Nouvelle-Galles du Sud, tandis qu\u2019une femme est d\u00e9c\u00e9d\u00e9e pr\u00e8s de Melbourne (sud-est).<\/p>\n<p class=\"sc-cPiKLX AiZTS text-element\">Par ailleurs, deux personnes sont port\u00e9es disparues en mer depuis vendredi, l\u2019une au large de\u00a0Sydney\u00a0et l\u2019autre au large de Melbourne, et les recherches se poursuivent pour tenter de les retrouver.<\/p>\n<p class=\"sc-cPiKLX AiZTS text-element\">Surf Life Saving Australia (SLSA), <a href=\"https:\/\/www.abc.net.au\/news\/2025-04-20\/nsw-easter-drowning-toll-rises-fisherman-swept-rocks-wattamolla\/105195098\" target=\"_blank\" rel=\"noopener\">qui a fait \u00e9tat du \u00abpire\u00bb week-end<\/a> en mati\u00e8re de mortalit\u00e9 due aux noyades, avait \u00e9mis un avertissement jeudi, indiquant que de fortes houles cr\u00e9eraient des conditions de surf dangereuses le long des c\u00f4tes des Etats de Nouvelle-Galles du Sud et de Victoria. \u00abC\u2019est la combinaison de fortes temp\u00e9ratures, d\u2019un week-end prolong\u00e9 qui am\u00e8ne des centaines de personnes pr\u00e8s des c\u00f4tes et d\u2019une \u00e9norme houle\u00bb, a constat\u00e9 son dirigeant, qui a \u00e9tabli \u00e0 150 le nombre d\u2019interventions depuis le d\u00e9but du week-end. Alors que des milliers de volontaires patrouillent dans l\u2019oc\u00e9an pour pr\u00e9venir tout accident, le Premier ministre australien Anthony Albanese y est \u00e9galement all\u00e9 de son message de pr\u00e9vention, appelant chacun \u00e0 rester \u00aben s\u00e9curit\u00e9\u00bb.<\/p>\n","protected":false},"excerpt":{"rendered":"Les avertissements des autorit\u00e9s appelant \u00e0 \u00e9viter d\u2019aller en mer n\u2019y ont rien fait. Le week-end de P\u00e2ques&hellip;\n","protected":false},"author":2,"featured_media":41656,"comment_status":"","ping_status":"","sticky":false,"template":"","format":"standard","meta":{"footnotes":""},"categories":[5],"tags":[11,5035,1011,27,14,12,12687,28],"class_list":{"0":"post-41655","1":"post","2":"type-post","3":"status-publish","4":"format-standard","5":"has-post-thumbnail","7":"category-international","8":"tag-actualites","9":"tag-australie","10":"tag-fr","11":"tag-france","12":"tag-international","13":"tag-news","14":"tag-oceans","15":"tag-world"},"share_on_mastodon":{"url":"https:\/\/pubeurope.com\/@fr\/114376338627268968","error":""},"_links":{"self":[{"href":"https:\/\/www.europesays.com\/fr\/wp-json\/wp\/v2\/posts\/41655","targetHints":{"allow":["GET"]}}],"collection":[{"href":"https:\/\/www.europesays.com\/fr\/wp-json\/wp\/v2\/posts"}],"about":[{"href":"https:\/\/www.europesays.com\/fr\/wp-json\/wp\/v2\/types\/post"}],"author":[{"embeddable":true,"href":"https:\/\/www.europesays.com\/fr\/wp-json\/wp\/v2\/users\/2"}],"replies":[{"embeddable":true,"href":"https:\/\/www.europesays.com\/fr\/wp-json\/wp\/v2\/comments?post=41655"}],"version-history":[{"count":0,"href":"https:\/\/www.europesays.com\/fr\/wp-json\/wp\/v2\/posts\/41655\/revisions"}],"wp:featuredmedia":[{"embeddable":true,"href":"https:\/\/www.europesays.com\/fr\/wp-json\/wp\/v2\/media\/41656"}],"wp:attachment":[{"href":"https:\/\/www.europesays.com\/fr\/wp-json\/wp\/v2\/media?parent=41655"}],"wp:term":[{"taxonomy":"category","embeddable":true,"href":"https:\/\/www.europesays.com\/fr\/wp-json\/wp\/v2\/categories?post=41655"},{"taxonomy":"post_tag","embeddable":true,"href":"https:\/\/www.europesays.com\/fr\/wp-json\/wp\/v2\/tags?post=41655"}],"curies":[{"name":"wp","href":"https:\/\/api.w.org\/{rel}","templated":true}]}}