{"id":416558,"date":"2025-09-25T13:18:10","date_gmt":"2025-09-25T13:18:10","guid":{"rendered":"https:\/\/www.europesays.com\/fr\/416558\/"},"modified":"2025-09-25T13:18:10","modified_gmt":"2025-09-25T13:18:10","slug":"cest-mechant-et-totalement-faux","status":"publish","type":"post","link":"https:\/\/www.europesays.com\/fr\/416558\/","title":{"rendered":"C&rsquo;est m\u00e9chant et totalement faux\u00a0!"},"content":{"rendered":"<p><b>Il suffit\u00a0!<\/b> La plus c\u00e9l\u00e8bre des chanteuses pour enfants, <a href=\"https:\/\/www.journaldesfemmes.fr\/people\/personnalites\/2801875-chantal-goya-mari-spectacle-enfants-chirurgie\/\" title=\"Chantal Goya\" target=\"_blank\" rel=\"noopener\">Chantal Goya<\/a>, a tenu \u00e0 mettre les choses au clair dans une interview accord\u00e9e \u00e0 Soir Mag. Depuis que la justice a condamn\u00e9 la chanteuse et son mari, Jean-Jacques Debout, \u00e0 rembourser une dette de 2\u00a0182\u00a0545,25\u00a0euros au Cr\u00e9dit municipal de Bordeaux, une rumeur tenace circule\u00a0: elle continuerait \u00e0 se produire uniquement pour rembourser ses dettes. Agac\u00e9e, l&rsquo;interpr\u00e8te de Pandi Panda a fermement d\u00e9menti\u00a0: \u00ab\u00a0Permettez-moi juste de r\u00e9tablir une v\u00e9rit\u00e9\u00a0: j&rsquo;entends que si je continue \u00e0 chanter, \u00e0 me produire sur sc\u00e8ne, c&rsquo;est pour combler ces probl\u00e8mes d&rsquo;argent. C&rsquo;est m\u00e9chant et totalement faux\u00a0!\u00a0\u00bb<\/p>\n","protected":false},"excerpt":{"rendered":"Il suffit\u00a0! La plus c\u00e9l\u00e8bre des chanteuses pour enfants, Chantal Goya, a tenu \u00e0 mettre les choses au&hellip;\n","protected":false},"author":2,"featured_media":416559,"comment_status":"","ping_status":"","sticky":false,"template":"","format":"standard","meta":{"footnotes":""},"categories":[1355],"tags":[14397,54664,51761,58,59,52292,1011,27,51766,1031,1361,873],"class_list":{"0":"post-416558","1":"post","2":"type-post","3":"status-publish","4":"format-standard","5":"has-post-thumbnail","7":"category-musique","8":"tag-chantal-goya","9":"tag-cms-journaldesfemmes-3242332","10":"tag-controller-content","11":"tag-divertissement","12":"tag-entertainment","13":"tag-format-reportage","14":"tag-fr","15":"tag-france","16":"tag-les-histoires-du-jdf","17":"tag-magazine","18":"tag-music","19":"tag-musique"},"share_on_mastodon":{"url":"https:\/\/pubeurope.com\/@fr\/115265136532692624","error":""},"_links":{"self":[{"href":"https:\/\/www.europesays.com\/fr\/wp-json\/wp\/v2\/posts\/416558","targetHints":{"allow":["GET"]}}],"collection":[{"href":"https:\/\/www.europesays.com\/fr\/wp-json\/wp\/v2\/posts"}],"about":[{"href":"https:\/\/www.europesays.com\/fr\/wp-json\/wp\/v2\/types\/post"}],"author":[{"embeddable":true,"href":"https:\/\/www.europesays.com\/fr\/wp-json\/wp\/v2\/users\/2"}],"replies":[{"embeddable":true,"href":"https:\/\/www.europesays.com\/fr\/wp-json\/wp\/v2\/comments?post=416558"}],"version-history":[{"count":0,"href":"https:\/\/www.europesays.com\/fr\/wp-json\/wp\/v2\/posts\/416558\/revisions"}],"wp:featuredmedia":[{"embeddable":true,"href":"https:\/\/www.europesays.com\/fr\/wp-json\/wp\/v2\/media\/416559"}],"wp:attachment":[{"href":"https:\/\/www.europesays.com\/fr\/wp-json\/wp\/v2\/media?parent=416558"}],"wp:term":[{"taxonomy":"category","embeddable":true,"href":"https:\/\/www.europesays.com\/fr\/wp-json\/wp\/v2\/categories?post=416558"},{"taxonomy":"post_tag","embeddable":true,"href":"https:\/\/www.europesays.com\/fr\/wp-json\/wp\/v2\/tags?post=416558"}],"curies":[{"name":"wp","href":"https:\/\/api.w.org\/{rel}","templated":true}]}}