{"id":416562,"date":"2025-09-25T13:20:19","date_gmt":"2025-09-25T13:20:19","guid":{"rendered":"https:\/\/www.europesays.com\/fr\/416562\/"},"modified":"2025-09-25T13:20:19","modified_gmt":"2025-09-25T13:20:19","slug":"le-rebond-du-covid-19-confirme-en-france-le-variant-xfg-en-cause","status":"publish","type":"post","link":"https:\/\/www.europesays.com\/fr\/416562\/","title":{"rendered":"le rebond du Covid-19 confirm\u00e9 en France, le variant XFG en cause"},"content":{"rendered":"<p>            Par<br \/>\n        <strong><br \/>\n            <a href=\"https:\/\/actu.fr\/auteur\/sophie-vincelot-actu-fr\" title=\"Consulter tous les articles de Sophie Vincelot\" target=\"_blank\" rel=\"noopener\">Sophie Vincelot<\/a><br \/>\n        <\/strong><\/p>\n<p>        Publi\u00e9 le<\/p>\n<p>            25 sept. 2025 \u00e0 13h03        <\/p>\n<p>C\u2019est d\u00e9sormais une r\u00e9alit\u00e9 avec laquelle il faut jongler. Avec le retour \u00e0 l\u2019\u00e9cole et les temp\u00e9ratures en baisse, les virus respiratoires progressent. Toux, bronchiolite, pathologies ORL\u2026 et <a href=\"https:\/\/actu.fr\/societe\/coronavirus\" target=\"_blank\" rel=\"noopener\">Covid<\/a>. Comme le d\u00e9voile le <a href=\"https:\/\/www.santepubliquefrance.fr\/surveillance-syndromique-sursaud-R\/documents\/bulletin-national\/2025\/bulletin-national-d-information-oscour-du-23-septembre-2025\" target=\"_blank\" rel=\"noopener\">dernier bulletin de Sant\u00e9 publique France<\/a>, publi\u00e9 jeudi 24 septembre 2025, <strong>le Covid-19 poursuit sa contagion \u00e0 un rythme soutenu<\/strong>.\u00a0<\/p>\n<p class=\" wall-content\">Pendant la semaine du 15 au 21 septembre 2025, le nombre de passages et hospitalisations aux urgences a augment\u00e9 de 37 % pour les adultes sur sept jours, soit 375 cas suppl\u00e9mentaires. Chez les enfants toutefois, on note une premi\u00e8re semaine de baisse.\u00a0<\/p>\n<p>Le Covid est bien de retour<\/p>\n<p class=\" wall-content\">Ce retour du SARS-CoV-2, <a href=\"https:\/\/actu.fr\/societe\/covid-19-une-reprise-de-l-epidemie-se-confirme-en-france-juste-avant-la-rentree-scolaire_63090689.html\" target=\"_blank\" rel=\"noopener\">d\u00e9j\u00e0 observ\u00e9 depuis plusieurs semaines<\/a>, est confirm\u00e9 par le r\u00e9seau <a href=\"https:\/\/www.sentiweb.fr\/document\/6667\" target=\"_blank\" rel=\"noopener\">Sentinelles<\/a>, organisme public qui fait de la recherche et de la veille sanitaire en soins de premiers recours en France m\u00e9tropolitaine.<\/p>\n<p class=\" wall-content\">Les <strong>chiffres, m\u00eame s\u2019ils restent mod\u00e9r\u00e9s<\/strong>, ont le m\u00e9rite de la clart\u00e9 : entre les 15 et 21 septembre 2025, le taux d\u2019incidence des cas de Covid-19 parmi les patients consultant pour une infection respiratoire aig\u00fce est estim\u00e9 \u00e0 49 cas pour 100 000 habitants, soit <strong>32 610 nouveaux cas<\/strong>, contre 26 053 la semaine pr\u00e9c\u00e9dente. Cette <strong>hausse de la contamination<\/strong> est particuli\u00e8rement visible chez les 15-64 ans, avec plus de 22 000 nouveaux cas enregistr\u00e9s, contre 14 901 sept jours plus t\u00f4t.\u00a0<\/p>\n<p>Un variant particuli\u00e8rement contagieux<\/p>\n<p class=\" wall-content\">\u00ab\u00a0<strong>C\u2019est une nouvelle vague de Covid<\/strong> \u00bb, confirme Antoine Flahault, professeur de sant\u00e9 publique \u00e0 l\u2019universit\u00e9 de Gen\u00e8ve, aupr\u00e8s d\u2019actu.fr. Une reprise favoris\u00e9e par le <a href=\"https:\/\/actu.fr\/societe\/coronavirus\/recrudescence-du-covid-c-est-quoi-le-variant-frankenstein-particulierement-contagieux_63190419.html\" target=\"_blank\" rel=\"noopener\">variant XFG<\/a>, surnomm\u00e9 \u00ab\u00a0Stratus\u00a0\u00bb par certains scientifiques, qui se r\u00e9v\u00e8le particuli\u00e8rement contagieux.\u00a0<\/p>\n<p class=\" wall-content\">D\u00e9j\u00e0 en juin dernier, <a href=\"https:\/\/www.who.int\/publications\/m\/item\/risk-evaluation-for-sars-cov-2-variant-under-monitoring-xfg\" target=\"_blank\" rel=\"noopener\">l\u2019Organisation mondiale de la Sant\u00e9<\/a> (OMS) s\u2019alertait de l\u2019\u00e9mergence de ce sous-variant d\u2019Omicron XFG : \u00ab\u00a0les mutations de la prot\u00e9ine spike au niveau des acides amin\u00e9s 478 et 487 favorisent l\u2019\u00e9vitement des anticorps\u00a0\u00bb.<\/p>\n<p class=\" wall-content\">Tr\u00e8s actif en Am\u00e9rique du Nord, en Asie et en Europe, le <strong>variant \u00ab\u00a0Frankenstein\u00a0\u00bb<\/strong>, autre surnom de XFG, est d\u00e9sormais majoritaire, puisqu\u2019il repr\u00e9sente plus de 80 % des infections, selon le <a href=\"https:\/\/www.ecdc.europa.eu\/sites\/default\/files\/documents\/communicable-disease-threats-report-13-19-september-2025-week-38.pdf\" target=\"_blank\" rel=\"noopener\">Centre europ\u00e9en de pr\u00e9vention et de contr\u00f4le des maladies<\/a>.\u00a0<\/p>\n<p>Votre r\u00e9gion, votre actu !<\/p>\n<p>Recevez chaque jour les infos qui comptent pour vous.<\/p>\n<p>\t<a href=\"https:\/\/actu.fr\/newsletter\" class=\"ac-btn ac-btn--corner ac-btn--medium ac-btn--blue800\" target=\"_blank\" rel=\"noopener\">S&rsquo;incrire<\/a><\/p>\n<p class=\" wall-content\">Pour autant, il ne pr\u00e9sente pas de grandes sp\u00e9cificit\u00e9s par rapport \u00e0 ceux qui l\u2019ont pr\u00e9c\u00e9d\u00e9. Les sympt\u00f4mes demeurent similaires. \u00ab\u00a0Cela reste le plus souvent des <strong>signes infectieux de l\u2019arbre respiratoire sup\u00e9rieur<\/strong>, de la fatigue, des maux de t\u00eates, parfois une perte de go\u00fbt ou d\u2019odorat\u00a0\u00bb, explique Antoine Flahault.\u00a0<\/p>\n<p>Prot\u00e9ger les plus fragiles<\/p>\n<p class=\" wall-content\">Certaines complications peuvent toutefois survenir chez les personnes dont l\u2019immunit\u00e9 est d\u00e9faillante, comme les personnes tr\u00e8s \u00e2g\u00e9es, les nourrissons, les femmes enceintes, mais aussi les patients immunod\u00e9prim\u00e9s. D\u2019o\u00f9 l\u2019importance de <strong>se rappeler des gestes barri\u00e8res<\/strong>, mais aussi de <strong>reprendre le port du masque FFP2 si n\u00e9cessaire<\/strong>, notamment dans les lieux mal ventil\u00e9s.\u00a0<\/p>\n<p class=\" wall-content\">Par ailleurs, la campagne de vaccination contre le Covid et la grippe doit commencer le 14 octobre (hors Mayotte). \u00ab\u00a0Le principe de pr\u00e9caution tend \u00e0 recommander les rappels vaccinaux contre le Covid et la grippe chez les personnes fragiles\u00a0\u00bb, d\u00e9taille Antoine Flahault.<\/p>\n<p class=\" wall-content\">Une autre mani\u00e8re de faire face \u00e0 cette reprise \u00e9pid\u00e9mique, qui ne devrait cependant pas atteindre les niveaux de l\u2019ann\u00e9e derni\u00e8re, et sera sans commune mesure avec les premi\u00e8res vagues de la pand\u00e9mie.<\/p>\n<p class=\" wall-content\">Personnalisez votre actualit\u00e9 en ajoutant vos villes et m\u00e9dias en favori avec <a href=\"https:\/\/moncompte.actu.fr\" title=\"D\u00e9couvez Mon Actu\" rel=\"nofollow noopener\" data-trk=\"{&quot;cta&quot;:{&quot;action&quot;:&quot;https:\\\/\\\/moncompte.actu.fr&quot;,&quot;category&quot;:&quot;mon compte&quot;,&quot;from&quot;:&quot;article footer&quot;,&quot;name&quot;:&quot;Mon actu&quot;,&quot;type&quot;:&quot;cta&quot;}}\" target=\"_blank\">Mon Actu<\/a>.<\/p>\n","protected":false},"excerpt":{"rendered":"Par Sophie Vincelot Publi\u00e9 le 25 sept. 2025 \u00e0 13h03 C\u2019est d\u00e9sormais une r\u00e9alit\u00e9 avec laquelle il faut&hellip;\n","protected":false},"author":2,"featured_media":416563,"comment_status":"","ping_status":"","sticky":false,"template":"","format":"standard","meta":{"footnotes":""},"categories":[10],"tags":[4356,4400,1011,27,72,71,104,148],"class_list":{"0":"post-416562","1":"post","2":"type-post","3":"status-publish","4":"format-standard","5":"has-post-thumbnail","7":"category-sante","8":"tag-coronavirus","9":"tag-covid","10":"tag-fr","11":"tag-france","12":"tag-health","13":"tag-sante","14":"tag-societe","15":"tag-vaccination"},"share_on_mastodon":{"url":"https:\/\/pubeurope.com\/@fr\/115265144381874800","error":""},"_links":{"self":[{"href":"https:\/\/www.europesays.com\/fr\/wp-json\/wp\/v2\/posts\/416562","targetHints":{"allow":["GET"]}}],"collection":[{"href":"https:\/\/www.europesays.com\/fr\/wp-json\/wp\/v2\/posts"}],"about":[{"href":"https:\/\/www.europesays.com\/fr\/wp-json\/wp\/v2\/types\/post"}],"author":[{"embeddable":true,"href":"https:\/\/www.europesays.com\/fr\/wp-json\/wp\/v2\/users\/2"}],"replies":[{"embeddable":true,"href":"https:\/\/www.europesays.com\/fr\/wp-json\/wp\/v2\/comments?post=416562"}],"version-history":[{"count":0,"href":"https:\/\/www.europesays.com\/fr\/wp-json\/wp\/v2\/posts\/416562\/revisions"}],"wp:featuredmedia":[{"embeddable":true,"href":"https:\/\/www.europesays.com\/fr\/wp-json\/wp\/v2\/media\/416563"}],"wp:attachment":[{"href":"https:\/\/www.europesays.com\/fr\/wp-json\/wp\/v2\/media?parent=416562"}],"wp:term":[{"taxonomy":"category","embeddable":true,"href":"https:\/\/www.europesays.com\/fr\/wp-json\/wp\/v2\/categories?post=416562"},{"taxonomy":"post_tag","embeddable":true,"href":"https:\/\/www.europesays.com\/fr\/wp-json\/wp\/v2\/tags?post=416562"}],"curies":[{"name":"wp","href":"https:\/\/api.w.org\/{rel}","templated":true}]}}