{"id":416566,"date":"2025-09-25T13:22:16","date_gmt":"2025-09-25T13:22:16","guid":{"rendered":"https:\/\/www.europesays.com\/fr\/416566\/"},"modified":"2025-09-25T13:22:16","modified_gmt":"2025-09-25T13:22:16","slug":"adele-exarchopoulos-et-francois-civil-attendraient-leur-premier-enfant","status":"publish","type":"post","link":"https:\/\/www.europesays.com\/fr\/416566\/","title":{"rendered":"Ad\u00e8le Exarchopoulos et Fran\u00e7ois Civil attendraient leur premier enfant"},"content":{"rendered":"<p>    Fran\u00e7ois Civil et Ad\u00e8le Exarchopoulos sur le tapis rouge des C\u00e9sar, \u00e0 l\u2019Olympia, le 28 f\u00e9vrier 2025.<br \/>\n                Marc Piasecki \/ WireImage<\/p>\n<p>Selon les informations de Paris Match, le couple phare du cin\u00e9ma fran\u00e7ais attendrait un heureux \u00e9v\u00e9nement. Malgr\u00e9 des rumeurs persistantes depuis leur rapprochement sur le tournage de L\u2019Amouf ouf, les deux acteurs n\u2019ont jamais officialis\u00e9 leur idylle.<\/p>\n<p class=\"fig-paragraph\">Ins\u00e9parables depuis leur rencontre sur le tournage de Bac Nord, en 2020,\u00a0<a href=\"http:\/\/madame.lefigaro.fr\/style\/news\/au-defile-burberry-francois-civil-fait-sensation-avec-un-tee-shirt-qui-laisse-apparaitre-ses-biceps-20250924\" data-fig-type=\"Article\" data-gtm-custom-categorie=\"navigation\" data-gtm-custom-action=\"crossclick\" data-gtm-custom-label=\"Contextuel\" data-gtm-event=\"customEventSPE\" data-fig-domain=\"MADAME\" target=\"_blank\" rel=\"noopener\">Fran\u00e7ois Civil<\/a>\u00a0et\u00a0<a href=\"https:\/\/madame.lefigaro.fr\/tag\/adele-exarchopoulos\" target=\"_blank\" data-fig-type=\"Keyword\" rel=\"sponsored noopener\" data-gtm-custom-categorie=\"navigation\" data-gtm-custom-action=\"crossclick\" data-gtm-custom-label=\"Contextuel\" data-gtm-event=\"customEventSPE\" data-fig-domain=\"MADAME\">Ad\u00e8le Exarchopoulos<\/a>\u00a0ont tiss\u00e9 une belle amiti\u00e9 qui, selon de nombreuses sp\u00e9culations, se serait transform\u00e9e en histoire d\u2019amour quatre plus tard, en 2024, \u00e0 l\u2019occasion de leur collaboration pour le film L\u2019Amour ouf, r\u00e9alis\u00e9 par Gilles Lellouche. D\u2019apr\u00e8s\u00a0<a href=\"https:\/\/www.parismatch.com\/People\/exclusif-adele-exarchopoulos-et-francois-civil-bientot-un-bebe-257550\" target=\"_blank\" rel=\"sponsored noopener\" data-gtm-custom-categorie=\"navigation\" data-gtm-custom-action=\"crossclick\" data-gtm-custom-label=\"Contextuel\" data-gtm-event=\"customEventSPE\">les informations de Paris Match<\/a> , l\u2019actrice de 31 ans serait aujourd\u2019hui enceinte de leur premier enfant ensemble, le deuxi\u00e8me pour elle, puisqu\u2019elle est d\u00e9j\u00e0 m\u00e8re du petit Isma\u00ebl, n\u00e9 de sa pr\u00e9c\u00e9dente relation avec le rappeur Doums.<\/p>\n<p class=\"fig-paragraph\">\u00c0 35 ans, Fran\u00e7ois Civil s\u2019appr\u00eaterait quant \u00e0 lui \u00e0 d\u00e9couvrir les joies de la paternit\u00e9. Toujours selon nos confr\u00e8res, les deux acteurs auraient r\u00e9cemment emm\u00e9nag\u00e9 ensemble \u00abdans un logement plus grand au sein d\u2019un immeuble bourgeois de l\u2019Ouest parisien. Et ont commenc\u00e9, avec le fils d\u2019Ad\u00e8le, \u00e0 faire famille\u00bb.<\/p>\n<p>                                    <a class=\"fig-a11y-skip a11y-hidden\" href=\"#fig-a11y-skip-main-inarticle\"><br \/>\n        Passer la publicit\u00e9<br \/>\n    <\/a><\/p>\n<p>Aucune officialisation<\/p>\n<p class=\"fig-paragraph\">Les deux principaux int\u00e9ress\u00e9s n\u2019ont, pour l\u2019instant, pas confirm\u00e9 ni d\u00e9menti la suppos\u00e9e grossesse d\u2019Ad\u00e8le Exarchopoulos, et resteront tr\u00e8s certainement discrets. Depuis leur rapprochement sur le tournage de L\u2019Amour ouf, et malgr\u00e9 plusieurs apparitions communes sur le tapis rouge du Festival de Cannes, en mai 2024, puis \u00e0 l\u2019Olympia pour la 50e c\u00e9r\u00e9monie des C\u00e9sar, en f\u00e9vrier 2025, les deux stars n\u2019ont jamais officialis\u00e9 leur idylle.<\/p>\n<p class=\"fig-body-link&#10;    \">\n            \u00c0 lire aussi<br \/>\n        <a class=\"fig-body-link__link\" href=\"http:\/\/madame.lefigaro.fr\/celebrites\/actu-people\/adele-exarchopoulos-dans-mes-diners-de-famille-on-ne-prete-pas-plus-attention-a-mon-metier-qu-a-celui-de-ma-mere-infirmiere-20250629\" data-fig-type=\"Article\" data-gtm-custom-categorie=\"navigation\" data-gtm-custom-action=\"crossclick\" data-gtm-custom-label=\"Contextuel\" data-gtm-event=\"customEventSPE\" data-fig-domain=\"MADAME\" target=\"_blank\" rel=\"noopener\">Ad\u00e8le Exarchopoulos\u00a0: \u00abDans mes d\u00eeners de famille, on ne pr\u00eate pas plus attention \u00e0 mon m\u00e9tier qu\u2019\u00e0 celui de ma m\u00e8re infirmi\u00e8re\u00bb<\/a>\n<\/p>\n<p class=\"fig-paragraph\">Dans une interview accord\u00e9e au magazine Society en juin 2025, l<a href=\"http:\/\/madame.lefigaro.fr\/celebrites\/actu-people\/c-est-a-la-fois-mon-amoureux-et-mon-meilleur-ami-adele-exarchoupoulos-evoque-sa-vie-personnelle-exceptionnelle-20250620\" data-fig-type=\"Article\" data-gtm-custom-categorie=\"navigation\" data-gtm-custom-action=\"crossclick\" data-gtm-custom-label=\"Contextuel\" data-gtm-event=\"customEventSPE\" data-fig-domain=\"MADAME\" target=\"_blank\" rel=\"noopener\">\u2019actrice r\u00e9v\u00e9l\u00e9e en 2013 dans le film La Vie d\u2019Ad\u00e8le d\u2019Abdellatif Kechiche confiait \u00eatre \u00abtr\u00e8s amoureuse en ce moment\u00bb<\/a>\u00a0et \u00e9voquait sa relation avec son compagnon, sans jamais le nommer\u00a0: \u00abC\u2019est \u00e0 la fois mon amoureux et mon meilleur ami. Tu te l\u00e8ves le matin, tu ris, c\u2019est g\u00e9nial\u00bb.<\/p>\n<p class=\"fig-paragraph\">Interview\u00e9s ensemble par\u00a0<a href=\"http:\/\/madame.lefigaro.fr\/celebrites\/cinema\/francois-civil-et-adele-exarchopoulos-incarner-l-amour-est-un-exercice-delicat-vertigineux-20240912\" target=\"_blank\" data-fig-type=\"Article\" rel=\"noopener\" data-gtm-custom-categorie=\"navigation\" data-gtm-custom-action=\"crossclick\" data-gtm-custom-label=\"Contextuel\" data-gtm-event=\"customEventSPE\" data-fig-domain=\"MADAME\">Madame Figaro<\/a> \u00a0en octobre 2024, Ad\u00e8le Exarchopoulos et Fran\u00e7ois Civil avaient tous les deux partag\u00e9 leur vision de l\u2019amour. \u00abJe suis de nature plus passionn\u00e9e que raisonnable\u00bb, avait alors gliss\u00e9 la com\u00e9dienne, avant d\u2019ajouter\u00a0: \u00abMais dans mon m\u00e9tier comme dans la vie, j\u2019ai appris qu\u2019il \u00e9tait important de se poser pour que la passion survive, pour \u00e9viter que le fantasme ou la n\u00e9vrose ne prenne le pas\u00bb. \u00abTout est question d\u2019\u00e9quilibre, avait de son c\u00f4t\u00e9 r\u00e9pondu Fran\u00e7ois Civil. N\u2019\u00e9couter que la passion, c\u2019est sombrer dans la jalousie, la folie, l\u2019oubli des autres. Mais ne suivre que sa raison, c\u2019est risquer de s\u2019\u00e9teindre\u00bb.<\/p>\n","protected":false},"excerpt":{"rendered":"Fran\u00e7ois Civil et Ad\u00e8le Exarchopoulos sur le tapis rouge des C\u00e9sar, \u00e0 l\u2019Olympia, le 28 f\u00e9vrier 2025. Marc&hellip;\n","protected":false},"author":2,"featured_media":416567,"comment_status":"","ping_status":"","sticky":false,"template":"","format":"standard","meta":{"footnotes":""},"categories":[8],"tags":[34114,58,59,1011,27,196],"class_list":{"0":"post-416566","1":"post","2":"type-post","3":"status-publish","4":"format-standard","5":"has-post-thumbnail","7":"category-divertissement","8":"tag-adele-exarchopoulos","9":"tag-divertissement","10":"tag-entertainment","11":"tag-fr","12":"tag-france","13":"tag-grossesse"},"share_on_mastodon":{"url":"https:\/\/pubeurope.com\/@fr\/115265152237493830","error":""},"_links":{"self":[{"href":"https:\/\/www.europesays.com\/fr\/wp-json\/wp\/v2\/posts\/416566","targetHints":{"allow":["GET"]}}],"collection":[{"href":"https:\/\/www.europesays.com\/fr\/wp-json\/wp\/v2\/posts"}],"about":[{"href":"https:\/\/www.europesays.com\/fr\/wp-json\/wp\/v2\/types\/post"}],"author":[{"embeddable":true,"href":"https:\/\/www.europesays.com\/fr\/wp-json\/wp\/v2\/users\/2"}],"replies":[{"embeddable":true,"href":"https:\/\/www.europesays.com\/fr\/wp-json\/wp\/v2\/comments?post=416566"}],"version-history":[{"count":0,"href":"https:\/\/www.europesays.com\/fr\/wp-json\/wp\/v2\/posts\/416566\/revisions"}],"wp:featuredmedia":[{"embeddable":true,"href":"https:\/\/www.europesays.com\/fr\/wp-json\/wp\/v2\/media\/416567"}],"wp:attachment":[{"href":"https:\/\/www.europesays.com\/fr\/wp-json\/wp\/v2\/media?parent=416566"}],"wp:term":[{"taxonomy":"category","embeddable":true,"href":"https:\/\/www.europesays.com\/fr\/wp-json\/wp\/v2\/categories?post=416566"},{"taxonomy":"post_tag","embeddable":true,"href":"https:\/\/www.europesays.com\/fr\/wp-json\/wp\/v2\/tags?post=416566"}],"curies":[{"name":"wp","href":"https:\/\/api.w.org\/{rel}","templated":true}]}}