{"id":416574,"date":"2025-09-25T13:26:11","date_gmt":"2025-09-25T13:26:11","guid":{"rendered":"https:\/\/www.europesays.com\/fr\/416574\/"},"modified":"2025-09-25T13:26:11","modified_gmt":"2025-09-25T13:26:11","slug":"cold-case-dans-laisne-30-ans-de-reclusion-criminelle-requis-contre-laccuse-actualites","status":"publish","type":"post","link":"https:\/\/www.europesays.com\/fr\/416574\/","title":{"rendered":"\u00ab\u00a0Cold case\u00a0\u00bb dans l&rsquo;Aisne: 30 ans de r\u00e9clusion criminelle requis contre l&rsquo;accus\u00e9 : Actualit\u00e9s"},"content":{"rendered":"<p class=\"lead \">Trente-et-un an d&rsquo;attente, 30 ans de prison requis: la peine maximale a \u00e9t\u00e9 demand\u00e9e jeudi contre Pascal Lafolie, jug\u00e9 devant la cour d&rsquo;assises de l&rsquo;Aisne pour le meurtre en 1994 de Nad\u00e8ge Desnoix, lyc\u00e9enne tu\u00e9e \u00e0 coups de couteau.<\/p>\n<p class=\"lead \">Lors de ses r\u00e9quisitions, l&rsquo;avocate g\u00e9n\u00e9rale a dress\u00e9 un portrait gla\u00e7ant de Pascal Lafolie, un homme qui \u00ab\u00a0sait mentir et tente constamment de manipuler\u00a0\u00bb, au \u00ab\u00a0temp\u00e9rament extr\u00eamement violent\u00a0\u00bb dans toutes les sph\u00e8res, notamment priv\u00e9e. Il a fait montre d&rsquo;une \u00ab\u00a0intol\u00e9rance \u00e0 la frustration sexuelle\u00a0\u00bb et a \u00ab\u00a0peu de consid\u00e9ration pour le consentement des partenaires\u00a0\u00bb, a-t-elle soulign\u00e9.<\/p>\n<p class=\"lead \">Elle a demand\u00e9 que la peine soit assortie d&rsquo;une p\u00e9riode de s\u00fbret\u00e9 des deux tiers.<\/p>\n<p class=\"lead \">Le corps sans vie de Nad\u00e8ge Desnoix, 17 ans, avait \u00e9t\u00e9 retrouv\u00e9 fin mai 1994, lac\u00e9r\u00e9 de coups de couteau sur un sentier menant \u00e0 son lyc\u00e9e de Ch\u00e2teau-Thierry.<\/p>\n<p class=\"lead \">La magistrate a soulign\u00e9 que, si une peine \u00e9tait prononc\u00e9e, elle engloberait les autres p\u00e9riodes de r\u00e9clusion effectu\u00e9es depuis le meurtre par Pascal Lafolie, qui a d\u00e9j\u00e0 fait de la prison ferme pour une agression sexuelle commise en 1996 et un viol en 2000.<\/p>\n<p class=\"lead \">\u00ab\u00a0La loi telle qu&rsquo;elle est actuellement ne permet pas de ma\u00eetriser la dangerosit\u00e9 de Pascal Lafolie\u00a0\u00bb, a-t-elle alert\u00e9, soulignant \u00ab\u00a0des similitudes dans la mani\u00e8re d&rsquo;agir\u00a0\u00bb de l&rsquo;accus\u00e9 dans ces trois affaires. A chaque fois, \u00ab\u00a0des femmes, brunes, seules sur un chemin\u00a0\u00bb, a d\u00e9taill\u00e9 la magistrate.<\/p>\n<p class=\"lead \">Pascal Lafolie \u00ab\u00a0est un chasseur de femmes: il les chasse, les attrape par derri\u00e8re, les domine et exige ce qu&rsquo;il veut d&rsquo;elles\u00a0\u00bb, a accus\u00e9 G\u00e9rard Chemla, avocat des fr\u00e8res et soeur de Nad\u00e8ge Desnoix.<\/p>\n<p class=\"lead \">L&rsquo;enqu\u00eate a longtemps tourn\u00e9 en rond jusqu&rsquo;\u00e0 ce qu&rsquo;en 2021, des expertises r\u00e9v\u00e8lent une correspondance entre l&rsquo;ADN de Pascal Lafolie, pr\u00e9lev\u00e9 dans le cadre d&rsquo;une affaire de violences conjugales, et celui retrouv\u00e9 sur le chouchou que Nad\u00e8ge Desnoix portait au moment de sa mort.<\/p>\n<p class=\"lead \">&#8211; \u00ab\u00a0Mort de chagrin\u00a0\u00bb &#8211;<\/p>\n<p class=\"lead \">Il s&rsquo;agit de l&rsquo;un des plus anciens crimes non \u00e9lucid\u00e9s \u00e0 \u00eatre jug\u00e9 en France.<\/p>\n<p class=\"lead \">Pour la famille de Nad\u00e8ge Desnoix, \u00ab\u00a0c&rsquo;est et \u00e7a a \u00e9t\u00e9 le combat d&rsquo;une vie\u00a0\u00bb, a assur\u00e9 lors de l&rsquo;audience Arnaud Miel, avocat de la m\u00e8re de la victime. Un combat durant lequel est d\u00e9c\u00e9d\u00e9 le p\u00e8re de Nad\u00e8ge Desnoix, \u00ab\u00a0mort de chagrin \u00e0 cause de ce boucher\u00a0\u00bb, a affirm\u00e9 l&rsquo;avocat en pointant l&rsquo;accus\u00e9 dans son box.<\/p>\n<p class=\"lead \">Me Chemla a d\u00e9plor\u00e9 un \u00ab\u00a0parcours interminable pour obtenir un peu de justice\u00a0\u00bb et l&rsquo;absence de rapprochement entre les diff\u00e9rents dossiers li\u00e9s \u00e0 Pascal Lafolie.<\/p>\n<p class=\"lead \">Il a insist\u00e9 sur la possibilit\u00e9 qu&rsquo;il y ait eu \u00ab\u00a0d&rsquo;autres femmes\u00a0\u00bb victimes du m\u00eame homme.<\/p>\n<p class=\"lead \">Comme le meurtre de Nad\u00e8ge Desnoix, le viol et l&rsquo;agression sexuelle pour lesquels l&rsquo;accus\u00e9 a \u00e9t\u00e9 condamn\u00e9 ont eu lieu dans un rayon de 30 km autour de Jouarre (Seine-et-Marne) o\u00f9 il r\u00e9sidait, et dans des circonstances proches.<\/p>\n<p class=\"lead \">Mercredi \u00e0 la barre, une commissaire de police a en outre \u00e9voqu\u00e9 des \u00ab\u00a0similitudes\u00a0\u00bb avec le meurtre de Karine Leroy, une lyc\u00e9enne de 19 ans retrouv\u00e9e morte \u00e9trangl\u00e9e en 1994 en lisi\u00e8re de for\u00eat \u00e0 Montceaux-l\u00e8s-Meaux (en Seine-et-Marne, \u00e0 20 km de Jouarre).<\/p>\n<p class=\"lead \">Lorsqu&rsquo;il a \u00e9t\u00e9 mis en garde \u00e0 vue dans l&rsquo;affaire Nad\u00e8ge Desnoix, Pascal Lafolie, 58 ans, est initialement pass\u00e9 aux aveux, avant de se r\u00e9tracter. Devant la cour d&rsquo;assises, il a continu\u00e9 de clamer son innocence, de marbre, sans un regard pour les fr\u00e8res et la soeur de la victime pr\u00e9sents dans la salle.<\/p>\n<p class=\"small font-weight-bold text-gray3 \"> publi\u00e9 le 25 septembre \u00e0 13h19, AFP<\/p>\n<p>                             Partager<\/p>\n","protected":false},"excerpt":{"rendered":"Trente-et-un an d&rsquo;attente, 30 ans de prison requis: la peine maximale a \u00e9t\u00e9 demand\u00e9e jeudi contre Pascal Lafolie,&hellip;\n","protected":false},"author":2,"featured_media":416575,"comment_status":"","ping_status":"","sticky":false,"template":"","format":"standard","meta":{"footnotes":""},"categories":[4],"tags":[11,1120,4651,1011,27,2683,12,4780,25],"class_list":{"0":"post-416574","1":"post","2":"type-post","3":"status-publish","4":"format-standard","5":"has-post-thumbnail","7":"category-france","8":"tag-actualites","9":"tag-agression","10":"tag-femmes","11":"tag-fr","12":"tag-france","13":"tag-homicide","14":"tag-news","15":"tag-procs","16":"tag-republique-francaise"},"share_on_mastodon":{"url":"https:\/\/pubeurope.com\/@fr\/115265167963168838","error":""},"_links":{"self":[{"href":"https:\/\/www.europesays.com\/fr\/wp-json\/wp\/v2\/posts\/416574","targetHints":{"allow":["GET"]}}],"collection":[{"href":"https:\/\/www.europesays.com\/fr\/wp-json\/wp\/v2\/posts"}],"about":[{"href":"https:\/\/www.europesays.com\/fr\/wp-json\/wp\/v2\/types\/post"}],"author":[{"embeddable":true,"href":"https:\/\/www.europesays.com\/fr\/wp-json\/wp\/v2\/users\/2"}],"replies":[{"embeddable":true,"href":"https:\/\/www.europesays.com\/fr\/wp-json\/wp\/v2\/comments?post=416574"}],"version-history":[{"count":0,"href":"https:\/\/www.europesays.com\/fr\/wp-json\/wp\/v2\/posts\/416574\/revisions"}],"wp:featuredmedia":[{"embeddable":true,"href":"https:\/\/www.europesays.com\/fr\/wp-json\/wp\/v2\/media\/416575"}],"wp:attachment":[{"href":"https:\/\/www.europesays.com\/fr\/wp-json\/wp\/v2\/media?parent=416574"}],"wp:term":[{"taxonomy":"category","embeddable":true,"href":"https:\/\/www.europesays.com\/fr\/wp-json\/wp\/v2\/categories?post=416574"},{"taxonomy":"post_tag","embeddable":true,"href":"https:\/\/www.europesays.com\/fr\/wp-json\/wp\/v2\/tags?post=416574"}],"curies":[{"name":"wp","href":"https:\/\/api.w.org\/{rel}","templated":true}]}}