{"id":416583,"date":"2025-09-25T13:31:21","date_gmt":"2025-09-25T13:31:21","guid":{"rendered":"https:\/\/www.europesays.com\/fr\/416583\/"},"modified":"2025-09-25T13:31:21","modified_gmt":"2025-09-25T13:31:21","slug":"photos-grace-a-180-m%c2%b2-de-panneaux-solaires-ce-celebre-batiment-de-nancy-va-reduire-sa-facture-delectricite","status":"publish","type":"post","link":"https:\/\/www.europesays.com\/fr\/416583\/","title":{"rendered":"PHOTOS. Gr\u00e2ce \u00e0 180 m\u00b2 de panneaux solaires, ce c\u00e9l\u00e8bre b\u00e2timent de Nancy va r\u00e9duire sa facture d&rsquo;\u00e9lectricit\u00e9"},"content":{"rendered":"<p>            Par<br \/>\n        <strong><br \/>\n            <a href=\"https:\/\/actu.fr\/auteur\/pierre-emile-bouchy-actu-fr\" title=\"Consulter tous les articles de Paul-Emile Bouchy\" target=\"_blank\" rel=\"noopener\">Paul-Emile Bouchy<\/a><br \/>\n        <\/strong><\/p>\n<p>        Publi\u00e9 le<\/p>\n<p>            25 sept. 2025 \u00e0 14h47        <\/p>\n<p>Avec le mus\u00e9e des Beaux-Arts et le <a href=\"https:\/\/actu.fr\/grand-est\/nancy_54395\/le-musee-de-l-ecole-de-nancy-inaugure-ses-nouveaux-espaces-des-animations-gratuites-ce-dimanche_62312601.html\" target=\"_blank\" rel=\"noopener\">mus\u00e9e de l\u2019\u00c9cole de Nancy<\/a>, le <a href=\"https:\/\/actu.fr\/grand-est\/nancy_54395\/photos-on-visite-nouveau-museum-aquarium-nancy-voici-ce-change_29404756.html\" target=\"_blank\" rel=\"noopener\">Mus\u00e9um Aquarium<\/a> fait partie des \u00e9tablissements culturels phares de la cit\u00e9 ducale.<\/p>\n<p class=\" wall-content\">Il est aussi un des sites les plus \u00e9nergivores, notamment avec ses bassins. Pour r\u00e9duire cela, <strong>environ 180 m\u00b2 de panneaux photovolta\u00efques ont \u00e9t\u00e9 install\u00e9s<\/strong> sur un des toits du mus\u00e9e.<\/p>\n<p>Des panneaux solaires pour \u00e9conomiser plus de deux tonnes de CO2<\/p>\n<p class=\" wall-content\">Ces panneaux solaires ont \u00e9t\u00e9 install\u00e9s sur la toiture du b\u00e2timent \u00ab\u2009Expositions\u2009\u00bb donnant sur le jardin Dominique-Alexandre-Godron qui \u00ab\u2009pr\u00e9sente <strong>des caract\u00e9ristiques id\u00e9ales (orientation et surface)<\/strong>\u2009\u00bb, d\u2019apr\u00e8s la M\u00e9tropole du <a href=\"https:\/\/actu.fr\/tag\/grand-nancy\" target=\"_blank\" rel=\"noopener\">Grand Nancy<\/a>.<\/p>\n<p class=\" wall-content\"><strong>Invisibles depuis la rue et le jardin<\/strong>, ces panneaux photovolta\u00efques permettent d\u2019atteindre une puissance maximale de 36 kWc. \u00ab\u2009Ainsi, 42 MWh d\u2019\u00e9lectricit\u00e9 verte seraient produits annuellement et totalement autoconsomm\u00e9s par le Mus\u00e9um Aquarium\u2009; <strong>ce qui correspond \u00e0 2,65 tonnes de CO2 par an \u00e9vit\u00e9es<\/strong>\u2009\u00bb, ajoute la collectivit\u00e9.<\/p>\n<p>Un chantier \u00e0 300\u2009000\u00a0euros<\/p>\n<p class=\" wall-content\">Le co\u00fbt de l\u2019op\u00e9ration s\u2019\u00e9l\u00e8ve \u00e0 <strong>un total de 300\u2009000\u00a0euros<\/strong> dont 90\u2009000\u00a0euros pour la centrale photovolta\u00efque.<\/p>\n<p class=\" wall-content\">Sur le territoire de la m\u00e9tropole, deux projets d\u2019ombri\u00e8res sont en cours sur le parking du Z\u00e9nith et parking du stade Jean-Weil.<\/p>\n<p>Votre r\u00e9gion, votre actu !<\/p>\n<p>Recevez chaque jour les infos qui comptent pour vous.<\/p>\n<p>\t<a href=\"https:\/\/actu.fr\/newsletter\" class=\"ac-btn ac-btn--corner ac-btn--medium ac-btn--blue800\" target=\"_blank\" rel=\"noopener\">S&rsquo;incrire<\/a><\/p>\n<p class=\" wall-content\">D\u2019ici la fin d\u2019ann\u00e9e, la M\u00e9tropole constituera une liste de sites \u00e0 solariser aux termes des obligations de la loi APER et de la loi Climat &amp; R\u00e9silience.<\/p>\n<p class=\" wall-content\">Personnalisez votre actualit\u00e9 en ajoutant vos villes et m\u00e9dias en favori avec <a href=\"https:\/\/moncompte.actu.fr\" title=\"D\u00e9couvez Mon Actu\" rel=\"nofollow noopener\" data-trk=\"{&quot;cta&quot;:{&quot;action&quot;:&quot;https:\\\/\\\/moncompte.actu.fr&quot;,&quot;category&quot;:&quot;mon compte&quot;,&quot;from&quot;:&quot;article footer&quot;,&quot;name&quot;:&quot;Mon actu&quot;,&quot;type&quot;:&quot;cta&quot;}}\" target=\"_blank\">Mon Actu<\/a>.<\/p>\n","protected":false},"excerpt":{"rendered":"Par Paul-Emile Bouchy Publi\u00e9 le 25 sept. 2025 \u00e0 14h47 Avec le mus\u00e9e des Beaux-Arts et le mus\u00e9e&hellip;\n","protected":false},"author":2,"featured_media":416584,"comment_status":"","ping_status":"","sticky":false,"template":"","format":"standard","meta":{"footnotes":""},"categories":[9635],"tags":[1111,11,51,1777,674,1011,27,775,1702,12,21812,25,104],"class_list":{"0":"post-416583","1":"post","2":"type-post","3":"status-publish","4":"format-standard","5":"has-post-thumbnail","7":"category-nancy","8":"tag-actu","9":"tag-actualites","10":"tag-ecologie","11":"tag-eu","12":"tag-europe","13":"tag-fr","14":"tag-france","15":"tag-grand-est","16":"tag-nancy","17":"tag-news","18":"tag-photovoltaique","19":"tag-republique-francaise","20":"tag-societe"},"share_on_mastodon":{"url":"https:\/\/pubeurope.com\/@fr\/115265187666973851","error":""},"_links":{"self":[{"href":"https:\/\/www.europesays.com\/fr\/wp-json\/wp\/v2\/posts\/416583","targetHints":{"allow":["GET"]}}],"collection":[{"href":"https:\/\/www.europesays.com\/fr\/wp-json\/wp\/v2\/posts"}],"about":[{"href":"https:\/\/www.europesays.com\/fr\/wp-json\/wp\/v2\/types\/post"}],"author":[{"embeddable":true,"href":"https:\/\/www.europesays.com\/fr\/wp-json\/wp\/v2\/users\/2"}],"replies":[{"embeddable":true,"href":"https:\/\/www.europesays.com\/fr\/wp-json\/wp\/v2\/comments?post=416583"}],"version-history":[{"count":0,"href":"https:\/\/www.europesays.com\/fr\/wp-json\/wp\/v2\/posts\/416583\/revisions"}],"wp:featuredmedia":[{"embeddable":true,"href":"https:\/\/www.europesays.com\/fr\/wp-json\/wp\/v2\/media\/416584"}],"wp:attachment":[{"href":"https:\/\/www.europesays.com\/fr\/wp-json\/wp\/v2\/media?parent=416583"}],"wp:term":[{"taxonomy":"category","embeddable":true,"href":"https:\/\/www.europesays.com\/fr\/wp-json\/wp\/v2\/categories?post=416583"},{"taxonomy":"post_tag","embeddable":true,"href":"https:\/\/www.europesays.com\/fr\/wp-json\/wp\/v2\/tags?post=416583"}],"curies":[{"name":"wp","href":"https:\/\/api.w.org\/{rel}","templated":true}]}}