{"id":416607,"date":"2025-09-25T13:43:12","date_gmt":"2025-09-25T13:43:12","guid":{"rendered":"https:\/\/www.europesays.com\/fr\/416607\/"},"modified":"2025-09-25T13:43:12","modified_gmt":"2025-09-25T13:43:12","slug":"strasbourg-le-lycee-marcel-rudloff-evacue-apres-une-alerte-a-la-bombe","status":"publish","type":"post","link":"https:\/\/www.europesays.com\/fr\/416607\/","title":{"rendered":"Strasbourg. Le lyc\u00e9e Marcel Rudloff \u00e9vacu\u00e9 apr\u00e8s une alerte \u00e0 la bombe"},"content":{"rendered":"<p>Le lyc\u00e9e Marcel Rudloff a \u00e9t\u00e9 \u00e9vacu\u00e9 ce jeudi 25 septembre en raison d\u2019une alerte \u00e0 la bombe.\u00a0L\u2019alerte a \u00e9t\u00e9 donn\u00e9e vers 13h15.\u00a0Pr\u00e8s de 1400 \u00e9l\u00e8ves ont quitt\u00e9 l\u2019\u00e9tablissement et se sont retrouv\u00e9s devant le p\u00e9rim\u00e8tre de s\u00e9curit\u00e9, dans le parc des Poteries, sous la pluie.<\/p>\n<p>Les rues adjacentes ont \u00e9t\u00e9\u00a0bloqu\u00e9es par des patrouilles de la police municipale. La circulation CTS \u00e9tait \u00e9galement interrompue.\u00a0Les \u00e9quipes de d\u00e9minage se sont rendues sur les lieux. Le p\u00e9rim\u00e8tre a finalement \u00e9t\u00e9 lev\u00e9 vers 15h30, et les \u00e9l\u00e8ves ont pu regagner l\u2019\u00e9tablissement.<\/p>\n<p>L\u2019an dernier, l\u2019\u00e9tablissement avait d\u00e9j\u00e0 \u00e9t\u00e9 \u00e9vacu\u00e9 deux fois pour des alertes similaires<\/p>\n","protected":false},"excerpt":{"rendered":"Le lyc\u00e9e Marcel Rudloff a \u00e9t\u00e9 \u00e9vacu\u00e9 ce jeudi 25 septembre en raison d\u2019une alerte \u00e0 la bombe.\u00a0L\u2019alerte&hellip;\n","protected":false},"author":2,"featured_media":416608,"comment_status":"","ping_status":"","sticky":false,"template":"","format":"standard","meta":{"footnotes":""},"categories":[2820],"tags":[1111,11,2389,2649,1777,674,274,107,1011,27,775,12,25,640],"class_list":{"0":"post-416607","1":"post","2":"type-post","3":"status-publish","4":"format-standard","5":"has-post-thumbnail","7":"category-strasbourg","8":"tag-actu","9":"tag-actualites","10":"tag-alsace","11":"tag-bas-rhin","12":"tag-eu","13":"tag-europe","14":"tag-faits-divers-justice","15":"tag-fil-info","16":"tag-fr","17":"tag-france","18":"tag-grand-est","19":"tag-news","20":"tag-republique-francaise","21":"tag-strasbourg"},"share_on_mastodon":{"url":"https:\/\/pubeurope.com\/@fr\/115265234918109747","error":""},"_links":{"self":[{"href":"https:\/\/www.europesays.com\/fr\/wp-json\/wp\/v2\/posts\/416607","targetHints":{"allow":["GET"]}}],"collection":[{"href":"https:\/\/www.europesays.com\/fr\/wp-json\/wp\/v2\/posts"}],"about":[{"href":"https:\/\/www.europesays.com\/fr\/wp-json\/wp\/v2\/types\/post"}],"author":[{"embeddable":true,"href":"https:\/\/www.europesays.com\/fr\/wp-json\/wp\/v2\/users\/2"}],"replies":[{"embeddable":true,"href":"https:\/\/www.europesays.com\/fr\/wp-json\/wp\/v2\/comments?post=416607"}],"version-history":[{"count":0,"href":"https:\/\/www.europesays.com\/fr\/wp-json\/wp\/v2\/posts\/416607\/revisions"}],"wp:featuredmedia":[{"embeddable":true,"href":"https:\/\/www.europesays.com\/fr\/wp-json\/wp\/v2\/media\/416608"}],"wp:attachment":[{"href":"https:\/\/www.europesays.com\/fr\/wp-json\/wp\/v2\/media?parent=416607"}],"wp:term":[{"taxonomy":"category","embeddable":true,"href":"https:\/\/www.europesays.com\/fr\/wp-json\/wp\/v2\/categories?post=416607"},{"taxonomy":"post_tag","embeddable":true,"href":"https:\/\/www.europesays.com\/fr\/wp-json\/wp\/v2\/tags?post=416607"}],"curies":[{"name":"wp","href":"https:\/\/api.w.org\/{rel}","templated":true}]}}