{"id":416609,"date":"2025-09-25T13:44:11","date_gmt":"2025-09-25T13:44:11","guid":{"rendered":"https:\/\/www.europesays.com\/fr\/416609\/"},"modified":"2025-09-25T13:44:11","modified_gmt":"2025-09-25T13:44:11","slug":"ruff-associes-obtient-pour-la-7e-annee-consecutive-le-label-happy","status":"publish","type":"post","link":"https:\/\/www.europesays.com\/fr\/416609\/","title":{"rendered":"Ruff &#038; Associ\u00e9s obtient pour la 7e ann\u00e9e cons\u00e9cutive le label \u00ab Happy (\u2026)"},"content":{"rendered":"<p>                    <img loading=\"lazy\" decoding=\"async\" src=\"https:\/\/www.europesays.com\/fr\/wp-content\/uploads\/2025\/09\/4299da069e83a83c6e8dd5b0397c48.jpg\" class=\"img-responsive post-image\" width=\"680\" height=\"510\" alt=\"Ruff &amp; Associ\u00e9s (\u2026)\" title=\"Ruff &amp; Associ\u00e9s obtient pour la 7e ann\u00e9e cons\u00e9cutive le label \u00ab Happy Trainees \u00bb\"\/><\/p>\n<p class=\"chapo\">Le cabinet d\u2019expertise-comptable ni\u00e7ois Ruff &amp; Associ\u00e9s vient de d\u00e9crocher, pour la septi\u00e8me ann\u00e9e cons\u00e9cutive, le label Happy Trainees 2026, d\u00e9livr\u00e9 par l\u2019organisme ind\u00e9pendant ChooseMyCompany. Cette distinction \u00e9value la satisfaction des stagiaires et alternants sur leur exp\u00e9rience professionnelle, via un questionnaire anonyme.<\/p>\n<p>Avec une note globale de<strong> 4,31\/5<\/strong> et un taux de recommandation de 100\u00a0%, l\u2019entreprise confirme son engagement en faveur de l\u2019accueil et de l\u2019accompagnement des jeunes talents. Les sond\u00e9s mettent en avant la diversit\u00e9 des missions, l\u2019autonomie accord\u00e9e, la qualit\u00e9 des relations humaines ainsi que la mont\u00e9e en comp\u00e9tences rapide.<\/p>\n<p>Parmi les retours recueillis, 100\u00a0% des stagiaires et alternants d\u00e9clarent avoir eu des opportunit\u00e9s de d\u00e9velopper leurs comp\u00e9tences et se sentir reconnus dans leurs efforts. La qualit\u00e9 de vie au travail \u2013 locaux modernes, outils digitaux, \u00e9v\u00e9nements internes, activit\u00e9s sportives \u2013 est \u00e9galement soulign\u00e9e.<br class=\"texte\"\/><br \/>\nLe cabinet poursuit en parall\u00e8le ses actions de proximit\u00e9 avec les \u00e9coles et universit\u00e9s, \u00e0 travers forums, partenariats et \u00e9v\u00e9nements, afin de renforcer l\u2019attractivit\u00e9 du m\u00e9tier d\u2019expert-comptable aupr\u00e8s des \u00e9tudiants.<\/p>\n<p>Fond\u00e9 en 1972, Ruff &amp; Associ\u00e9s r\u00e9unit plus de 100 collaborateurs et 7 associ\u00e9s r\u00e9partis sur 6 sites. Membre du r\u00e9seau international PrimeGlobal, le groupe accompagne plus de 2 500 clients en France et \u00e0 l\u2019\u00e9tranger, et b\u00e9n\u00e9ficie d\u00e9j\u00e0 des certifications \u00ab\u00a0Happy at Work\u00a0\u00bb et \u00ab\u00a0<a href=\"https:\/\/www.petitesaffiches.fr\/actualites,069\/droit,044\/le-cabinet-ruff-associes-obtient,28722.html\" rel=\"nofollow noopener\" target=\"_blank\">RSE Ecovadis<\/a> Bronze\u00a0\u00bb.<\/p>\n<p>Photo de Une\u00a0: \u00a9Ruff &amp; Associ\u00e9s<\/p>\n","protected":false},"excerpt":{"rendered":"Le cabinet d\u2019expertise-comptable ni\u00e7ois Ruff &amp; Associ\u00e9s vient de d\u00e9crocher, pour la septi\u00e8me ann\u00e9e cons\u00e9cutive, le label Happy&hellip;\n","protected":false},"author":2,"featured_media":416610,"comment_status":"","ping_status":"","sticky":false,"template":"","format":"standard","meta":{"footnotes":""},"categories":[2819],"tags":[1111,11,2408,1777,674,1011,27,12,2401,882,25],"class_list":{"0":"post-416609","1":"post","2":"type-post","3":"status-publish","4":"format-standard","5":"has-post-thumbnail","7":"category-nice","8":"tag-actu","9":"tag-actualites","10":"tag-appels-d","11":"tag-eu","12":"tag-europe","13":"tag-fr","14":"tag-france","15":"tag-news","16":"tag-nice","17":"tag-provence-alpes-cote-dazur","18":"tag-republique-francaise"},"share_on_mastodon":{"url":"https:\/\/pubeurope.com\/@fr\/115265239185345816","error":""},"_links":{"self":[{"href":"https:\/\/www.europesays.com\/fr\/wp-json\/wp\/v2\/posts\/416609","targetHints":{"allow":["GET"]}}],"collection":[{"href":"https:\/\/www.europesays.com\/fr\/wp-json\/wp\/v2\/posts"}],"about":[{"href":"https:\/\/www.europesays.com\/fr\/wp-json\/wp\/v2\/types\/post"}],"author":[{"embeddable":true,"href":"https:\/\/www.europesays.com\/fr\/wp-json\/wp\/v2\/users\/2"}],"replies":[{"embeddable":true,"href":"https:\/\/www.europesays.com\/fr\/wp-json\/wp\/v2\/comments?post=416609"}],"version-history":[{"count":0,"href":"https:\/\/www.europesays.com\/fr\/wp-json\/wp\/v2\/posts\/416609\/revisions"}],"wp:featuredmedia":[{"embeddable":true,"href":"https:\/\/www.europesays.com\/fr\/wp-json\/wp\/v2\/media\/416610"}],"wp:attachment":[{"href":"https:\/\/www.europesays.com\/fr\/wp-json\/wp\/v2\/media?parent=416609"}],"wp:term":[{"taxonomy":"category","embeddable":true,"href":"https:\/\/www.europesays.com\/fr\/wp-json\/wp\/v2\/categories?post=416609"},{"taxonomy":"post_tag","embeddable":true,"href":"https:\/\/www.europesays.com\/fr\/wp-json\/wp\/v2\/tags?post=416609"}],"curies":[{"name":"wp","href":"https:\/\/api.w.org\/{rel}","templated":true}]}}