{"id":416668,"date":"2025-09-25T14:19:14","date_gmt":"2025-09-25T14:19:14","guid":{"rendered":"https:\/\/www.europesays.com\/fr\/416668\/"},"modified":"2025-09-25T14:19:14","modified_gmt":"2025-09-25T14:19:14","slug":"motogp-davide-tardozzi-sort-du-silence-pour-faire-face-a-la-remontee-daprilia-et-ktm-ducati-va-rouvrir-les-tiroirs-a-innovations-gigi-dalligna-sy-remet","status":"publish","type":"post","link":"https:\/\/www.europesays.com\/fr\/416668\/","title":{"rendered":"MotoGP, Davide Tardozzi sort du silence : pour faire face \u00e0 la remont\u00e9e d\u2019Aprilia et KTM Ducati va rouvrir les tiroirs \u00e0 innovations, Gigi Dall\u2019Igna s&rsquo;y remet !"},"content":{"rendered":"<p><strong>Ducati domine toujours la saison MotoGP 2025 gr\u00e2ce \u00e0<br \/>\nMarc Marquez, mais la marque italienne sent que ses rivaux se<br \/>\nrapprochent. Davide Tardozzi, directeur de l\u2019\u00e9quipe Ducati Lenovo,<br \/>\nl\u2019a reconnu avant le Grand Prix du Japon : les r\u00e8gles sur les<br \/>\nconcessions accord\u00e9es \u00e0 la concurrence \u00ab fonctionnent tr\u00e8s bien \u00bb,<br \/>\nobligeant Borgo Panigale \u00e0 repenser son avance technique alors que<br \/>\nGigi Dall\u2019Igna, le cerveau derri\u00e8re les Desmosedici, \u00ab commence \u00e0<br \/>\nr\u00e9fl\u00e9chir \u00e0 nouveau \u00bb.<\/strong><\/p>\n<p>Apr\u00e8s un hiver difficile marqu\u00e9 par l\u2019abandon d\u2019un moteur<br \/>\nenti\u00e8rement nouveau pour la GP25, <strong>Ducati<\/strong> avait<br \/>\nd\u00e9marr\u00e9 la saison sur un rythme \u00e9crasant. <strong>Marc<br \/>\nMarquez<\/strong>, 32 ans, a remport\u00e9 11 Grands Prix et 14 sprints,<br \/>\ntandis que <strong>Pecco Bagnaia<\/strong> a offert une 12\u00e8 victoire<br \/>\ndominicale au package GP25 au Circuit of the Americas.<\/p>\n<p>Mais ces derni\u00e8res semaines, l\u2019\u00e9cart s\u2019est resserr\u00e9 :<br \/>\n<strong>Marco Bezzecchi<\/strong> (Aprilia) a pouss\u00e9<br \/>\n<strong>Marquez<\/strong> jusqu\u2019au drapeau \u00e0 Misano, et<br \/>\n<strong>KTM<\/strong> a \u00e9galement \u00e9lev\u00e9 son niveau.<\/p>\n<p><strong>Davide Tardozzi<\/strong> explique : \u00ab <strong>nous<br \/>\navons pens\u00e9 qu\u2019il \u00e9tait bon pour nous d\u2019arr\u00eater le d\u00e9veloppement de<br \/>\nla moto 2025<\/strong> parce que nous avons vu au d\u00e9but de<br \/>\nl\u2019ann\u00e9e que les performances \u00e9taient incroyables. Mais il semble<br \/>\nque les r\u00e8gles de Dorna fonctionnent tr\u00e8s bien, car <strong>nos<br \/>\nadversaires progressent beaucoup cette<br \/>\nann<\/strong><strong>\u00e9e<\/strong>\u00a0\u00bb.<\/p>\n<p>D\u2019o\u00f9 cette mobilisation\u00a0: \u00ab\u00a0<strong>Gigi commence<br \/>\nmaintenant \u00e0 r\u00e9fl\u00e9chir \u00e0 nouveau<\/strong>. Il a dit qu\u2019il<br \/>\nvalait mieux que nous retournions au bureau et <strong>que nous<br \/>\ncommencions \u00e0 ouvrir quelques tiroirs pour quelque chose de<br \/>\nnouveau<\/strong> et \u00e0 commencer \u00e0 penser \u00e0 l\u2019ann\u00e9e prochaine \u00e0 la<br \/>\nfin de l\u2019ann\u00e9e. \u00bb<\/p>\n<p><img loading=\"lazy\" decoding=\"async\" class=\"aligncenter\" src=\"https:\/\/www.europesays.com\/fr\/wp-content\/uploads\/2025\/09\/gng_1255820_hires.jpg\" alt=\"Gigi Dall'Igna, Ducati Corse, saison MotoGP 2025\" width=\"1196\" height=\"797\"\/><\/p>\n<p><strong>Le revirement strat\u00e9gique :<br \/>\nDucati repasse en mode attaque<\/strong><\/p>\n<p>Le r\u00e8glement MotoGP, ajust\u00e9 en 2024, impose en effet un syst\u00e8me<br \/>\nde concessions dynamiques : <strong>Ducati<\/strong>, en tant que<br \/>\nconstructeur dominant, a des restrictions, tandis que ses rivaux<br \/>\nb\u00e9n\u00e9ficient d\u2019avantages techniques proportionn\u00e9s \u00e0 leurs r\u00e9sultats.<br \/>\nR\u00e9sultat : pour la premi\u00e8re fois depuis deux ans, trois marques<br \/>\ndiff\u00e9rentes ont gagn\u00e9 des Grands Prix, et toutes sont mont\u00e9es sur<br \/>\nle podium.<\/p>\n<p>Le <strong>Japon<\/strong> pourrait devenir le th\u00e9\u00e2tre d\u2019un<br \/>\nmoment historique : <a href=\"https:\/\/www.paddock-gp.com\/motogp-massimo-rivola-fixe-lobjectif-a-ses-troupes-notre-mission-est-de-battre-marc-marquez-avant-la-fin-de-la-saison\/\" rel=\"nofollow noopener\" target=\"_blank\"><br \/>\n<strong>Marc Marquez<\/strong><\/a> a la possibilit\u00e9 d\u2019y sceller son<br \/>\nsepti\u00e8me titre mondial MotoGP s\u2019il termine avec trois points<br \/>\nd\u2019avance sur son fr\u00e8re Alex.<\/p>\n<p><a href=\"https:\/\/www.paddock-gp.com\/motogp-tardozzi-et-domenicali-defendent-marc-marquez-la-reponse-de-ducati-aux-huees-de-misano\/\" rel=\"nofollow noopener\" target=\"_blank\"><br \/>\n<strong>Davide Tardozzi<\/strong><\/a> savoure d\u00e9j\u00e0 l\u2019instant sur<br \/>\n<a href=\"https:\/\/www.crash.net\/motogp\/news\/1082307\/1\/ducati-flashes-warning-growing-motogp-rivals-gigi-starting-think-again\" rel=\"nofollow noopener\" target=\"_blank\"><br \/>\ncrash.net<\/a> : \u00ab nous sommes tr\u00e8s fiers car nous avons ramen\u00e9<br \/>\nun si grand champion pour gagner et nous esp\u00e9rons que cela se<br \/>\nproduira. Mais les possibilit\u00e9s sont tr\u00e8s, tr\u00e8s \u00e9lev\u00e9es. Gagner ici<br \/>\nau Japon est quelque chose de sp\u00e9cial, mais si ce n\u2019est pas ici au<br \/>\nJapon, si c\u2019est en Indon\u00e9sie ou ailleurs<strong>, le plus important<br \/>\nest que Marc soit \u00e0 nouveau champion du mond<\/strong>e. \u00bb<\/p>\n<p>La marque italienne reste au sommet, mais son avance n\u2019est plus<br \/>\naussi confortable. L\u2019avertissement de <strong>Tardozzi<\/strong> \u2013 \u00ab<br \/>\n<strong>Gigi commence \u00e0 r\u00e9fl\u00e9chir \u00e0 nouveau<\/strong> \u00bb \u2013 sonne<br \/>\ncomme un rappel que le MotoGP \u00e9volue rapidement.<br \/>\n<strong>Ducati<\/strong> sait qu\u2019<strong>Aprilia<\/strong> et<br \/>\n<strong>KTM<\/strong> profitent des nouvelles r\u00e8gles pour combler<br \/>\nleur retard, et qu\u2019il faudra de nouvelles innovations pour<br \/>\ncontinuer \u00e0 dominer la cat\u00e9gorie reine en 2026.<\/p>\n<p><img loading=\"lazy\" decoding=\"async\" class=\"aligncenter\" src=\"https:\/\/www.europesays.com\/fr\/wp-content\/uploads\/2025\/09\/rn14dxB7\" width=\"1058\" height=\"529\"\/><\/p>\n<p>\u00a0<\/p>\n","protected":false},"excerpt":{"rendered":"Ducati domine toujours la saison MotoGP 2025 gr\u00e2ce \u00e0 Marc Marquez, mais la marque italienne sent que ses&hellip;\n","protected":false},"author":2,"featured_media":416669,"comment_status":"","ping_status":"","sticky":false,"template":"","format":"standard","meta":{"footnotes":""},"categories":[1413],"tags":[1011,27,1457,1456,60],"class_list":{"0":"post-416668","1":"post","2":"type-post","3":"status-publish","4":"format-standard","5":"has-post-thumbnail","7":"category-moto","8":"tag-fr","9":"tag-france","10":"tag-moto","11":"tag-motocycle","12":"tag-sports"},"share_on_mastodon":{"url":"https:\/\/pubeurope.com\/@fr\/115265377010492758","error":""},"_links":{"self":[{"href":"https:\/\/www.europesays.com\/fr\/wp-json\/wp\/v2\/posts\/416668","targetHints":{"allow":["GET"]}}],"collection":[{"href":"https:\/\/www.europesays.com\/fr\/wp-json\/wp\/v2\/posts"}],"about":[{"href":"https:\/\/www.europesays.com\/fr\/wp-json\/wp\/v2\/types\/post"}],"author":[{"embeddable":true,"href":"https:\/\/www.europesays.com\/fr\/wp-json\/wp\/v2\/users\/2"}],"replies":[{"embeddable":true,"href":"https:\/\/www.europesays.com\/fr\/wp-json\/wp\/v2\/comments?post=416668"}],"version-history":[{"count":0,"href":"https:\/\/www.europesays.com\/fr\/wp-json\/wp\/v2\/posts\/416668\/revisions"}],"wp:featuredmedia":[{"embeddable":true,"href":"https:\/\/www.europesays.com\/fr\/wp-json\/wp\/v2\/media\/416669"}],"wp:attachment":[{"href":"https:\/\/www.europesays.com\/fr\/wp-json\/wp\/v2\/media?parent=416668"}],"wp:term":[{"taxonomy":"category","embeddable":true,"href":"https:\/\/www.europesays.com\/fr\/wp-json\/wp\/v2\/categories?post=416668"},{"taxonomy":"post_tag","embeddable":true,"href":"https:\/\/www.europesays.com\/fr\/wp-json\/wp\/v2\/tags?post=416668"}],"curies":[{"name":"wp","href":"https:\/\/api.w.org\/{rel}","templated":true}]}}