{"id":416676,"date":"2025-09-25T14:23:15","date_gmt":"2025-09-25T14:23:15","guid":{"rendered":"https:\/\/www.europesays.com\/fr\/416676\/"},"modified":"2025-09-25T14:23:15","modified_gmt":"2025-09-25T14:23:15","slug":"michel-blanc-a-part-il-etait-completement-different-de-nous","status":"publish","type":"post","link":"https:\/\/www.europesays.com\/fr\/416676\/","title":{"rendered":"Michel Blanc, \u00e0 part\u00a0? \u00ab\u00a0il \u00e9tait compl\u00e8tement diff\u00e9rent de nous\u00a0\u00bb"},"content":{"rendered":"<p><strong>Singularit\u00e9.<\/strong> Interrog\u00e9 sur le vide laiss\u00e9 par <a href=\"https:\/\/www.journaldesfemmes.fr\/people\/personnalites\/2805805-michel-blanc-age-splendid-couple-maladie\/\" title=\"Michel Blanc\" target=\"_blank\" rel=\"noopener\">Michel Blanc<\/a> qui est d\u00e9c\u00e9d\u00e9 en octobre 2024, dans En Apart\u00e9, Christian Clavier a expliqu\u00e9 \u00e0 quel point il occupait une place particuli\u00e8re dans la troupe du Splendid. \u00ab\u00a0C&rsquo;est tr\u00e8s difficile de parler de \u00e7a\u2026parce qu&rsquo;il y a entre nous quelque chose de totalement \u00e0 part dans ce groupe. (\u2026) Il avait une acuit\u00e9 de jeu, c&rsquo;\u00e9tait un hypocondriaque redoutable, c&rsquo;est une gait\u00e9 sans nom, des r\u00e9pliques d&rsquo;une violence et d&rsquo;une virulence sans pr\u00e9c\u00e9dent, quelqu&rsquo;un toujours en questionnement, en doute, en recherche, totalement compl\u00e9mentaire avec nous, compl\u00e8tement diff\u00e9rent de nous et c&rsquo;est \u00e7a qui fait ce groupe\u00a0\u00bb, a racont\u00e9 le com\u00e9dien de 73 ans.<\/p>\n","protected":false},"excerpt":{"rendered":"Singularit\u00e9. Interrog\u00e9 sur le vide laiss\u00e9 par Michel Blanc qui est d\u00e9c\u00e9d\u00e9 en octobre 2024, dans En Apart\u00e9,&hellip;\n","protected":false},"author":2,"featured_media":416677,"comment_status":"","ping_status":"","sticky":false,"template":"","format":"standard","meta":{"footnotes":""},"categories":[1359],"tags":[54674,51761,58,59,52292,1011,27,51766,1031,3970,973],"class_list":{"0":"post-416676","1":"post","2":"type-post","3":"status-publish","4":"format-standard","5":"has-post-thumbnail","7":"category-people","8":"tag-cms-journaldesfemmes-3242238","9":"tag-controller-content","10":"tag-divertissement","11":"tag-entertainment","12":"tag-format-reportage","13":"tag-fr","14":"tag-france","15":"tag-les-histoires-du-jdf","16":"tag-magazine","17":"tag-michel-blanc","18":"tag-people"},"share_on_mastodon":{"url":"https:\/\/pubeurope.com\/@fr\/115265392252935969","error":""},"_links":{"self":[{"href":"https:\/\/www.europesays.com\/fr\/wp-json\/wp\/v2\/posts\/416676","targetHints":{"allow":["GET"]}}],"collection":[{"href":"https:\/\/www.europesays.com\/fr\/wp-json\/wp\/v2\/posts"}],"about":[{"href":"https:\/\/www.europesays.com\/fr\/wp-json\/wp\/v2\/types\/post"}],"author":[{"embeddable":true,"href":"https:\/\/www.europesays.com\/fr\/wp-json\/wp\/v2\/users\/2"}],"replies":[{"embeddable":true,"href":"https:\/\/www.europesays.com\/fr\/wp-json\/wp\/v2\/comments?post=416676"}],"version-history":[{"count":0,"href":"https:\/\/www.europesays.com\/fr\/wp-json\/wp\/v2\/posts\/416676\/revisions"}],"wp:featuredmedia":[{"embeddable":true,"href":"https:\/\/www.europesays.com\/fr\/wp-json\/wp\/v2\/media\/416677"}],"wp:attachment":[{"href":"https:\/\/www.europesays.com\/fr\/wp-json\/wp\/v2\/media?parent=416676"}],"wp:term":[{"taxonomy":"category","embeddable":true,"href":"https:\/\/www.europesays.com\/fr\/wp-json\/wp\/v2\/categories?post=416676"},{"taxonomy":"post_tag","embeddable":true,"href":"https:\/\/www.europesays.com\/fr\/wp-json\/wp\/v2\/tags?post=416676"}],"curies":[{"name":"wp","href":"https:\/\/api.w.org\/{rel}","templated":true}]}}