{"id":416695,"date":"2025-09-25T14:33:11","date_gmt":"2025-09-25T14:33:11","guid":{"rendered":"https:\/\/www.europesays.com\/fr\/416695\/"},"modified":"2025-09-25T14:33:11","modified_gmt":"2025-09-25T14:33:11","slug":"scaf-le-pdg-de-dassault-aviation-pousse-un-gros-coup-de-gueule-devant-les-deputes-zone-militaire","status":"publish","type":"post","link":"https:\/\/www.europesays.com\/fr\/416695\/","title":{"rendered":"SCAF : Le PDG de Dassault Aviation pousse un gros \u00ab coup de gueule \u00bb devant les d\u00e9put\u00e9s &#8211; Zone Militaire"},"content":{"rendered":"<ol>\n<li><a href=\"https:\/\/news.google.com\/rss\/articles\/CBMiuAFBVV95cUxOdV9zcnVpd3M5YjBzaFI0V05oaUFwRnp3bjY4N01QbzZZV0lKMHk0QmNNMEQyV3NXVWhvUXhPT2hBd0owUUlwalJRLWw0bUczMjk3N3FjOFE5a2NfZ1F1TzVFWDYyS29HaXc1SEl1bzdveHpHdmRUQWZlRmNqSnh5UEpvVUlVU1g3U3hjMGNVRXBnalI5Q1pVUU1PUHppSWV5SzBsSGZnOGtXNG5DTGFGUXZSNjl3c0Jq?oc=5\" target=\"_blank\" rel=\"noopener\">SCAF : Le PDG de Dassault Aviation pousse un gros \u00ab coup de gueule \u00bb devant les d\u00e9put\u00e9s<\/a>&nbsp;&nbsp;Zone Militaire<\/li>\n<li><a href=\"https:\/\/news.google.com\/rss\/articles\/CBMigwJBVV95cUxOUWJJdWxnQzRJVEhrV3gxdzFpTmhsZ05sV2lOZTluTmxFa3k3dVhNZzVJU0JuN0RnR3FvbTFTYU1veGxlcWFCTzhPbVJXV0FIVXBKV1ZQRVg1WkY2b1ZLQ3BlMHd2VDZpYUdrWi1zbmZTeC1rUmdTRGVicTVJWDdFQmRkc21aYnFKeTRFYTFWbndSVUVQSFJvOTRYNFBuUnoySUNxanF6TVBGRkQtVXNhZnR6VmpBSFRjMVJMTERlZUFyeFRPbG9nVDhCd3BvQUxtYldwNW5yQnpOQ0VCTHVpX3hFV3hLU0ZxQVN0MnZKd3pla0pqQm1UNkNfUkx3MnlEVXVZ?oc=5\" target=\"_blank\" rel=\"noopener\">\u00ab L\u2019avion de combat fran\u00e7ais, allemand et espagnol, t\u00eate d\u2019affiche de l\u2019\u201cEurope de la d\u00e9fense\u201d, risque le crash \u00bb<\/a>&nbsp;&nbsp;Le Monde.fr<\/li>\n<li><a href=\"https:\/\/news.google.com\/rss\/articles\/CBMirAJBVV95cUxPNGtLdG9ORUZtekF2ckZiclcyVWFvclZwOVpYWkN2SEg5OExTY0MtaXlNYVA2TlRDSms5cUJqdC0wQkljN2RlU2tIMjgzQl9QTjVmUkxuRVpsamw3ajNLWDV3WFUyMDB4MWx6OWROSjZqRVB6WlV3YVlZaThlSG9SR0ZhTUhWYXF4YkV0UE9Ja0xxb1BaSVhXYkxZdkoyTlo4ZDZJVEpiTDFTMUR6d0pDQTg5SjFTckprbm9XeUIzc2VMeFluNTlyMWJBOVFVSmhZRXJsWHJabEtoYk1ZMFd5bW9ueDBxZjFNV05mR2VtRHdYZmtQd0gyalFzdDhPcEFJbnF0SFFFbERBOHZia0ZUY1k0eHZqWGkxVW82OW1yOFhoYnNnTmpsRlJCM0g?oc=5\" target=\"_blank\" rel=\"noopener\">La France s&rsquo;aligne sur Dassault: sans accord avec l&rsquo;Allemagne sur le Scaf, Paris est pr\u00eat \u00e0 d\u00e9velopper \u00ab\u00a0seul\u00a0\u00bb l&rsquo;avion de combat du futur<\/a>&nbsp;&nbsp;BFMTV<\/li>\n<li><a href=\"https:\/\/news.google.com\/rss\/articles\/CBMiogJBVV95cUxQd0lLbmd3d09xLWlVYmN3MlB2dVphdDlRWVkydDEtZEFWTnhhbU1ick4wU0RfWUV3VTV6S0tHa29YeFY1VU5nLXp5ZVpZeXZfZTZSUWUyOXdkTkxnVlhSTnlSYkpJcnlXUDhsU3JsWE1aQmtndjdCNDJUWXR3anBOY1k2Zm1McHZFcjBnS2ktWnBKRWtBcGVvUHhqZktna3JtZ1JtX2t4UXR6T1VmVVpjd2hlMVBTSFJONU5QV2xBQklISTJteXItUTJfOVdlUVRFVFk3cWlqQWtJcVBmNWpxeXcxQVFHQUtZUng0ODIybUNoZG1MbV9IaUl5YzZOXzBaS0E3ZTZFVWYwYnM4WjhxRENocTJfaE03ZDZ6NnhGY0hVZw?oc=5\" target=\"_blank\" rel=\"noopener\">La France pr\u00eate \u00e0 d\u00e9velopper \u00ab seule \u00bb un chasseur europ\u00e9en du futur \u00e0 50 milliards d\u2019euros pour remplacer le Rafale<\/a>&nbsp;&nbsp;Le Parisien<\/li>\n<li><a href=\"https:\/\/news.google.com\/rss\/articles\/CBMilgJBVV95cUxOYi0xaUgtampVQUFnN2wwSFl6MDhadXVfS0lWelR6OWJnYWhCTm4zNjROZTFxRHRaNzM1c1VNSHZsQU5JZHpJZjlRbDlyZ3RmbmVJT240VzN4SFRrelB3U1JSNDZEWGR6V2xVUFlnNy1KMnhPM25WY1dob0w4T0U2dDJCRDNNdjFNSnZ6NTVuRnVhODVWcG5hdk1BS2YzaGZTWGFqcTVaaC1weVdUcmJQV1RoQUJ3MllUaDJZUVhPR3UyVkNOYi0wSklFYmdGMFd0U3JtTS1jM3piV3dHc18ya0JNc05NUC1uaUhCOC1HVXhlOFlfR01IY0VSWlliLV94VENCMDZoRVJ2aDZ0MXR4WXRNeFlTdw?oc=5\" target=\"_blank\" rel=\"noopener\">\u00c9DITO &#8211; Successeur du Rafale : avec le projet Scaf, \u00ab\u00a0les Allemands voient l&rsquo;occasion de reprendre le leadership\u00a0\u00bb, affirme Fran\u00e7ois Lenglet<\/a>&nbsp;&nbsp;RTL.fr<\/li>\n<\/ol>\n","protected":false},"excerpt":{"rendered":"SCAF : Le PDG de Dassault Aviation pousse un gros \u00ab coup de gueule \u00bb devant les d\u00e9put\u00e9s&nbsp;&nbsp;Zone&hellip;\n","protected":false},"author":2,"featured_media":416696,"comment_status":"","ping_status":"","sticky":false,"template":"","format":"standard","meta":{"footnotes":""},"categories":[6],"tags":[36,672,35,20286,33,34,1011,27,19629,48478,29284,41062,54676],"class_list":{"0":"post-416695","1":"post","2":"type-post","3":"status-publish","4":"format-standard","5":"has-post-thumbnail","7":"category-economie","8":"tag-airbus","9":"tag-allemagne","10":"tag-business","11":"tag-dassault-aviation","12":"tag-economie","13":"tag-economy","14":"tag-fr","15":"tag-france","16":"tag-gouvernance","17":"tag-ngf","18":"tag-scaf","19":"tag-systeme-de-combat-aerien-du-futur","20":"tag-volker-mayer-lay"},"share_on_mastodon":{"url":"https:\/\/pubeurope.com\/@fr\/115265431442938997","error":""},"_links":{"self":[{"href":"https:\/\/www.europesays.com\/fr\/wp-json\/wp\/v2\/posts\/416695","targetHints":{"allow":["GET"]}}],"collection":[{"href":"https:\/\/www.europesays.com\/fr\/wp-json\/wp\/v2\/posts"}],"about":[{"href":"https:\/\/www.europesays.com\/fr\/wp-json\/wp\/v2\/types\/post"}],"author":[{"embeddable":true,"href":"https:\/\/www.europesays.com\/fr\/wp-json\/wp\/v2\/users\/2"}],"replies":[{"embeddable":true,"href":"https:\/\/www.europesays.com\/fr\/wp-json\/wp\/v2\/comments?post=416695"}],"version-history":[{"count":0,"href":"https:\/\/www.europesays.com\/fr\/wp-json\/wp\/v2\/posts\/416695\/revisions"}],"wp:featuredmedia":[{"embeddable":true,"href":"https:\/\/www.europesays.com\/fr\/wp-json\/wp\/v2\/media\/416696"}],"wp:attachment":[{"href":"https:\/\/www.europesays.com\/fr\/wp-json\/wp\/v2\/media?parent=416695"}],"wp:term":[{"taxonomy":"category","embeddable":true,"href":"https:\/\/www.europesays.com\/fr\/wp-json\/wp\/v2\/categories?post=416695"},{"taxonomy":"post_tag","embeddable":true,"href":"https:\/\/www.europesays.com\/fr\/wp-json\/wp\/v2\/tags?post=416695"}],"curies":[{"name":"wp","href":"https:\/\/api.w.org\/{rel}","templated":true}]}}