{"id":416703,"date":"2025-09-25T14:38:12","date_gmt":"2025-09-25T14:38:12","guid":{"rendered":"https:\/\/www.europesays.com\/fr\/416703\/"},"modified":"2025-09-25T14:38:12","modified_gmt":"2025-09-25T14:38:12","slug":"saint-genest-malifaux-son-vehicule-percute-par-larriere-le-conducteur-legerement-blesse","status":"publish","type":"post","link":"https:\/\/www.europesays.com\/fr\/416703\/","title":{"rendered":"Saint-Genest-Malifaux. Son v\u00e9hicule percut\u00e9 par l\u2019arri\u00e8re\u00a0: le conducteur l\u00e9g\u00e8rement bless\u00e9"},"content":{"rendered":"<p>Les sapeurs-pompiers du Service d\u00e9partemental d\u2019incendie et de secours de la Loire (Sdis 42) sont intervenus ce jeudi 25\u00a0septembre, vers 8 heures, pour un accident de la circulation sur la RD501, route de Marlhes sur la commune de Saint-Genest-Malifaux.<\/p>\n<p>  La victime transport\u00e9e vers le HPL<\/p>\n<p>La collision a impliqu\u00e9 un v\u00e9hicule l\u00e9ger percut\u00e9 par l\u2019arri\u00e8re par un autre v\u00e9hicule. Selon les informations transmises par le Sdis 42, le conducteur du premier v\u00e9hicule, \u00e2g\u00e9 de 27 ans, a \u00e9t\u00e9 l\u00e9g\u00e8rement bless\u00e9 et transport\u00e9 par les soldats du feu vers l\u2019H\u00f4pital priv\u00e9 de la Loire (HPL). Le conducteur du second v\u00e9hicule est indemne.<\/p>\n","protected":false},"excerpt":{"rendered":"Les sapeurs-pompiers du Service d\u00e9partemental d\u2019incendie et de secours de la Loire (Sdis 42) sont intervenus ce jeudi&hellip;\n","protected":false},"author":2,"featured_media":416704,"comment_status":"","ping_status":"","sticky":false,"template":"","format":"standard","meta":{"footnotes":""},"categories":[9653],"tags":[119,1111,11,2430,7539,1777,674,274,1011,27,3367,12,25,4001,15342,15343,104],"class_list":{"0":"post-416703","1":"post","2":"type-post","3":"status-publish","4":"format-standard","5":"has-post-thumbnail","7":"category-saint-etienne","8":"tag-accident","9":"tag-actu","10":"tag-actualites","11":"tag-auvergne-rhone-alpes","12":"tag-edition-loire-sud","13":"tag-eu","14":"tag-europe","15":"tag-faits-divers-justice","16":"tag-fr","17":"tag-france","18":"tag-loire","19":"tag-news","20":"tag-republique-francaise","21":"tag-saint-etienne","22":"tag-saint-genest-malifaux","23":"tag-saint-genest-malifaux-bassin","24":"tag-societe"},"share_on_mastodon":{"url":"https:\/\/pubeurope.com\/@fr\/115265451072573673","error":""},"_links":{"self":[{"href":"https:\/\/www.europesays.com\/fr\/wp-json\/wp\/v2\/posts\/416703","targetHints":{"allow":["GET"]}}],"collection":[{"href":"https:\/\/www.europesays.com\/fr\/wp-json\/wp\/v2\/posts"}],"about":[{"href":"https:\/\/www.europesays.com\/fr\/wp-json\/wp\/v2\/types\/post"}],"author":[{"embeddable":true,"href":"https:\/\/www.europesays.com\/fr\/wp-json\/wp\/v2\/users\/2"}],"replies":[{"embeddable":true,"href":"https:\/\/www.europesays.com\/fr\/wp-json\/wp\/v2\/comments?post=416703"}],"version-history":[{"count":0,"href":"https:\/\/www.europesays.com\/fr\/wp-json\/wp\/v2\/posts\/416703\/revisions"}],"wp:featuredmedia":[{"embeddable":true,"href":"https:\/\/www.europesays.com\/fr\/wp-json\/wp\/v2\/media\/416704"}],"wp:attachment":[{"href":"https:\/\/www.europesays.com\/fr\/wp-json\/wp\/v2\/media?parent=416703"}],"wp:term":[{"taxonomy":"category","embeddable":true,"href":"https:\/\/www.europesays.com\/fr\/wp-json\/wp\/v2\/categories?post=416703"},{"taxonomy":"post_tag","embeddable":true,"href":"https:\/\/www.europesays.com\/fr\/wp-json\/wp\/v2\/tags?post=416703"}],"curies":[{"name":"wp","href":"https:\/\/api.w.org\/{rel}","templated":true}]}}