{"id":416720,"date":"2025-09-25T14:47:10","date_gmt":"2025-09-25T14:47:10","guid":{"rendered":"https:\/\/www.europesays.com\/fr\/416720\/"},"modified":"2025-09-25T14:47:10","modified_gmt":"2025-09-25T14:47:10","slug":"avec-plus-de-100-dates-le-zenith-de-rouen-presente-sa-nouvelle-et-ambitieuse-programmation","status":"publish","type":"post","link":"https:\/\/www.europesays.com\/fr\/416720\/","title":{"rendered":"Avec plus de 100 dates, le Z\u00e9nith de Rouen pr\u00e9sente sa nouvelle et ambitieuse programmation"},"content":{"rendered":"<p>            Par<br \/>\n        <strong><br \/>\n            <a href=\"https:\/\/actu.fr\/auteur\/thierrychion\" title=\"Consulter tous les articles de Thierry Chion\" target=\"_blank\" rel=\"noopener\">Thierry Chion<\/a><br \/>\n        <\/strong><\/p>\n<p>        Publi\u00e9 le<\/p>\n<p>            25 sept. 2025 \u00e0 15h46<br \/>\n        ; mis \u00e0 jour le 25 sept. 2025 \u00e0 15h47    <\/p>\n<p>Le Z\u00e9nith de <a href=\"https:\/\/actu.fr\/normandie\/rouen_76540\" target=\"_blank\" rel=\"noopener\">Rouen (Seine-Maritime)<\/a> fait une <strong>rentr\u00e9e fracassante<\/strong> avec une s\u00e9rie de concerts de haut vol\u2009: Lamomali (ce jeudi 25\u00a0septembre 2025) et Soprano (du 26 au 28\u00a0septembre 2025). \u00c0 l\u2019image de cette ouverture, cette ann\u00e9e 2025-2026 qui se profile sera sans conteste, et pour reprendre les paroles du directeur du <a href=\"https:\/\/actu.fr\/tag\/zenith-de-rouen\" target=\"_blank\" rel=\"noopener\">Z\u00e9nith<\/a>, <strong>Didier Thibault<\/strong>\u2009: \u00ab\u2009encore plus \u00e9tonnante que la saison incroyable que nous venons de vivre.\u2009\u00bb<\/p>\n<p>\u00ab\u2009Une mont\u00e9e en fl\u00e8che de la fr\u00e9quentation\u2009\u00bb<\/p>\n<p class=\" wall-content\">Et c\u2019est un sentiment partag\u00e9 par<strong> Ludovic Delesque<\/strong>, pr\u00e9sident de la SAS Seine Z\u00e9nith reconduite pour la gestion de la salle de spectacle.<\/p>\n<p class=\" wall-content\">La saison 2024-2025 a r\u00e9uni 275\u2009000\u00a0spectateurs sur 90 spectacles. La programmation \u00e0 venir propose<strong> plus de 100 rendez-vous<\/strong>, \u00ab\u2009beaucoup de courants musicaux sont pr\u00e9sent\u00e9s, les spectacles seront encore plus diversifi\u00e9s. Depuis la Covid, nous constatons<strong> une mont\u00e9e en fl\u00e8che de l\u2019offre<\/strong> et de la fr\u00e9quentation. Nous sommes toujours en phase ascendante. Le spectacle vivant se comporte plut\u00f4t bien et la demande est toujours forte. Cela r\u00e9pond certainement \u00e0 des attentes dans un contexte anxiog\u00e8ne bien marqu\u00e9\u2009\u00bb, continue le directeur.<\/p>\n<p class=\" wall-content\">Impossible de d\u00e9tailler<strong> tout le programme<\/strong>, tellement il est riche, mais rappelons que le public aura prochainement rendez-vous avec Julien Dor\u00e9, Lara Fabian, Jean-Louis Aubert, Louis Bertignac, Florent Pagny, Ga\u00ebtan Roussel, Mika, David Hallyday, <strong>Ril\u00e8s<\/strong>, Louanne, Vanessa Paradis, Julien Clerc, M Pokora, <strong>Clara Luciani<\/strong>, Gojira\u2026, sans compter les tribute bands, les grands spectacles (Cadre noir de Saumur\u2026), l\u2019humour (Les Bodin\u2019s, Elodie Poux, Ahmed Sylla, Laurent Gerra\u2026). L\u2019offre enti\u00e8re donne le tournis. \u00c0 retrouver sur le <a href=\"https:\/\/www.zenith-de-rouen.com\/\" target=\"_blank\" rel=\"noopener\">site<\/a> du Z\u00e9nith.<\/p>\n<p class=\" wall-content\"><strong>VID\u00c9O. \u00c9coutez Louis Bertignac\u2009:<\/strong><\/p>\n<p class=\" wall-content\">\n<p class=\" wall-content\">\u00ab\u2009Au-del\u00e0 de la salle de spectacle, le Z\u00e9nith est aussi une salle d\u2019engagements\u2009\u00bb, insiste Didier Thibault.<\/p>\n<p>Engagements assum\u00e9s<\/p>\n<p class=\" wall-content\">Au travers de nombreux partenariats, le Z\u00e9nith s\u2019engage, entre autres, contre toutes les formes de violences sexuelles ou sexistes. \u00ab\u2009Si on se sent en danger, si on a besoin d\u2019infos, il faudra se diriger vers la Safe zone install\u00e9e dans le hall du Z\u00e9nith. Un de nos points majeurs, c\u2019est la s\u00e9curit\u00e9 de notre public\u2009\u00bb. L\u2019\u00e9quipe favorise \u00e9galement le d\u00e9veloppement de l\u2019appli <strong>Drive lady<\/strong>, pour un covoiturage 100\u2009% f\u00e9minin, ou de la marque de v\u00eatements inclusifs \u00ab\u2009Ouais et alors\u2009\u00bb.<\/p>\n<p class=\" wall-content\">Fid\u00e8le \u00e0 son engagement sportif, la salle de spectacles apporte aussi son soutien au m\u00e9daill\u00e9 paralympique de tennis de table <strong>Florian Merrien<\/strong>.<\/p>\n<p>Votre r\u00e9gion, votre actu !<\/p>\n<p>Recevez chaque jour les infos qui comptent pour vous.<\/p>\n<p>\t<a href=\"https:\/\/actu.fr\/newsletter\" class=\"ac-btn ac-btn--corner ac-btn--medium ac-btn--blue800\" target=\"_blank\" rel=\"noopener\">S&rsquo;incrire<\/a><\/p>\n<p class=\" wall-content\">Enfin, le Z\u00e9nith joue sa carte verte, d\u00e9j\u00e0 par la pr\u00e9sence d\u2019un potager en son enceinte qui permet aux \u00e9coliers ou \u00e0 certains membres de foyers de jeunes travailleurs d\u2019apprendre \u00e0 cultiver un jardin. Soucieuse de l\u2019impact environnemental des spectacles, la salle est une des rares structures pilotes permettant de mesurer l\u2019impact environnemental des tourn\u00e9es. \u00ab\u2009Des<strong> indicateurs sont install\u00e9s<\/strong> pour mesurer ce qui est consomm\u00e9 en \u00e9nergie, analyser les donn\u00e9es, et voir quel levier actionner pour am\u00e9liorer la situation\u2009\u00bb. La salle est aussi engag\u00e9e dans une d\u00e9marche pour mesurer l\u2019impact carbone de son activit\u00e9.<\/p>\n<p>Z\u00e9nith de Rouen, avenue des canadiens, au Grand-Quevilly.<\/p>\n<p class=\" wall-content\">Personnalisez votre actualit\u00e9 en ajoutant vos villes et m\u00e9dias en favori avec <a href=\"https:\/\/moncompte.actu.fr\" title=\"D\u00e9couvez Mon Actu\" rel=\"nofollow noopener\" data-trk=\"{&quot;cta&quot;:{&quot;action&quot;:&quot;https:\\\/\\\/moncompte.actu.fr&quot;,&quot;category&quot;:&quot;mon compte&quot;,&quot;from&quot;:&quot;article footer&quot;,&quot;name&quot;:&quot;Mon actu&quot;,&quot;type&quot;:&quot;cta&quot;}}\" target=\"_blank\">Mon Actu<\/a>.<\/p>\n","protected":false},"excerpt":{"rendered":"Par Thierry Chion Publi\u00e9 le 25 sept. 2025 \u00e0 15h46 ; mis \u00e0 jour le 25 sept. 2025&hellip;\n","protected":false},"author":2,"featured_media":416721,"comment_status":"","ping_status":"","sticky":false,"template":"","format":"standard","meta":{"footnotes":""},"categories":[9587],"tags":[1111,11,1777,674,1011,27,1652,873,12,5161,25,9590,9894],"class_list":{"0":"post-416720","1":"post","2":"type-post","3":"status-publish","4":"format-standard","5":"has-post-thumbnail","7":"category-rouen","8":"tag-actu","9":"tag-actualites","10":"tag-eu","11":"tag-europe","12":"tag-fr","13":"tag-france","14":"tag-loisirs-culture","15":"tag-musique","16":"tag-news","17":"tag-normandie","18":"tag-republique-francaise","19":"tag-rouen","20":"tag-zenith-de-rouen"},"share_on_mastodon":{"url":"https:\/\/pubeurope.com\/@fr\/115265486469574012","error":""},"_links":{"self":[{"href":"https:\/\/www.europesays.com\/fr\/wp-json\/wp\/v2\/posts\/416720","targetHints":{"allow":["GET"]}}],"collection":[{"href":"https:\/\/www.europesays.com\/fr\/wp-json\/wp\/v2\/posts"}],"about":[{"href":"https:\/\/www.europesays.com\/fr\/wp-json\/wp\/v2\/types\/post"}],"author":[{"embeddable":true,"href":"https:\/\/www.europesays.com\/fr\/wp-json\/wp\/v2\/users\/2"}],"replies":[{"embeddable":true,"href":"https:\/\/www.europesays.com\/fr\/wp-json\/wp\/v2\/comments?post=416720"}],"version-history":[{"count":0,"href":"https:\/\/www.europesays.com\/fr\/wp-json\/wp\/v2\/posts\/416720\/revisions"}],"wp:featuredmedia":[{"embeddable":true,"href":"https:\/\/www.europesays.com\/fr\/wp-json\/wp\/v2\/media\/416721"}],"wp:attachment":[{"href":"https:\/\/www.europesays.com\/fr\/wp-json\/wp\/v2\/media?parent=416720"}],"wp:term":[{"taxonomy":"category","embeddable":true,"href":"https:\/\/www.europesays.com\/fr\/wp-json\/wp\/v2\/categories?post=416720"},{"taxonomy":"post_tag","embeddable":true,"href":"https:\/\/www.europesays.com\/fr\/wp-json\/wp\/v2\/tags?post=416720"}],"curies":[{"name":"wp","href":"https:\/\/api.w.org\/{rel}","templated":true}]}}