{"id":416726,"date":"2025-09-25T14:50:18","date_gmt":"2025-09-25T14:50:18","guid":{"rendered":"https:\/\/www.europesays.com\/fr\/416726\/"},"modified":"2025-09-25T14:50:18","modified_gmt":"2025-09-25T14:50:18","slug":"municipales-a-rennes-le-candidat-lr-dement-avoir-participe-aux-ateliers-des-elus-dopposition-et-appelle-au-rassemblement-derriere-lui","status":"publish","type":"post","link":"https:\/\/www.europesays.com\/fr\/416726\/","title":{"rendered":"Municipales \u00e0 Rennes\u00a0: le candidat LR d\u00e9ment avoir particip\u00e9 aux ateliers des \u00e9lus d\u2019opposition\u2026 et appelle au rassemblement derri\u00e8re lui"},"content":{"rendered":"<p>Mercredi, Carole Gandon et Charles Compagnon, les deux chefs de file de l\u2019opposition \u00e0 la maire de Rennes Nathalie App\u00e9r\u00e9, ont officialis\u00e9 leur <a href=\"https:\/\/www.letelegramme.fr\/ille-et-vilaine\/rennes-35000\/municipales-a-rennes-pour-eviter-un-match-plie-davance-carole-gandon-et-charles-compagnon-devoilent-leur-strategie-6896568.php\" target=\"_blank\" rel=\"noopener\">union pour les prochaines \u00e9lections municipales de 2026<\/a>. Avec une volont\u00e9 affich\u00e9e : \u00ab rassembler le plus largement possible \u00bb, des sociaux-d\u00e9mocrates \u00e0 la droite, pour se donner une chance de faire basculer Rennes apr\u00e8s 50 ans de socialisme. Un appel clair \u00e0 Thomas Rousseau, qui a d\u00e9j\u00e0 fait acte de candidature en d\u00e9cembre 2024 au nom du parti Les R\u00e9publicains.<\/p>\n<p>Mercredi 24 septembre, Carole Gandon (Renaissance) avait confi\u00e9 son optimisme et avait \u00ab bon espoir qu\u2019on parvienne \u00e0 former une liste unique dans les semaines qui viennent \u00bb avec le secr\u00e9taire d\u00e9partemental des LR, associ\u00e9 selon eux \u00e0 leurs ateliers programmatiques.<\/p>\n<p>\u00ab La v\u00e9ritable union se fera autour des id\u00e9es, non autour des ego \u00bb<\/p>\n<p>Du c\u00f4t\u00e9 de Thomas Rousseau, l\u2019union semble en revanche loin d\u2019\u00eatre act\u00e9e. Dans un communiqu\u00e9 ce jeudi, ce dernier d\u00e9ment \u00ab avoir particip\u00e9 et avoir \u00e9t\u00e9 invit\u00e9 aux ateliers \u00e9voqu\u00e9s. Notre programme, lui, a bien \u00e9t\u00e9 pr\u00e9sent\u00e9 depuis des mois aux responsables de l\u2019opposition \u00bb. S\u2019il affirme \u00eatre \u00ab \u00e9videmment favorable \u00e0 une union \u00bb et \u00ab confirme la n\u00e9cessit\u00e9 d\u2019un rassemblement large pour pr\u00e9parer l\u2019apr\u00e8s-App\u00e9r\u00e9 \u00bb, il \u00ab invite les conseillers municipaux sortants du centre \u00e0 rejoindre notre large coalition rassemblant d\u00e9j\u00e0 de nombreuses sensibilit\u00e9s politiques. Les Rennais attendent une rupture et non une alliance de circonstance. La v\u00e9ritable union se fera autour des id\u00e9es, non autour des ego. \u00bb<\/p>\n","protected":false},"excerpt":{"rendered":"Mercredi, Carole Gandon et Charles Compagnon, les deux chefs de file de l\u2019opposition \u00e0 la maire de Rennes&hellip;\n","protected":false},"author":2,"featured_media":416727,"comment_status":"","ping_status":"","sticky":false,"template":"","format":"standard","meta":{"footnotes":""},"categories":[2821],"tags":[1111,11,829,1777,674,1011,27,848,26053,12,3364,584,25],"class_list":{"0":"post-416726","1":"post","2":"type-post","3":"status-publish","4":"format-standard","5":"has-post-thumbnail","7":"category-rennes","8":"tag-actu","9":"tag-actualites","10":"tag-bretagne","11":"tag-eu","12":"tag-europe","13":"tag-fr","14":"tag-france","15":"tag-ille-et-vilaine","16":"tag-municipales-2026-a-rennes","17":"tag-news","18":"tag-politique-a-rennes","19":"tag-rennes","20":"tag-republique-francaise"},"share_on_mastodon":{"url":"https:\/\/pubeurope.com\/@fr\/115265498276972439","error":""},"_links":{"self":[{"href":"https:\/\/www.europesays.com\/fr\/wp-json\/wp\/v2\/posts\/416726","targetHints":{"allow":["GET"]}}],"collection":[{"href":"https:\/\/www.europesays.com\/fr\/wp-json\/wp\/v2\/posts"}],"about":[{"href":"https:\/\/www.europesays.com\/fr\/wp-json\/wp\/v2\/types\/post"}],"author":[{"embeddable":true,"href":"https:\/\/www.europesays.com\/fr\/wp-json\/wp\/v2\/users\/2"}],"replies":[{"embeddable":true,"href":"https:\/\/www.europesays.com\/fr\/wp-json\/wp\/v2\/comments?post=416726"}],"version-history":[{"count":0,"href":"https:\/\/www.europesays.com\/fr\/wp-json\/wp\/v2\/posts\/416726\/revisions"}],"wp:featuredmedia":[{"embeddable":true,"href":"https:\/\/www.europesays.com\/fr\/wp-json\/wp\/v2\/media\/416727"}],"wp:attachment":[{"href":"https:\/\/www.europesays.com\/fr\/wp-json\/wp\/v2\/media?parent=416726"}],"wp:term":[{"taxonomy":"category","embeddable":true,"href":"https:\/\/www.europesays.com\/fr\/wp-json\/wp\/v2\/categories?post=416726"},{"taxonomy":"post_tag","embeddable":true,"href":"https:\/\/www.europesays.com\/fr\/wp-json\/wp\/v2\/tags?post=416726"}],"curies":[{"name":"wp","href":"https:\/\/api.w.org\/{rel}","templated":true}]}}