{"id":416738,"date":"2025-09-25T14:56:16","date_gmt":"2025-09-25T14:56:16","guid":{"rendered":"https:\/\/www.europesays.com\/fr\/416738\/"},"modified":"2025-09-25T14:56:16","modified_gmt":"2025-09-25T14:56:16","slug":"plus-de-50-km-de-bouchons-releves-journee-delicate-sur-la-route-ce-jeudi","status":"publish","type":"post","link":"https:\/\/www.europesays.com\/fr\/416738\/","title":{"rendered":"plus de 50 km de bouchons relev\u00e9s, journ\u00e9e d\u00e9licate sur la route ce jeudi"},"content":{"rendered":"<p>            Par<br \/>\n        <strong><br \/>\n            <a href=\"https:\/\/actu.fr\/auteur\/redaction-nantes\" title=\"Consulter tous les articles de R\u00e9daction Nantes\" target=\"_blank\" rel=\"noopener\">R\u00e9daction Nantes<\/a><br \/>\n        <\/strong><\/p>\n<p>        Publi\u00e9 le<\/p>\n<p>            25 sept. 2025 \u00e0 10h06        <\/p>\n<p>La patience est de rigueur ce jeudi matin dans l\u2019agglom\u00e9ration nantaise. La circulation automobile est congestionn\u00e9e, <strong>ce jeudi 25\u00a0septembre 2025<\/strong>. Les acc\u00e8s \u00e0 la m\u00e9tropole ont \u00e9t\u00e9 embouteill\u00e9s dans la matin\u00e9e.<\/p>\n<p>Un pic \u00e0 57\u00a0km de bouchons<\/p>\n<p class=\" wall-content\">\u00c0 9\u2009h\u200915, 27,8\u00a0km de bouchons ont \u00e9t\u00e9 recens\u00e9s dans l\u2019agglom\u00e9ration. Habituellement, le trafic fait \u00e9tat de seulement 6\u00a0km de bouchons. Selon <a href=\"https:\/\/www.bison-fute.gouv.fr\/courbes-bouchons,11025.html\" target=\"_blank\" rel=\"noopener\">Bison Fut\u00e9<\/a>, le pic de la congestion automobile a eu lieu \u00e0 8\u2009h\u200935,<strong> avec 57,8\u00a0km d\u2019embouteillages dans l\u2019agglom\u00e9ration nantaise<\/strong>.<\/p>\n<p class=\" wall-content\">Le secteur nord du p\u00e9riph\u00e9rique a particuli\u00e8rement \u00e9t\u00e9 touch\u00e9 par ces bouchons. Parmi les axes les plus embouteill\u00e9s on retrouve la N844, l\u2019A11 ou bien l\u2019A844.<\/p>\n<p class=\" wall-content\">Depuis 9\u2009h\u200950, la circulation commence \u00e0 d\u00e9cro\u00eetre et<a href=\"https:\/\/www.bison-fute.gouv.fr\/nantes,10264.html\" target=\"_blank\" rel=\"noopener\"> \u00e0 revenir \u00e0 la normale<\/a>.<\/p>\n<p class=\" wall-content\">Personnalisez votre actualit\u00e9 en ajoutant vos villes et m\u00e9dias en favori avec <a href=\"https:\/\/moncompte.actu.fr\" title=\"D\u00e9couvez Mon Actu\" rel=\"nofollow noopener\" data-trk=\"{&quot;cta&quot;:{&quot;action&quot;:&quot;https:\\\/\\\/moncompte.actu.fr&quot;,&quot;category&quot;:&quot;mon compte&quot;,&quot;from&quot;:&quot;article footer&quot;,&quot;name&quot;:&quot;Mon actu&quot;,&quot;type&quot;:&quot;cta&quot;}}\" target=\"_blank\">Mon Actu<\/a>.<\/p>\n","protected":false},"excerpt":{"rendered":"Par R\u00e9daction Nantes Publi\u00e9 le 25 sept. 2025 \u00e0 10h06 La patience est de rigueur ce jeudi matin&hellip;\n","protected":false},"author":2,"featured_media":416739,"comment_status":"","ping_status":"","sticky":false,"template":"","format":"standard","meta":{"footnotes":""},"categories":[2818],"tags":[1111,11,3542,1777,674,1011,27,766,12,2636,4013,25,104],"class_list":{"0":"post-416738","1":"post","2":"type-post","3":"status-publish","4":"format-standard","5":"has-post-thumbnail","7":"category-nantes","8":"tag-actu","9":"tag-actualites","10":"tag-circulation","11":"tag-eu","12":"tag-europe","13":"tag-fr","14":"tag-france","15":"tag-nantes","16":"tag-news","17":"tag-pays-de-la-loire","18":"tag-peripherique","19":"tag-republique-francaise","20":"tag-societe"},"share_on_mastodon":{"url":"https:\/\/pubeurope.com\/@fr\/115265521903174465","error":""},"_links":{"self":[{"href":"https:\/\/www.europesays.com\/fr\/wp-json\/wp\/v2\/posts\/416738","targetHints":{"allow":["GET"]}}],"collection":[{"href":"https:\/\/www.europesays.com\/fr\/wp-json\/wp\/v2\/posts"}],"about":[{"href":"https:\/\/www.europesays.com\/fr\/wp-json\/wp\/v2\/types\/post"}],"author":[{"embeddable":true,"href":"https:\/\/www.europesays.com\/fr\/wp-json\/wp\/v2\/users\/2"}],"replies":[{"embeddable":true,"href":"https:\/\/www.europesays.com\/fr\/wp-json\/wp\/v2\/comments?post=416738"}],"version-history":[{"count":0,"href":"https:\/\/www.europesays.com\/fr\/wp-json\/wp\/v2\/posts\/416738\/revisions"}],"wp:featuredmedia":[{"embeddable":true,"href":"https:\/\/www.europesays.com\/fr\/wp-json\/wp\/v2\/media\/416739"}],"wp:attachment":[{"href":"https:\/\/www.europesays.com\/fr\/wp-json\/wp\/v2\/media?parent=416738"}],"wp:term":[{"taxonomy":"category","embeddable":true,"href":"https:\/\/www.europesays.com\/fr\/wp-json\/wp\/v2\/categories?post=416738"},{"taxonomy":"post_tag","embeddable":true,"href":"https:\/\/www.europesays.com\/fr\/wp-json\/wp\/v2\/tags?post=416738"}],"curies":[{"name":"wp","href":"https:\/\/api.w.org\/{rel}","templated":true}]}}