{"id":416742,"date":"2025-09-25T14:58:12","date_gmt":"2025-09-25T14:58:12","guid":{"rendered":"https:\/\/www.europesays.com\/fr\/416742\/"},"modified":"2025-09-25T14:58:12","modified_gmt":"2025-09-25T14:58:12","slug":"le-projet-de-panneaux-solaires-de-la-base-sous-marine-arrete","status":"publish","type":"post","link":"https:\/\/www.europesays.com\/fr\/416742\/","title":{"rendered":"le projet de panneaux solaires de la base sous-marine arr\u00eat\u00e9"},"content":{"rendered":"<p>\u00c0 Bordeaux, le projet de recouvrir la base sous-marine de panneaux solaires est actuellement en suspens. Initialement con\u00e7u comme une op\u00e9ration d\u2019envergure pour verdir le patrimoine urbain et produire de l\u2019\u00e9lectricit\u00e9 locale, le projet est stopp\u00e9 \u00e0 la suite de difficult\u00e9s financi\u00e8res li\u00e9es \u00e0 l\u2019un des acteurs cl\u00e9s.<\/p>\n<p><img fetchpriority=\"high\" decoding=\"async\" width=\"1024\" height=\"653\" src=\"https:\/\/www.europesays.com\/fr\/wp-content\/uploads\/2025\/09\/photovoltaique-base-sous-marine-bordeaux-1024x653.jpeg\" alt=\"\" class=\"wp-image-84124\"  \/>Ambitionnant de transformer Bordeaux en \u00ab ville solaire \u00bb, le projet photovolta\u00efque majeur de la base sous-marine s\u2019interrompt, bloqu\u00e9 par retraits financiers et incertitudes contractuelles.<\/p>\n<p>Le 1\u1d49\u02b3 juillet dernier, Pierre Hurmic, maire \u00e9cologiste de Bordeaux, avait annonc\u00e9 le lancement officiel de ce grand chantier de \u00ab solarisation \u00bb du toit de la base sous-marine. Le plan visait \u00e0 installer <strong>6 500 panneaux photovolta\u00efques<\/strong> sur <strong>13 000 m\u00b2<\/strong> de toiture, sur une structure construite pendant la Seconde Guerre mondiale par les Allemands. <strong>L\u2019\u00e9lectricit\u00e9 produite devait \u00eatre revendue aux commerces et entreprises du quartier des Bassins \u00e0 flot, dans un rayon maximum de deux kilom\u00e8tres.<\/strong><\/p>\n<p>Depuis son entr\u00e9e en fonction en 2020, l\u2019\u00e9quipe municipale a affich\u00e9 l\u2019ambition de faire de Bordeaux une \u00ab ville solaire \u00bb de r\u00e9f\u00e9rence en France. L\u2019objectif affich\u00e9 est la pose de <strong>60 000 m\u00b2<\/strong> de panneaux sur divers b\u00e2timents municipaux d\u2019ici \u00e0 2026, afin d\u2019atteindre une autonomie \u00e9nerg\u00e9tique de l\u2019ordre de 41 %. <\/p>\n<p>Mais le coup d\u2019arr\u00eat est survenu \u00e0 l\u2019\u00e9t\u00e9. Le 8 juillet, <strong>l\u2019entreprise EverWatt, principal actionnaire de BoucL \u00c9nergie \u2014 le groupement s\u00e9lectionn\u00e9 pour r\u00e9aliser les travaux \u2014 a \u00e9t\u00e9 mise en liquidation judiciaire.<\/strong> Ce retournement de situation a paralys\u00e9 l\u2019avancement du projet. Par la suite, le fonds d\u2019investissement Conquest, qui avait investi 34 millions d\u2019euros dans BoucL \u00c9nergie, a lui aussi d\u00e9cid\u00e9 de se retirer, indiquant qu\u2019il ne pouvait plus soutenir le d\u00e9veloppement d\u2019un acteur du photovolta\u00efque sur le mod\u00e8le de l\u2019autoconsommation collective. <strong>Cette double d\u00e9faillance a conduit, fin ao\u00fbt, \u00e0 la liquidation de BoucL \u00c9nergie et au licenciement de ses 18 salari\u00e9s. <\/strong><\/p>\n<p><img loading=\"lazy\" decoding=\"async\" width=\"1024\" height=\"576\" src=\"https:\/\/www.europesays.com\/fr\/wp-content\/uploads\/2025\/09\/photovoltaique-base-sous-marine-bordeaux-2-1024x576.png\" alt=\"\" class=\"wp-image-84125\"  \/>Le chantier de solarisation de la base sous-marine de Bordeaux, symbole de la transition \u00e9nerg\u00e9tique locale, est stopp\u00e9 apr\u00e8s la faillite des acteurs principaux du projet.<\/p>\n<p><strong>Des solutions de remplacement en vue ?<\/strong><\/p>\n<p>Face \u00e0 cette situation, la ville de Bordeaux envisage une reprise du projet par d\u2019autres entit\u00e9s ou la recherche de nouveaux financements. Mais pour l\u2019instant, le chantier est \u00e0 l\u2019arr\u00eat. Les responsables municipaux doivent r\u00e9\u00e9valuer les conditions techniques, contractuelles et financi\u00e8res avant de relancer les travaux.<\/p>\n<p><strong>Derri\u00e8re ce revers se dessine une question plus large : celle de la viabilit\u00e9 des projets solaires de grande ampleur port\u00e9s par des op\u00e9rateurs priv\u00e9s sur des b\u00e2timents historiques.<\/strong> Le mod\u00e8le de l\u2019autoconsommation collective \u2014 o\u00f9 l\u2019\u00e9nergie produite est consomm\u00e9e localement dans un p\u00e9rim\u00e8tre restreint \u2014 reste encore fragile dans un contexte de march\u00e9s financiers instables et de pression sur les marges des entreprises du secteur photovolta\u00efque.<\/p>\n<p><img loading=\"lazy\" decoding=\"async\" width=\"1024\" height=\"683\" src=\"https:\/\/www.bougerabordeaux.com\/wp-content\/uploads\/2025\/09\/photovoltaique-base-sous-marine-bordeaux-3-1024x683.webp\" alt=\"\" class=\"wp-image-84127\"  \/>\u00c0 Bordeaux, le projet de couvrir la base sous-marine de 6 500 panneaux solaires est suspendu, victime de difficult\u00e9s financi\u00e8res et de la liquidation de ses porteurs.<\/p>\n<p>Pour le moment, Bordeaux doit patienter. <strong>Le verdissement ambitieux de la base sous-marine reste sur le papier<\/strong>, en attente d\u2019un nouvel op\u00e9rateur ou d\u2019un montage financier suffisamment solide pour reprendre le flambeau. Le projet, \u00e0 la crois\u00e9e des d\u00e9fis techniques, patrimoniaux et \u00e9conomiques, illustre les obstacles que rencontrent parfois les d\u00e9marches territoriales de transition \u00e9nerg\u00e9tique.<\/p>\n<p>A lire aussi : <a href=\"https:\/\/www.bougerabordeaux.com\/actu\/bordeaux-il-a-invente-un-gobelet-compostable-et-reutilisable\/\" rel=\"nofollow noopener\" target=\"_blank\">Bordeaux : il a invent\u00e9 un gobelet compostable et r\u00e9utilisable !<\/a><\/p>\n","protected":false},"excerpt":{"rendered":"\u00c0 Bordeaux, le projet de recouvrir la base sous-marine de panneaux solaires est actuellement en suspens. Initialement con\u00e7u&hellip;\n","protected":false},"author":2,"featured_media":416743,"comment_status":"","ping_status":"","sticky":false,"template":"","format":"standard","meta":{"footnotes":""},"categories":[2817],"tags":[1111,11,1997,1777,674,1011,27,12,2219,25],"class_list":{"0":"post-416742","1":"post","2":"type-post","3":"status-publish","4":"format-standard","5":"has-post-thumbnail","7":"category-bordeaux","8":"tag-actu","9":"tag-actualites","10":"tag-bordeaux","11":"tag-eu","12":"tag-europe","13":"tag-fr","14":"tag-france","15":"tag-news","16":"tag-nouvelle-aquitaine","17":"tag-republique-francaise"},"share_on_mastodon":{"url":"https:\/\/pubeurope.com\/@fr\/115265529914139691","error":""},"_links":{"self":[{"href":"https:\/\/www.europesays.com\/fr\/wp-json\/wp\/v2\/posts\/416742","targetHints":{"allow":["GET"]}}],"collection":[{"href":"https:\/\/www.europesays.com\/fr\/wp-json\/wp\/v2\/posts"}],"about":[{"href":"https:\/\/www.europesays.com\/fr\/wp-json\/wp\/v2\/types\/post"}],"author":[{"embeddable":true,"href":"https:\/\/www.europesays.com\/fr\/wp-json\/wp\/v2\/users\/2"}],"replies":[{"embeddable":true,"href":"https:\/\/www.europesays.com\/fr\/wp-json\/wp\/v2\/comments?post=416742"}],"version-history":[{"count":0,"href":"https:\/\/www.europesays.com\/fr\/wp-json\/wp\/v2\/posts\/416742\/revisions"}],"wp:featuredmedia":[{"embeddable":true,"href":"https:\/\/www.europesays.com\/fr\/wp-json\/wp\/v2\/media\/416743"}],"wp:attachment":[{"href":"https:\/\/www.europesays.com\/fr\/wp-json\/wp\/v2\/media?parent=416742"}],"wp:term":[{"taxonomy":"category","embeddable":true,"href":"https:\/\/www.europesays.com\/fr\/wp-json\/wp\/v2\/categories?post=416742"},{"taxonomy":"post_tag","embeddable":true,"href":"https:\/\/www.europesays.com\/fr\/wp-json\/wp\/v2\/tags?post=416742"}],"curies":[{"name":"wp","href":"https:\/\/api.w.org\/{rel}","templated":true}]}}