{"id":416755,"date":"2025-09-25T15:05:16","date_gmt":"2025-09-25T15:05:16","guid":{"rendered":"https:\/\/www.europesays.com\/fr\/416755\/"},"modified":"2025-09-25T15:05:16","modified_gmt":"2025-09-25T15:05:16","slug":"le-prefet-pointe-la-surrepresentation-des-etrangers-en-situation-irreguliere-dans-les-actes-de-la-delinquance","status":"publish","type":"post","link":"https:\/\/www.europesays.com\/fr\/416755\/","title":{"rendered":"le pr\u00e9fet pointe la \u00absurrepr\u00e9sentation des \u00e9trangers en situation irr\u00e9guli\u00e8re dans les actes de la d\u00e9linquance\u00bb"},"content":{"rendered":"<p>Selon la pr\u00e9fecture des Bouches-du-Rh\u00f4ne, leur part dans la d\u00e9linquance de voie publique atteint les 65% dans le centre-ville de la cit\u00e9 phoc\u00e9enne. Un constat qui fait de la lutte contre l\u2019immigration clandestine le nouveau cheval de bataille de Georges-Fran\u00e7ois Leclerc.<\/p>\n<p class=\"fig-paragraph\">\u00abOn ne peut pas penser s\u00e9par\u00e9ment la politique de lutte contre l\u2019immigration clandestine et la politique de la lutte contre la d\u00e9linquance\u00bb. Voil\u00e0 d\u00e9sign\u00e9s, en quelques mots, les contours de la nouvelle strat\u00e9gie engag\u00e9e par la pr\u00e9fecture des Bouches-du-Rh\u00f4ne pour Marseille et\u00a0<a href=\"http:\/\/www.lefigaro.fr\/marseille\/on-s-enfonce-dans-un-gouffre-le-deal-et-les-toxicomanes-s-installent-dans-le-centre-ville-de-marseille-20241205\" data-fig-type=\"NewsFlash\" data-gtm-custom-categorie=\"navigation\" data-gtm-custom-action=\"crossclick\" data-gtm-custom-label=\"Contextuel\" data-gtm-event=\"customEventSPE\" data-fig-domain=\"LEFIGARO\" target=\"_blank\" rel=\"noopener\">son hypercentre<\/a>, d\u00e9sormais reconnus comme une \u00abhaute priorit\u00e9\u00bb par les services de police locaux.<\/p>\n<p class=\"fig-paragraph\">Ce changement de paradigme a \u00e9t\u00e9 officiellement act\u00e9 ce jeudi matin par le pr\u00e9fet,\u00a0<a href=\"http:\/\/www.lefigaro.fr\/marseille\/marseille-un-nouveau-prefet-nomme-en-provence-alpes-cote-d-azur-20250106\" data-fig-type=\"NewsFlash\" data-gtm-custom-categorie=\"navigation\" data-gtm-custom-action=\"crossclick\" data-gtm-custom-label=\"Contextuel\" data-gtm-event=\"customEventSPE\" data-fig-domain=\"LEFIGARO\" target=\"_blank\" rel=\"noopener\">Georges-Fran\u00e7ois Leclerc<\/a>, lors d\u2019une conf\u00e9rence de presse organis\u00e9e pour faire un bilan chiffr\u00e9 de l\u2019action des autorit\u00e9s du d\u00e9partement. La tenue de cette mise au point, qui intervient huit mois apr\u00e8s la prise de fonctions du haut fonctionnaire, \u00e9tait aussi l\u2019occasion d\u2019assumer\u00a0<a href=\"http:\/\/www.lefigaro.fr\/marseille\/a-marseille-la-prefecture-de-police-revient-dans-le-giron-d-un-seul-et-unique-prefet-20250313\" data-fig-type=\"NewsFlash\" data-gtm-custom-categorie=\"navigation\" data-gtm-custom-action=\"crossclick\" data-gtm-custom-label=\"Contextuel\" data-gtm-event=\"customEventSPE\" data-fig-domain=\"LEFIGARO\" target=\"_blank\" rel=\"noopener\">la nouvelle organisation des services de l\u2019\u00c9tat dans le d\u00e9partement<\/a>.<\/p>\n<p>                                    <a class=\"fig-a11y-skip a11y-hidden\" href=\"#fig-a11y-skip-main-inarticle\"><br \/>\n        Passer la publicit\u00e9<br \/>\n    <\/a><\/p>\n<p class=\"fig-paragraph\">\u00abLa pr\u00e9f\u00e8te de police a gard\u00e9 l\u2019int\u00e9gralit\u00e9 des comp\u00e9tences de l\u2019ex-pr\u00e9fecture de police des Bouches-du-Rh\u00f4ne. Une chose a chang\u00e9\u00a0: ses comp\u00e9tences pleines, enti\u00e8res, sont d\u00e9sormais d\u00e9l\u00e9gu\u00e9es\u00bb, a rappel\u00e9 le pr\u00e9fet, qui avait nomm\u00e9 Corinne Simon en mars \u00e0 ce poste afin d\u2019\u00e9tablir \u00abune unit\u00e9 de commandement\u00bb. \u00abDire que la pr\u00e9fecture de police a disparu, ce n\u2019est pas vrai. Il y a un pr\u00e9fet des Bouches-du-Rh\u00f4ne. Il ne faut pas voir derri\u00e8re cette d\u00e9cision un acte politique\u00bb, a ajout\u00e9 Georges-Fran\u00e7ois Leclerc. Une fa\u00e7on de tacler\u00a0<a href=\"http:\/\/www.lefigaro.fr\/marseille\/marseille-benoit-payan-annonce-un-jumelage-avec-la-ville-de-bethleem-20250922\" data-fig-type=\"NewsFlash\" data-gtm-custom-categorie=\"navigation\" data-gtm-custom-action=\"crossclick\" data-gtm-custom-label=\"Contextuel\" data-gtm-event=\"customEventSPE\" data-fig-domain=\"LEFIGARO\" target=\"_blank\" rel=\"noopener\">Beno\u00eet Payan<\/a>, qui avait \u00e9voqu\u00e9 la \u00absuppression\u00bb de la pr\u00e9fecture de police dans les colonnes de\u00a0<a href=\"https:\/\/www.laprovence.com\/article\/elections\/4411600353183314\/municipales-2026-a-marseille-si-on-gagne-martine-vassal-ne-sera-plus-presidente-de-la-metropole-lache-benoit-payan-dvg\" target=\"_blank\" rel=\"sponsored noopener\" data-gtm-custom-categorie=\"navigation\" data-gtm-custom-action=\"crossclick\" data-gtm-custom-label=\"Contextuel\" data-gtm-event=\"customEventSPE\">La Provence<\/a> . \u00abC\u2019est une mauvaise d\u00e9cision, un choix baroque. C\u2019est pour \u00e7a que je demande au ministre de l\u2019Int\u00e9rieur des r\u00e9sultats et des informations. Je lui ai envoy\u00e9 un message, j\u2019attends toujours une r\u00e9ponse\u00bb, avait notamment d\u00e9clar\u00e9 le maire de Marseille \u00e0 nos confr\u00e8res.<\/p>\n<p>Le pilonnage de la drogue s\u2019invite dans l\u2019hypercentre<\/p>\n<p class=\"fig-paragraph\">Un maire, qui, \u00e0 quelques mois de l\u2019\u00e9ch\u00e9ance municipale, avait d\u00e9j\u00e0 lanc\u00e9 un \u00ab<a href=\"http:\/\/www.lefigaro.fr\/marseille\/a-marseille-le-plan-de-tranquillite-de-la-mairie-pour-lutter-contre-le-deal-et-l-insecurite-dans-le-centre-ville-20250522\" data-fig-type=\"NewsFlash\" data-gtm-custom-categorie=\"navigation\" data-gtm-custom-action=\"crossclick\" data-gtm-custom-label=\"Contextuel\" data-gtm-event=\"customEventSPE\" data-fig-domain=\"LEFIGARO\" target=\"_blank\" rel=\"noopener\">plan de tranquillit\u00e9<\/a> \u00bb pour lutter contre les stup\u00e9fiants et l\u2019ins\u00e9curit\u00e9 de son centre-ville. Le plan se heurte aujourd\u2019hui \u00e0 des probl\u00e9matiques qui d\u00e9passent la consommation de drogue, indique sans r\u00e9serve la pr\u00e9fecture. D\u2019apr\u00e8s un r\u00e9cent bilan, la part des \u00e9trangers dans la d\u00e9linquance de voie publique atteint les 42% dans le d\u00e9partement, et monte jusqu\u2019\u00e0 65% dans le centre-ville de Marseille. Entre le d\u00e9but du mois de janvier et le 31 ao\u00fbt, 7111 \u00e9trangers en situation irr\u00e9guli\u00e8re ont \u00e9t\u00e9 \u00abtrait\u00e9s\u00bb par les services de la pr\u00e9fecture des Bouches-du-Rh\u00f4ne, ce qui constitue une augmentation de 72% en comparaison \u00e0 la m\u00eame p\u00e9riode en 2024.<\/p>\n<p class=\"fig-paragraph\">\u00abCe sont des taux avec une surrepr\u00e9sentation des \u00e9trangers en situation irr\u00e9guli\u00e8re dans les actes de la d\u00e9linquance. Les interpellations d\u2019\u00e9trangers en situation irr\u00e9guli\u00e8re ont augment\u00e9 de 72% dans le p\u00e9rim\u00e8tre des Bouches-du-Rh\u00f4ne\u00bb, a affirm\u00e9 le pr\u00e9fet, soulignant que le nombre de mesures d\u2019\u00e9loignement, comme les\u00a0<a href=\"http:\/\/www.lefigaro.fr\/actualite-france\/pourquoi-les-obligations-de-quitter-le-territoire-francais-ne-sont-executees-qu-une-fois-sur-dix-20221018\" data-fig-type=\"Article\" data-gtm-custom-categorie=\"navigation\" data-gtm-custom-action=\"crossclick\" data-gtm-custom-label=\"Contextuel\" data-gtm-event=\"customEventSPE\" data-fig-domain=\"LEFIGARO\" target=\"_blank\" rel=\"noopener\">obligations de quitter le territoire fran\u00e7ais<\/a>\u00a0(OQTF), \u00e9tait \u00e9galement en hausse dans le d\u00e9partement.<\/p>\n<p class=\"fig-paragraph\">\u00abLa pr\u00e9sence de nos services est renforc\u00e9e dans le centre-ville de Marseille, qui est notre priorit\u00e9 en mati\u00e8re de la lutte contre la d\u00e9linquance, le trafic de stup\u00e9fiants et l\u2019immigration irr\u00e9guli\u00e8re\u00bb, a poursuivi le directeur interd\u00e9partemental de police nationale des Bouches-du-Rh\u00f4ne (DIPN 13), C\u00e9dric Esson. Entre les lignes, pr\u00e9fecture et services policiers confirment que le \u00abpilonnage\u00bb des points de deal passera d\u00e9sormais par une prise en charge accrue de l\u2019immigration ill\u00e9gale. \u00abNous avons des jeunes en situation \u00e9trang\u00e8re irr\u00e9guli\u00e8re qui sont pris en charge par les r\u00e9seaux de stup\u00e9fiants\u00bb, rapporte Georges-Fran\u00e7ois Leclerc.<\/p>\n<blockquote class=\"fig-quote&#10;    \">\n<p class=\"fig-quote__text\">Nous concentrons les moyens et les techniques sur l\u2019immigration illicite. Les r\u00e9sultats sont impressionnants sur les stup\u00e9fiants et tr\u00e8s bons sur la question de l\u2019immigration<\/p>\n<p>            Georges-Fran\u00e7ois Leclerc, pr\u00e9fet des Bouches-du-Rh\u00f4ne\n    <\/p><\/blockquote>\n<p class=\"fig-paragraph\">Cette nouvelle doctrine de \u00abbataille\u00bb s\u2019appuie sur d\u2019importants renforts policiers qui sont venus gonfler les rangs de la Division centre de Marseille. Au 1er septembre, 25 nouveaux agents de police nationale avaient rejoint le centre-ville. Trois \u00e9quipages de police aux fronti\u00e8res, comme celui qui a mis fin\u00a0<a href=\"http:\/\/www.lefigaro.fr\/faits-divers\/j-avais-peur-qu-il-me-tue-le-terrible-temoignage-de-l-ex-femme-du-tunisien-abattu-a-marseille-20250903\" data-fig-type=\"NewsFlash\" data-gtm-custom-categorie=\"navigation\" data-gtm-custom-action=\"crossclick\" data-gtm-custom-label=\"Contextuel\" data-gtm-event=\"customEventSPE\" data-fig-domain=\"LEFIGARO\" target=\"_blank\" rel=\"noopener\">au p\u00e9riple meurtrier d\u2019Abdelkader D<\/a>., sont d\u00e9ploy\u00e9s chaque jour dans le secteur. Enfin, au moins une\u00a0<a href=\"http:\/\/www.lefigaro.fr\/actualite-france\/nimes-marseille-les-limites-de-la-crs-8-deployee-tous-azimuts-contre-le-trafic-de-drogue-20230824\" data-fig-type=\"Article\" data-gtm-custom-categorie=\"navigation\" data-gtm-custom-action=\"crossclick\" data-gtm-custom-label=\"Contextuel\" data-gtm-event=\"customEventSPE\" data-fig-domain=\"LEFIGARO\" target=\"_blank\" rel=\"noopener\">compagnie r\u00e9publicaine de s\u00e9curit\u00e9<\/a>\u00a0(CRS) et sa soixantaine de policiers sont en poste chaque jour de\u00a0<a href=\"http:\/\/www.lefigaro.fr\/marseille\/seringues-urine-stupefiants-a-marseille-les-etudiants-de-la-porte-d-aix-ronges-par-l-insecurite-20240125\" data-fig-type=\"NewsFlash\" data-gtm-custom-categorie=\"navigation\" data-gtm-custom-action=\"crossclick\" data-gtm-custom-label=\"Contextuel\" data-gtm-event=\"customEventSPE\" data-fig-domain=\"LEFIGARO\" target=\"_blank\" rel=\"noopener\">la porte d\u2019Aix<\/a>\u00a0\u00e0 la Canebi\u00e8re pour \u00abass\u00e9cher le trafic\u00bb, \u00absiphonner l\u2019argent\u00bb et \u00abinterpeller la main-d\u2019\u0153uvre\u00bb des r\u00e9seaux de stup\u00e9fiants.<\/p>\n<p>                                    <a class=\"fig-a11y-skip a11y-hidden\" href=\"#fig-a11y-skip-main-inarticle_mtf\"><br \/>\n        Passer la publicit\u00e9<br \/>\n    <\/a><\/p>\n<p class=\"fig-paragraph\">\u00abIl y a une volont\u00e9 d\u2019\u00eatre omnipr\u00e9sent et de dire aux \u00e9lus locaux que l\u2019\u00c9tat est \u00e0 leurs c\u00f4t\u00e9s. Les trafiquants s\u2019adaptent et la police aussi\u00bb, mart\u00e8le Corinne Simon, ajoutant que neuf points de deal \u00e9taient clairement identifi\u00e9s dans l\u2019hypercentre par ses services. \u00abNous concentrons les moyens et les techniques sur l\u2019immigration illicite. Les r\u00e9sultats sont impressionnants sur les stup\u00e9fiants et tr\u00e8s bons sur la question de l\u2019immigration. Ils portent leurs fruits sur le long terme\u00bb, assure Georges-Fran\u00e7ois Leclerc.<\/p>\n","protected":false},"excerpt":{"rendered":"Selon la pr\u00e9fecture des Bouches-du-Rh\u00f4ne, leur part dans la d\u00e9linquance de voie publique atteint les 65% dans le&hellip;\n","protected":false},"author":2,"featured_media":416756,"comment_status":"","ping_status":"","sticky":false,"template":"","format":"standard","meta":{"footnotes":""},"categories":[2814],"tags":[1111,11,11898,1777,674,1011,27,6734,884,12,882,25],"class_list":{"0":"post-416755","1":"post","2":"type-post","3":"status-publish","4":"format-standard","5":"has-post-thumbnail","7":"category-marseille","8":"tag-actu","9":"tag-actualites","10":"tag-centre-ville","11":"tag-eu","12":"tag-europe","13":"tag-fr","14":"tag-france","15":"tag-immigration-clandestine","16":"tag-marseille","17":"tag-news","18":"tag-provence-alpes-cote-dazur","19":"tag-republique-francaise"},"share_on_mastodon":{"url":"https:\/\/pubeurope.com\/@fr\/115265557085126136","error":""},"_links":{"self":[{"href":"https:\/\/www.europesays.com\/fr\/wp-json\/wp\/v2\/posts\/416755","targetHints":{"allow":["GET"]}}],"collection":[{"href":"https:\/\/www.europesays.com\/fr\/wp-json\/wp\/v2\/posts"}],"about":[{"href":"https:\/\/www.europesays.com\/fr\/wp-json\/wp\/v2\/types\/post"}],"author":[{"embeddable":true,"href":"https:\/\/www.europesays.com\/fr\/wp-json\/wp\/v2\/users\/2"}],"replies":[{"embeddable":true,"href":"https:\/\/www.europesays.com\/fr\/wp-json\/wp\/v2\/comments?post=416755"}],"version-history":[{"count":0,"href":"https:\/\/www.europesays.com\/fr\/wp-json\/wp\/v2\/posts\/416755\/revisions"}],"wp:featuredmedia":[{"embeddable":true,"href":"https:\/\/www.europesays.com\/fr\/wp-json\/wp\/v2\/media\/416756"}],"wp:attachment":[{"href":"https:\/\/www.europesays.com\/fr\/wp-json\/wp\/v2\/media?parent=416755"}],"wp:term":[{"taxonomy":"category","embeddable":true,"href":"https:\/\/www.europesays.com\/fr\/wp-json\/wp\/v2\/categories?post=416755"},{"taxonomy":"post_tag","embeddable":true,"href":"https:\/\/www.europesays.com\/fr\/wp-json\/wp\/v2\/tags?post=416755"}],"curies":[{"name":"wp","href":"https:\/\/api.w.org\/{rel}","templated":true}]}}