{"id":416757,"date":"2025-09-25T15:08:11","date_gmt":"2025-09-25T15:08:11","guid":{"rendered":"https:\/\/www.europesays.com\/fr\/416757\/"},"modified":"2025-09-25T15:08:11","modified_gmt":"2025-09-25T15:08:11","slug":"un-psychiatre-qui-milite-pour-le-rn-envoie-des-courriers-politiques-avec-le-tampon-de-son-hopital","status":"publish","type":"post","link":"https:\/\/www.europesays.com\/fr\/416757\/","title":{"rendered":"un psychiatre qui milite pour le RN envoie des courriers politiques avec le tampon de son h\u00f4pital"},"content":{"rendered":"<p>Chef de p\u00f4le au sein de l\u2019h\u00f4pital psychiatrique du Vinatier, un militant RN villeurbannais a envoy\u00e9 des courriers appelant \u00e0 la mobilisation pour les prochaines \u00e9lections municipales \u00e0 une vingtaine d\u2019habitants de la commune de Corbas.<\/p>\n<p class=\"fig-paragraph\">Des enveloppes frapp\u00e9es du tampon du\u00a0<a href=\"http:\/\/www.lefigaro.fr\/flash-actu\/le-tueur-de-drh-transfere-en-unite-psychiatrique-pres-de-lyon-20210203\" data-fig-type=\"NewsFlash\" data-gtm-custom-categorie=\"navigation\" data-gtm-custom-action=\"crossclick\" data-gtm-custom-label=\"Contextuel\" data-gtm-event=\"customEventSPE\" data-fig-domain=\"LEFIGARO\" target=\"_blank\" rel=\"noopener\">Vinatier<\/a>\u00a0contenant des courriers politique en faveur du RN. Ces dr\u00f4les de missives ont \u00e9t\u00e9 re\u00e7ues par une vingtaine d\u2019habitants de\u00a0<a href=\"http:\/\/www.lefigaro.fr\/lyon\/bougies-gaz-hilarant-et-gateau-un-detenu-se-filme-en-train-de-feter-son-anniversaire-dans-la-prison-de-lyon-corbas-20250808\" data-fig-type=\"NewsFlash\" data-gtm-custom-categorie=\"navigation\" data-gtm-custom-action=\"crossclick\" data-gtm-custom-label=\"Contextuel\" data-gtm-event=\"customEventSPE\" data-fig-domain=\"LEFIGARO\" target=\"_blank\" rel=\"noopener\">Corbas<\/a>, commune du sud-est lyonnais, selon une information du Progr\u00e8s confirm\u00e9e au\u00a0<a href=\"https:\/\/c.leprogres.fr\/elections\/2025\/09\/24\/municipales-2026-un-psychiatre-tente-de-creer-une-liste-rn-a-corbas-en-envoyant-des-courriers-estampilles-de-son-hopital\" target=\"_blank\" rel=\"sponsored noopener\" data-gtm-custom-categorie=\"navigation\" data-gtm-custom-action=\"crossclick\" data-gtm-custom-label=\"Contextuel\" data-gtm-event=\"customEventSPE\">Figaro<\/a> . Elles ont \u00e9t\u00e9 envoy\u00e9es par un chef de p\u00f4le de l\u2019h\u00f4pital psychiatrique, aux frais de son employeur.<\/p>\n<p class=\"fig-paragraph\">Le 11 juin dernier, Thierry D\u2019Amato \u00e9crit plusieurs courriers invitant les habitants de Corbas \u00e0 s\u2019investir sur la liste du Rassemblement national aux prochaines \u00e9lections municipales. Il y pr\u00e9sente la commune comme l\u2019une \u00abdes plus int\u00e9ressantes pour faire progresser les id\u00e9es patriotes\u00bb. Rien d\u2019anormal pour ce nouvel adh\u00e9rent RN, si ce n\u2019est qu\u2019il d\u00e9pose la vingtaine d\u2019enveloppes au service courrier de l\u2019h\u00f4pital, qui l&rsquo;a ainsi affranchi, tamponn\u00e9 et envoy\u00e9.<\/p>\n<p>                                    <a class=\"fig-a11y-skip a11y-hidden\" href=\"#fig-a11y-skip-main-inarticle\"><br \/>\n        Passer la publicit\u00e9<br \/>\n    <\/a><\/p>\n<p>\u00abUne grossi\u00e8re erreur\u00bb<\/p>\n<p class=\"fig-paragraph\">\u00abC\u2019est interdit. Lorsque les salari\u00e9s envoient du courrier personnel, nous leur demandons de mettre un timbre, explique la direction de l\u2019h\u00f4pital psychiatrique au Figaro. Sinon, il est affranchi avec le logo du Vinatier.\u00bb Le 23 juin, le m\u00e9decin a cette fois utilis\u00e9 son adresse mail professionnelle pour proposer une r\u00e9union de rentr\u00e9e.<\/p>\n<p class=\"fig-paragraph\">La direction a lanc\u00e9 une enqu\u00eate interne apr\u00e8s avoir d\u00e9couvert les faits. Thierry D\u2019Amato, qui n\u2019a pas donn\u00e9 suite \u00e0 nos sollicitations, a depuis d\u00e9missionn\u00e9 de son poste. Un d\u00e9part qui solde l\u2019affaire pour Le Vinatier, qui n\u2019envisage pas de porter plainte.<\/p>\n<p class=\"fig-body-link\">\n            \u00c0 lire aussi<br \/>\n        <a class=\"fig-body-link__link\" href=\"http:\/\/www.lefigaro.fr\/lyon\/legislatives-un-recours-depose-contre-un-candidat-rn-se-presentant-comme-president-de-region-20240628\" data-fig-type=\"NewsFlash\" data-gtm-custom-categorie=\"navigation\" data-gtm-custom-action=\"crossclick\" data-gtm-custom-label=\"Contextuel\" data-gtm-event=\"customEventSPE\" data-fig-domain=\"LEFIGARO\" target=\"_blank\" rel=\"noopener\">L\u00e9gislatives\u00a0: un recours d\u00e9pos\u00e9 contre un candidat RN se pr\u00e9sentant comme \u00abpr\u00e9sident de r\u00e9gion\u00bb<br \/>\n    <\/a>\n<\/p>\n<p class=\"fig-paragraph\">Au Progr\u00e8s, le psychiatre a assur\u00e9 que sa d\u00e9marche n\u2019\u00e9tait pas pilot\u00e9e par le RN. C\u2019est aussi la r\u00e9ponse de la responsable d\u00e9partementale du parti \u00e0 la flamme, Tiffany Joncour, qui \u00e9voque \u00abune erreur grossi\u00e8re d\u2019un militant\u00bb. Et d\u2019assurer que le psychiatre, r\u00e9sidant \u00e0 Villeurbanne, ne sera pas t\u00eate de liste sur cette commune.<\/p>\n","protected":false},"excerpt":{"rendered":"Chef de p\u00f4le au sein de l\u2019h\u00f4pital psychiatrique du Vinatier, un militant RN villeurbannais a envoy\u00e9 des courriers&hellip;\n","protected":false},"author":2,"featured_media":416758,"comment_status":"","ping_status":"","sticky":false,"template":"","format":"standard","meta":{"footnotes":""},"categories":[1889],"tags":[1111,11,2430,4188,1777,674,1011,27,2428,12,1078,25],"class_list":{"0":"post-416757","1":"post","2":"type-post","3":"status-publish","4":"format-standard","5":"has-post-thumbnail","7":"category-lyon","8":"tag-actu","9":"tag-actualites","10":"tag-auvergne-rhone-alpes","11":"tag-elections-municipales","12":"tag-eu","13":"tag-europe","14":"tag-fr","15":"tag-france","16":"tag-lyon","17":"tag-news","18":"tag-rassemblement-national","19":"tag-republique-francaise"},"share_on_mastodon":{"url":"https:\/\/pubeurope.com\/@fr\/115265569021494915","error":""},"_links":{"self":[{"href":"https:\/\/www.europesays.com\/fr\/wp-json\/wp\/v2\/posts\/416757","targetHints":{"allow":["GET"]}}],"collection":[{"href":"https:\/\/www.europesays.com\/fr\/wp-json\/wp\/v2\/posts"}],"about":[{"href":"https:\/\/www.europesays.com\/fr\/wp-json\/wp\/v2\/types\/post"}],"author":[{"embeddable":true,"href":"https:\/\/www.europesays.com\/fr\/wp-json\/wp\/v2\/users\/2"}],"replies":[{"embeddable":true,"href":"https:\/\/www.europesays.com\/fr\/wp-json\/wp\/v2\/comments?post=416757"}],"version-history":[{"count":0,"href":"https:\/\/www.europesays.com\/fr\/wp-json\/wp\/v2\/posts\/416757\/revisions"}],"wp:featuredmedia":[{"embeddable":true,"href":"https:\/\/www.europesays.com\/fr\/wp-json\/wp\/v2\/media\/416758"}],"wp:attachment":[{"href":"https:\/\/www.europesays.com\/fr\/wp-json\/wp\/v2\/media?parent=416757"}],"wp:term":[{"taxonomy":"category","embeddable":true,"href":"https:\/\/www.europesays.com\/fr\/wp-json\/wp\/v2\/categories?post=416757"},{"taxonomy":"post_tag","embeddable":true,"href":"https:\/\/www.europesays.com\/fr\/wp-json\/wp\/v2\/tags?post=416757"}],"curies":[{"name":"wp","href":"https:\/\/api.w.org\/{rel}","templated":true}]}}