{"id":416763,"date":"2025-09-25T15:11:10","date_gmt":"2025-09-25T15:11:10","guid":{"rendered":"https:\/\/www.europesays.com\/fr\/416763\/"},"modified":"2025-09-25T15:11:10","modified_gmt":"2025-09-25T15:11:10","slug":"lassociation-transparence-citoyenne-frappe-dune-amende","status":"publish","type":"post","link":"https:\/\/www.europesays.com\/fr\/416763\/","title":{"rendered":"l&rsquo;association Transparence citoyenne frapp\u00e9 d&rsquo;une amende"},"content":{"rendered":"<p>            Par<br \/>\n        <strong><br \/>\n            <a href=\"https:\/\/actu.fr\/auteur\/redaction-paris\" title=\"Consulter tous les articles de R\u00e9daction Paris\" target=\"_blank\" rel=\"noopener\">R\u00e9daction Paris<\/a><br \/>\n        <\/strong><\/p>\n<p>        Publi\u00e9 le<\/p>\n<p>            25 sept. 2025 \u00e0 17h00        <\/p>\n<p>L\u00e0 aussi, la note risque d\u2019\u00eatre sal\u00e9e. Moins d\u2019une semaine apr\u00e8s la <a href=\"https:\/\/actu.fr\/ile-de-france\/paris_75056\/shopping-voyages-sous-la-pression-anne-hidalgo-revele-ses-notes-de-frais-et-souleve-l-indignation_63178904.html\" target=\"_blank\" rel=\"noopener\">r\u00e9v\u00e9lation des notes de frais de la maire de Paris<\/a>, Anne Hidalgo (PS), <a href=\"https:\/\/actu.fr\/ile-de-france\/paris_75056\/epilation-integrale-taille-des-vetements-face-a-la-polemique-anne-hidalgo-denonce-des-fake-news_63191529.html\" target=\"_blank\" rel=\"noopener\">le feuilleton n\u2019est pas fini<\/a>. Les d\u00e9penses avaient \u00e9t\u00e9 relay\u00e9es dans la presse mais aussi sur les r\u00e9seaux sociaux ou encore dans la rue.\u00a0L\u2019association Transparence Citoyenne avait expos\u00e9 les d\u00e9penses de la premi\u00e8re \u00e9dile sur plusieurs murs de la capitale. Elle est aujourd\u2019hui <strong>sous le coup d\u2019une amende pour affichage sauvage.<\/strong> \u00ab\u2009La mairie de Paris nous menace d\u2019une amende de 200\u2009000\u00a0euros pour avoir affich\u00e9 les notes de frais d\u2019Anne Hidalgo sur les murs de la ville\u2009\u00bb, s\u2019est exasp\u00e9r\u00e9e Transparence Citoyenne sur X avant de lancer un appel aux dons.<\/p>\n<p>\u00ab\u2009Faire taire\u2009\u00bb l\u2019association<\/p>\n<p class=\" wall-content\">Dans le document partag\u00e9, il est not\u00e9 que 12 proc\u00e8s-verbaux ont \u00e9t\u00e9 dress\u00e9s par la police municipale \u00e0 l\u2019encontre de l\u2019association les 22 et 23\u00a0septembre 2025. \u00ab\u2009Il ressort de ces proc\u00e8s-verbaux que vous avez appos\u00e9 ou fait apposer 140 dispositifs supportant de la publicit\u00e9 sans d\u00e9claration pr\u00e9alable\u2009\u00bb, note le courrier de la Direction de la police municipale et de la pr\u00e9vention en date du 23\u00a0septembre. Ainsi, une proc\u00e9dure d\u2019amende administrative de 1\u2009500\u00a0euros par affiche sauvage revient \u00e0 <strong>la somme totale de 210\u2009000\u00a0euros<\/strong>, de quoi \u00ab\u2009faire taire \u00e0 tout jamais Transparence Citoyenne\u2009\u00bb, d\u00e9nonce l\u2019association.<\/p>\n<p class=\" wall-content\">\n<p class=\" wall-content\">Pour rappel, mi-septembre, l\u2019association avait r\u00e9ussi \u00e0 r\u00e9cup\u00e9rer une partie des notes de frais de d\u00e9placement, de restauration et de repr\u00e9sentation de la maire gr\u00e2ce \u00e0 la justice. Mediapart avait pu les consulter et les publier. Entre\u00a02020 et\u00a02024, l\u2019\u00e9lue socialiste a d\u00e9pens\u00e9 <strong>au moins 75\u2009000\u00a0euros<\/strong>.<\/p>\n<p class=\" wall-content\">\u00ab\u2009Depuis plusieurs jours, une campagne m\u00e9diatique calomnieuse vise la maire de Paris quant \u00e0 l\u2019utilisation et \u00e0 l\u2019interpr\u00e9tation qui en est faite de ses frais de repr\u00e9sentation. Il est \u00e9vident que le but de cette campagne n\u2019est autre que de salir et de nuire\u2009\u00bb, avait \u00e9crit la mairie de Paris dans un communiqu\u00e9 annon\u00e7ant <a href=\"https:\/\/actu.fr\/ile-de-france\/paris_75056\/revelation-des-notes-de-frais-d-anne-hidalgo-la-maire-de-paris-annonce-qu-elle-va-porter-plainte_63190920.html\" target=\"_blank\" rel=\"noopener\">porter plainte contre X<\/a> pour \u00ab\u2009d\u00e9nonciation calomnieuse\u2009\u00bb.<\/p>\n<p class=\" wall-content\">Personnalisez votre actualit\u00e9 en ajoutant vos villes et m\u00e9dias en favori avec <a href=\"https:\/\/moncompte.actu.fr\" title=\"D\u00e9couvez Mon Actu\" rel=\"nofollow noopener\" data-trk=\"{&quot;cta&quot;:{&quot;action&quot;:&quot;https:\\\/\\\/moncompte.actu.fr&quot;,&quot;category&quot;:&quot;mon compte&quot;,&quot;from&quot;:&quot;article footer&quot;,&quot;name&quot;:&quot;Mon actu&quot;,&quot;type&quot;:&quot;cta&quot;}}\" target=\"_blank\">Mon Actu<\/a>.<\/p>\n","protected":false},"excerpt":{"rendered":"Par R\u00e9daction Paris Publi\u00e9 le 25 sept. 2025 \u00e0 17h00 L\u00e0 aussi, la note risque d\u2019\u00eatre sal\u00e9e. Moins&hellip;\n","protected":false},"author":2,"featured_media":416764,"comment_status":"","ping_status":"","sticky":false,"template":"","format":"standard","meta":{"footnotes":""},"categories":[1888],"tags":[1111,1928,11,1927,2618,1777,674,1011,27,303,2381,12,1926,626,1925,316,25],"class_list":{"0":"post-416763","1":"post","2":"type-post","3":"status-publish","4":"format-standard","5":"has-post-thumbnail","7":"category-paris","8":"tag-actu","9":"tag-actu-paris","10":"tag-actualites","11":"tag-actualites-paris","12":"tag-anne-hidalgo","13":"tag-eu","14":"tag-europe","15":"tag-fr","16":"tag-france","17":"tag-justice","18":"tag-mairie-de-paris","19":"tag-news","20":"tag-news-paris","21":"tag-paris","22":"tag-paris-news","23":"tag-politique","24":"tag-republique-francaise"},"share_on_mastodon":{"url":"https:\/\/pubeurope.com\/@fr\/115265580959523171","error":""},"_links":{"self":[{"href":"https:\/\/www.europesays.com\/fr\/wp-json\/wp\/v2\/posts\/416763","targetHints":{"allow":["GET"]}}],"collection":[{"href":"https:\/\/www.europesays.com\/fr\/wp-json\/wp\/v2\/posts"}],"about":[{"href":"https:\/\/www.europesays.com\/fr\/wp-json\/wp\/v2\/types\/post"}],"author":[{"embeddable":true,"href":"https:\/\/www.europesays.com\/fr\/wp-json\/wp\/v2\/users\/2"}],"replies":[{"embeddable":true,"href":"https:\/\/www.europesays.com\/fr\/wp-json\/wp\/v2\/comments?post=416763"}],"version-history":[{"count":0,"href":"https:\/\/www.europesays.com\/fr\/wp-json\/wp\/v2\/posts\/416763\/revisions"}],"wp:featuredmedia":[{"embeddable":true,"href":"https:\/\/www.europesays.com\/fr\/wp-json\/wp\/v2\/media\/416764"}],"wp:attachment":[{"href":"https:\/\/www.europesays.com\/fr\/wp-json\/wp\/v2\/media?parent=416763"}],"wp:term":[{"taxonomy":"category","embeddable":true,"href":"https:\/\/www.europesays.com\/fr\/wp-json\/wp\/v2\/categories?post=416763"},{"taxonomy":"post_tag","embeddable":true,"href":"https:\/\/www.europesays.com\/fr\/wp-json\/wp\/v2\/tags?post=416763"}],"curies":[{"name":"wp","href":"https:\/\/api.w.org\/{rel}","templated":true}]}}