{"id":416772,"date":"2025-09-25T15:16:14","date_gmt":"2025-09-25T15:16:14","guid":{"rendered":"https:\/\/www.europesays.com\/fr\/416772\/"},"modified":"2025-09-25T15:16:14","modified_gmt":"2025-09-25T15:16:14","slug":"des-attaques-russes-privent-70-000-personnes-delectricite-a-tchernihiv-selon-lukraine-25-09-2025-a-1658","status":"publish","type":"post","link":"https:\/\/www.europesays.com\/fr\/416772\/","title":{"rendered":"Des attaques russes privent 70.000 personnes d&rsquo;\u00e9lectricit\u00e9 \u00e0 Tchernihiv, selon l&rsquo;Ukraine &#8211; 25\/09\/2025 \u00e0 16:58"},"content":{"rendered":"<p>\n Des attaques russes ont<br \/>\nentra\u00een\u00e9 des coupures d&rsquo;\u00e9lectricit\u00e9 affectant au moins 70.000<br \/>\npersonnes dans la r\u00e9gion de Tchernihiv, dans le nord de<br \/>\nl&rsquo;Ukraine, ont indiqu\u00e9 des responsables, alors que Moscou cible<br \/>\n\u00e0 nouveau les infrastructures \u00e9nerg\u00e9tiques du pays avant<br \/>\nl&rsquo;hiver.\n<\/p>\n<p>\n Environ 29.000 personnes ont subi des coupures de courant \u00e0<br \/>\nTchernihiv et dans le district environnant, ainsi que 43.000<br \/>\npersonnes dans la ville de Nijyn, a indiqu\u00e9 l&rsquo;op\u00e9rateur r\u00e9gional<br \/>\ndu r\u00e9seau de distribution d&rsquo;\u00e9lectricit\u00e9 sur Telegram.\n<\/p>\n<p>\n Des travaux visant \u00e0 r\u00e9tablir l&rsquo;\u00e9lectricit\u00e9 sont en cours,<br \/>\na-t-il ajout\u00e9.\n<\/p>\n<p>\n Dans la nuit, les troupes russes ont pris pour cibles des<br \/>\ninstallations \u00e9nerg\u00e9tiques \u00e0 Vinnytsia, perturbant les flux<br \/>\nd&rsquo;\u00e9lectricit\u00e9 dans certaines parties de cette ville du centre de<br \/>\nl&rsquo;Ukraine et provoquant des incendies.\n<\/p>\n<p>\n Depuis plus de trois ans et demi d&rsquo;invasion \u00e0 grande<br \/>\n\u00e9chelle, la Russie a cibl\u00e9 \u00e0 plusieurs reprises le syst\u00e8me<br \/>\n\u00e9nerg\u00e9tique de l&rsquo;Ukraine avant l&rsquo;automne et l&rsquo;hiver. Moscou a<br \/>\nintensifi\u00e9 les frappes de ce type au cours des derni\u00e8res<br \/>\nsemaines.\n<\/p>\n<p>\n Les troupes russes ont \u00e9galement lanc\u00e9 des attaques<br \/>\n\u00ab\u00a0syst\u00e9matiques\u00a0\u00bb contre les chemins de fer ukrainiens depuis cet<br \/>\n\u00e9t\u00e9, a d\u00e9clar\u00e9 le directeur g\u00e9n\u00e9ral de la compagnie ferroviaire<br \/>\npublique.\n<\/p>\n<p>\n (R\u00e9dig\u00e9 par Yuliia Dysa, version fran\u00e7aise Benjamin Mallet,<br \/>\n\u00e9dit\u00e9 par Kate Entringer)<\/p>\n","protected":false},"excerpt":{"rendered":"Des attaques russes ont entra\u00een\u00e9 des coupures d&rsquo;\u00e9lectricit\u00e9 affectant au moins 70.000 personnes dans la r\u00e9gion de Tchernihiv,&hellip;\n","protected":false},"author":2,"featured_media":2486,"comment_status":"","ping_status":"","sticky":false,"template":"","format":"standard","meta":{"footnotes":""},"categories":[1590],"tags":[400,11,398,408,405,1777,674,403,402,399,404,12,401,406,220,407],"class_list":{"0":"post-416772","1":"post","2":"type-post","3":"status-publish","4":"format-standard","5":"has-post-thumbnail","7":"category-ukraine","8":"tag-action-cac-40","9":"tag-actualites","10":"tag-bourse-de-paris","11":"tag-boursorama","12":"tag-cotations","13":"tag-eu","14":"tag-europe","15":"tag-indices-devises","16":"tag-investir","17":"tag-investissement","18":"tag-marche-boursier","19":"tag-news","20":"tag-sicav","21":"tag-trackers","22":"tag-ukraine","23":"tag-warrants"},"share_on_mastodon":{"url":"https:\/\/pubeurope.com\/@fr\/115265600506935454","error":""},"_links":{"self":[{"href":"https:\/\/www.europesays.com\/fr\/wp-json\/wp\/v2\/posts\/416772","targetHints":{"allow":["GET"]}}],"collection":[{"href":"https:\/\/www.europesays.com\/fr\/wp-json\/wp\/v2\/posts"}],"about":[{"href":"https:\/\/www.europesays.com\/fr\/wp-json\/wp\/v2\/types\/post"}],"author":[{"embeddable":true,"href":"https:\/\/www.europesays.com\/fr\/wp-json\/wp\/v2\/users\/2"}],"replies":[{"embeddable":true,"href":"https:\/\/www.europesays.com\/fr\/wp-json\/wp\/v2\/comments?post=416772"}],"version-history":[{"count":0,"href":"https:\/\/www.europesays.com\/fr\/wp-json\/wp\/v2\/posts\/416772\/revisions"}],"wp:featuredmedia":[{"embeddable":true,"href":"https:\/\/www.europesays.com\/fr\/wp-json\/wp\/v2\/media\/2486"}],"wp:attachment":[{"href":"https:\/\/www.europesays.com\/fr\/wp-json\/wp\/v2\/media?parent=416772"}],"wp:term":[{"taxonomy":"category","embeddable":true,"href":"https:\/\/www.europesays.com\/fr\/wp-json\/wp\/v2\/categories?post=416772"},{"taxonomy":"post_tag","embeddable":true,"href":"https:\/\/www.europesays.com\/fr\/wp-json\/wp\/v2\/tags?post=416772"}],"curies":[{"name":"wp","href":"https:\/\/api.w.org\/{rel}","templated":true}]}}