{"id":416781,"date":"2025-09-25T15:21:24","date_gmt":"2025-09-25T15:21:24","guid":{"rendered":"https:\/\/www.europesays.com\/fr\/416781\/"},"modified":"2025-09-25T15:21:24","modified_gmt":"2025-09-25T15:21:24","slug":"apple-denonce-une-reglementation-technologique-injuste-en-lue","status":"publish","type":"post","link":"https:\/\/www.europesays.com\/fr\/416781\/","title":{"rendered":"Apple d\u00e9nonce une r\u00e9glementation technologique injuste en l&rsquo;UE"},"content":{"rendered":"<p>                    <img decoding=\"async\" style=\"aspect-ratio:16\/9\" src=\"https:\/\/www.europesays.com\/fr\/wp-content\/uploads\/2025\/09\/architecture-3885905_1920-1.jpg\" width=\"100%\" loading=\"eager\"\/><\/p>\n<p>                            <a href=\"https:\/\/fr.businessam.be\/author\/redactie\/\" class=\"author-thumbnail\" style=\"border: 2px inset #00000099;\" target=\"_blank\" rel=\"noopener\"><img loading=\"lazy\" decoding=\"async\" src=\"https:\/\/www.europesays.com\/fr\/wp-content\/uploads\/2025\/09\/1758813684_836_cropped-favicon-192x192.png\" width=\"80\" height=\"80\" alt=\"Business AM\"\/><\/a>\ue05bpar <a href=\"https:\/\/fr.businessam.be\/author\/redactie\/\" target=\"_blank\" rel=\"noopener\">Business AM<\/a><br \/>\ue010publi\u00e9 le jeudi 25 septembre 2025 \u00e0 16:31 \u2022 <br \/>\ue00c3 min de lecture<\/p>\n<p>Principaux renseignements<\/p>\n<ul class=\"wp-block-list\">\n<li><strong>Apple affirme que les r\u00e8gles de la DMA entravent l\u2019innovation en retardant des fonctionnalit\u00e9s telles que la traduction en direct et la mise en miroir de l\u2019\u00e9cran en raison de pr\u00e9occupations li\u00e9es \u00e0 la s\u00e9curit\u00e9 et \u00e0 la confidentialit\u00e9.<\/strong><\/li>\n<li><strong>L\u2019entreprise reproche \u00e0 la DMA de cr\u00e9er des conditions de concurrence in\u00e9gales, car des concurrents comme Samsung ne sont pas soumis aux m\u00eames r\u00e9glementations.<\/strong><\/li>\n<li><strong>Apple plaide pour l\u2019abrogation ou la r\u00e9vision de la DMA afin de r\u00e9soudre ces probl\u00e8mes et de garantir un environnement plus favorable \u00e0 ses produits sur le march\u00e9 de l\u2019UE.<\/strong><\/li>\n<\/ul>\n<p>Apple s\u2019inqui\u00e8te de la <a href=\"https:\/\/fr.businessam.be\/ue-dma-apple-google-meta\/\" target=\"_blank\" rel=\"noreferrer noopener\">Digital Markets Act (DMA)<\/a>, une loi de l\u2019Union europ\u00e9enne destin\u00e9e \u00e0 r\u00e9glementer les grandes entreprises technologiques. L\u2019entreprise affirme que les exigences de la DMA freinent l\u2019innovation et ont un impact n\u00e9gatif sur l\u2019exp\u00e9rience utilisateur.<\/p>\n<p>Apple cite comme exemple le retard de fonctionnalit\u00e9s telles que la traduction en direct via les AirPods et la mise en miroir de l\u2019\u00e9cran de l\u2019iPhone sur les ordinateurs portables, en raison de l\u2019obligation d\u2019interop\u00e9rabilit\u00e9 avec des produits autres que ceux d\u2019Apple pr\u00e9vue par la loi. Selon Apple, cela expose les utilisateurs \u00e0 des risques de s\u00e9curit\u00e9 et compromet l\u2019int\u00e9gration transparente de ses appareils.<\/p>\n<p>Inqui\u00e9tudes concernant l\u2019in\u00e9galit\u00e9 des chances<\/p>\n<p>L\u2019entreprise reproche \u00e0 la DMA de cr\u00e9er un terrain de concurrence in\u00e9gal puisque Samsung, l\u2019un de ses principaux concurrents sur le march\u00e9 des smartphones en UE, \u00e9chappe aux m\u00eames r\u00e9glementations.<br \/>Apple affirme que l\u2019obligation faite par la DMA aux iPhones de prendre en charge les \u00e9couteurs d\u2019autres marques a emp\u00each\u00e9 le lancement de son service de traduction en direct dans l\u2019UE en raison des probl\u00e8mes de confidentialit\u00e9 li\u00e9s \u00e0 l\u2019acc\u00e8s aux donn\u00e9es par des entreprises concurrentes.<\/p>\n<p>En raison de ces probl\u00e8mes, Apple demande l\u2019abrogation ou la r\u00e9vision de la loi sur la protection des donn\u00e9es par une l\u00e9gislation plus adapt\u00e9e. L\u2019entreprise sugg\u00e8re que m\u00eame des produits \u00e9tablis comme l\u2019Apple Watch pourraient rencontrer des difficult\u00e9s \u00e0 p\u00e9n\u00e9trer le march\u00e9 de l\u2019UE dans le cadre actuel sans pr\u00e9ciser quels produits cela concerne.<\/p>\n<p>Tensions persistantes avec les r\u00e9gulateurs<\/p>\n<p>Cet affrontement entre Apple et la Commission europ\u00e9enne fait suite \u00e0 des d\u00e9saccords ant\u00e9rieurs, notamment un appel contre une amende de 500 millions d\u2019euros impos\u00e9e \u00e0 Apple pour avoir pr\u00e9tendument emp\u00each\u00e9 les d\u00e9veloppeurs d\u2019applications de diriger les utilisateurs vers des offres externes. Cet incident met en \u00e9vidence la tension permanente entre les g\u00e9ants de la technologie et les r\u00e9gulateurs qui cherchent \u00e0 garantir une concurrence loyale et \u00e0 prot\u00e9ger les int\u00e9r\u00eats des consommateurs sur le march\u00e9 num\u00e9rique. (uv)<\/p>\n<p><a href=\"https:\/\/news.google.com\/publications\/CAowtseUCw?hl=fr&amp;gl=BE&amp;ceid=BE%3Afr\" target=\"_blank\" rel=\"noopener\">Suivez \u00e9galement Business AM sur Google Actualit\u00e9s<\/a><\/p>\n<p><a href=\"https:\/\/portalfr.businessam.be\/plans\/business-am-fr-offre-dete\/\" target=\"_blank\" rel=\"noopener\">Si vous souhaitez acc\u00e9der \u00e0 tous les articles, abonnez-vous ici!<\/a><\/p>\n","protected":false},"excerpt":{"rendered":"\ue05bpar Business AM\ue010publi\u00e9 le jeudi 25 septembre 2025 \u00e0 16:31 \u2022 \ue00c3 min de lecture Principaux renseignements Apple&hellip;\n","protected":false},"author":2,"featured_media":148463,"comment_status":"","ping_status":"","sticky":false,"template":"","format":"standard","meta":{"footnotes":""},"categories":[1586],"tags":[11,733,54678,1777,674,1779,1011,27,12,25,1778,364],"class_list":{"0":"post-416781","1":"post","2":"type-post","3":"status-publish","4":"format-standard","5":"has-post-thumbnail","7":"category-europe","8":"tag-actualites","9":"tag-apple","10":"tag-digital-markets-act","11":"tag-eu","12":"tag-europe","13":"tag-european-union","14":"tag-fr","15":"tag-france","16":"tag-news","17":"tag-republique-francaise","18":"tag-ue","19":"tag-union-europeenne"},"share_on_mastodon":{"url":"https:\/\/pubeurope.com\/@fr\/115265620644350779","error":""},"_links":{"self":[{"href":"https:\/\/www.europesays.com\/fr\/wp-json\/wp\/v2\/posts\/416781","targetHints":{"allow":["GET"]}}],"collection":[{"href":"https:\/\/www.europesays.com\/fr\/wp-json\/wp\/v2\/posts"}],"about":[{"href":"https:\/\/www.europesays.com\/fr\/wp-json\/wp\/v2\/types\/post"}],"author":[{"embeddable":true,"href":"https:\/\/www.europesays.com\/fr\/wp-json\/wp\/v2\/users\/2"}],"replies":[{"embeddable":true,"href":"https:\/\/www.europesays.com\/fr\/wp-json\/wp\/v2\/comments?post=416781"}],"version-history":[{"count":0,"href":"https:\/\/www.europesays.com\/fr\/wp-json\/wp\/v2\/posts\/416781\/revisions"}],"wp:featuredmedia":[{"embeddable":true,"href":"https:\/\/www.europesays.com\/fr\/wp-json\/wp\/v2\/media\/148463"}],"wp:attachment":[{"href":"https:\/\/www.europesays.com\/fr\/wp-json\/wp\/v2\/media?parent=416781"}],"wp:term":[{"taxonomy":"category","embeddable":true,"href":"https:\/\/www.europesays.com\/fr\/wp-json\/wp\/v2\/categories?post=416781"},{"taxonomy":"post_tag","embeddable":true,"href":"https:\/\/www.europesays.com\/fr\/wp-json\/wp\/v2\/tags?post=416781"}],"curies":[{"name":"wp","href":"https:\/\/api.w.org\/{rel}","templated":true}]}}