{"id":416791,"date":"2025-09-25T15:30:16","date_gmt":"2025-09-25T15:30:16","guid":{"rendered":"https:\/\/www.europesays.com\/fr\/416791\/"},"modified":"2025-09-25T15:30:16","modified_gmt":"2025-09-25T15:30:16","slug":"comment-faut-il-comptabiliser-les-titres-des-pilotes-motogp","status":"publish","type":"post","link":"https:\/\/www.europesays.com\/fr\/416791\/","title":{"rendered":"Comment faut-il comptabiliser les titres des pilotes MotoGP\u00a0?"},"content":{"rendered":"<p><a href=\"https:\/\/fr.motorsport.com\/driver\/marc-marquez\/92646\/\" target=\"_blank\" rel=\"noopener\">Marc M\u00e1rquez<\/a> peut <a href=\"https:\/\/fr.motorsport.com\/motogp\/news\/marc-marquez-calculs-chances-titre-japon\/10759349\/\" target=\"_blank\" rel=\"noopener\">remporter un neuvi\u00e8me titre mondial ce week-end \u00e0 Motegi<\/a>, mais dans la communication faite par le championnat, attendez-vous plut\u00f4t \u00e0 voir des mentions de son septi\u00e8me titre en MotoGP, ce qui fera passer au second plan ceux conquis en 125cc et Moto2. La volont\u00e9 est de mieux mettre en avant la cat\u00e9gorie reine, ce qui rompt avec une certaine tradition dans le championnat du monde.<\/p>\n<p>Cette id\u00e9e, pr\u00eat\u00e9e \u00e0 Liberty Media ces derniers jours, est en fait apparue chez Dorna Sports en d\u00e9but d&rsquo;ann\u00e9e, avant que le rachat par le groupe am\u00e9ricain ne soit effectif. Quand il s&rsquo;agit d&rsquo;\u00e9voquer son histoire, la communication officielle du championnat met ainsi l&rsquo;accent sur les titres acquis en MotoGP, que cela concerne l&rsquo;\u00e8re des 500cc o\u00f9 celle entam\u00e9e avec la nouvelle d\u00e9nomination en 2022. <a href=\"https:\/\/fr.motorsport.com\/driver\/mick-doohan\/79589\/\" target=\"_blank\" rel=\"noopener\">Mick Doohan<\/a> est ainsi consid\u00e9r\u00e9 comme un quintuple champion du MotoGP m\u00eame s&rsquo;il n&rsquo;a pas connu une cat\u00e9gorie nomm\u00e9e ainsi, et <a href=\"https:\/\/fr.motorsport.com\/driver\/marc-marquez\/92646\/\" target=\"_blank\" rel=\"noopener\">Marc M\u00e1rquez<\/a> comme un sextuple champion.<\/p>\n<p>La Dorna se rapproche de ce qui se fait pour comptabiliser les titres en F1\u00a0\u2013 la F2 et la F3 n&rsquo;ayant de toute fa\u00e7on pas le statut de championnat du monde\u00a0\u2013 et en WRC, o\u00f9 il n&rsquo;est pas de coutume de comptabiliser le titre dans le championnat du monde junior de S\u00e9bastien Ogier. Dans le monde des sports m\u00e9caniques, la moto fait plut\u00f4t figure d&rsquo;exception en ne consid\u00e9rant pas les plus petites cat\u00e9gories comme de simples formules de promotion, m\u00eame si cela tend \u00e0 \u00e9voluer dans les faits.<\/p>\n<p>Le championnat assure que la volont\u00e9 n&rsquo;est pas d&rsquo;\u00e9clipser les titres glan\u00e9s dans les autres cat\u00e9gories, mais de simplifier sa communication. \u00ab\u00a0Depuis cette ann\u00e9e, nous nous concentrons un peu plus sur la cat\u00e9gorie reine, en utilisant le mot MotoGP afin de d\u00e9crire les titres dans la cat\u00e9gorie principale\u00a0\u00bb, a indiqu\u00e9 un porte-parole de Dorna Sports <a href=\"https:\/\/www.elperiodico.com\/es\/deportes\/20250919\/mundial-afirma-quiere-ensalzar-motogp-121723090\" target=\"_blank\" rel=\"noopener\">\u00e0 El Peri\u00f3dico<\/a>. \u00ab\u00a0C&rsquo;est simplement une question de simplification du message.\u00a0Nous tenons \u00e0 clarifier qu&rsquo;en ce sens, Giacomo Agostini est avant tout un octuple champion du monde du MotoGP, mais reste 15 fois champion du monde.\u00a0\u00bb<\/p>\n<p>   <img decoding=\"async\" draggable=\"false\" src=\"https:\/\/www.europesays.com\/fr\/wp-content\/uploads\/2025\/09\/podium-race-winner-marc-marque-1.jpg\" alt=\"Podium : le vainqueur Marc Marquez, Repsol Honda Team\" width=\"1200\" height=\"800\" loading=\"lazy\"\/> <\/p>\n<p class=\"title\">Marc M\u00e1rquez a c\u00e9l\u00e9br\u00e9 son huiti\u00e8me titre en 2019&#8230; mais le sixi\u00e8me en MotoGP.<\/p>\n<p class=\"photographer\">Photo de: Gold and Goose Photography \/ LAT Images \/ via Getty Images<\/p>\n<p>C&rsquo;est dans cette id\u00e9e qu&rsquo;en plus des L\u00e9gendes d\u00e9j\u00e0 existantes, le championnat a cr\u00e9\u00e9 son <a href=\"https:\/\/fr.motorsport.com\/motogp\/news\/hall-of-fame-nouveau-trophee-champion\/10758695\/\" target=\"_blank\" rel=\"noopener\">nouveau Hall of Fame<\/a>, que seuls des pilotes ayant gagn\u00e9 deux titres ou 25 courses en cat\u00e9gorie reine pourront int\u00e9grer. \u00ab\u00a0Ce sera mon prochain objectif\u00a0\u00bb, a comment\u00e9 <a href=\"https:\/\/fr.motorsport.com\/driver\/jorge-martin\/109391\/\" target=\"_blank\" rel=\"noopener\">Jorge Mart\u00edn<\/a>, double champion du monde, mais une seule fois en MotoGP. \u00ab\u00a0J&rsquo;essaie toujours de trouver un sens au fait de courir, je me demande pourquoi gagner, pourquoi prendre des risques, et \u00e7a peut \u00eatre un bon sens, de vouloir gagner \u00e0 nouveau pour l&rsquo;int\u00e9grer. Mais il est clair que je vais tout donner pour remporter deux titres.\u00a0\u00bb<\/p>\n<p>Concernant la communication pr\u00e9vue dans les prochains jours, le porte-parole du MotoGP a pr\u00e9cis\u00e9 que la question a \u00e9t\u00e9 \u00ab\u00a0discut\u00e9e avec Marc et toute son \u00e9quipe, et que cela ne l&rsquo;a naturellement pas surpris\u00a0\u00bb\u00a0: \u00ab\u00a0Nous ne retirons rien, nous ne cachons rien. Il sera \u00e9galement un nonuple champion du monde, mais nous parlons en premier de son palmar\u00e8s en MotoGP. En premier, pas uniquement.\u00a0\u00bb<\/p>\n<p>M\u00e1rquez se tient \u00e9loign\u00e9 du d\u00e9bat<\/p>\n<p>Interrog\u00e9 sur le sujet ce jeudi \u00e0 Motegi, Marc M\u00e1rquez n&rsquo;a pas voulu entretenir la pol\u00e9mique naissante. \u00ab\u00a0\u00c7a n&rsquo;est pas entre mes mains\u00a0\u00bb, a comment\u00e9 le pilote Ducati en conf\u00e9rence de presse. \u00ab\u00a0Pour moi, le plus important\u2026 J&rsquo;ai toujours dit que le jour o\u00f9 je m&rsquo;arr\u00eaterai, peu importe\u2026 \u00c9videmment, les chiffres comptent beaucoup, mais le plus important c&rsquo;est que les gens se souviennent de moi comme de quelqu&rsquo;un qui a tout donn\u00e9 en piste.\u00a0\u00bb<\/p>\n<p>M\u00e1rquez assure fr\u00e9quemment ne pas vouloir trop se pencher sur les statistiques mais reconna\u00eet n\u00e9anmoins \u00e0 demi-mot une volont\u00e9 d&rsquo;enrichir son palmar\u00e8s autant que possible\u00a0: \u00ab\u00a0Les carri\u00e8res des pilotes sont toutes diff\u00e9rentes. Les chiffres, ce sont les chiffres. \u00c7a n&rsquo;est pas entre mes mains mais le plus important c&rsquo;est de faire grossir ces chiffres, peu importe comment.\u00a0\u00bb<\/p>\n<p>   <img decoding=\"async\" draggable=\"false\" src=\"https:\/\/www.europesays.com\/fr\/wp-content\/uploads\/2025\/09\/moto2-valencia-2016-johann-zarco-ajo-motorsport.jpg\" alt=\"Johann Zarco, Ajo Motorsport\" width=\"1200\" height=\"800\" loading=\"lazy\"\/> <\/p>\n<p class=\"title\">Johann Zarco est un double champion du monde du Moto2.<\/p>\n<p class=\"photographer\">Photo de: Gold and Goose Photography \/ LAT Images \/ via Getty Images<\/p>\n<p>Quel que soit le d\u00e9compte utilis\u00e9, Marc M\u00e1rquez a d\u00e9j\u00e0 une place de choix parmi les plus grands pilotes de l&rsquo;histoire mais pour d&rsquo;autres, le changement de paradigme peut avoir des cons\u00e9quences plus lourdes. Son fr\u00e8re, <a href=\"https:\/\/fr.motorsport.com\/driver\/alex-marquez\/96324\/\" target=\"_blank\" rel=\"noopener\">\u00c1lex M\u00e1rquez<\/a>, est un double champion du monde, apr\u00e8s ses sacres en Moto3 et Moto2, mais n&rsquo;a jamais \u00e9t\u00e9 sacr\u00e9 en MotoGP.<\/p>\n<p>C&rsquo;est la m\u00eame chose pour <a href=\"https:\/\/fr.motorsport.com\/driver\/johann-zarco\/96107\/\" target=\"_blank\" rel=\"noopener\">Johann Zarco<\/a>, double champion du Moto2, mais le Fran\u00e7ais ne pense pas que la valeur qui lui est attribu\u00e9e d\u00e9pend encore de son palmar\u00e8s. \u00ab\u00a0J&rsquo;ai eu mes deux titres, c&rsquo;est l&rsquo;essentiel\u00a0\u00bb, a comment\u00e9 Zarco. \u00ab\u00a0C&rsquo;est s\u00fbr que si je perds certains contrats ou certains sponsors parce que mes titres ont moins de signification, qu&rsquo;ils ne veulent plus rien dire, \u00e7a sera dommage. Mais je pense que tant que je suis performant en MotoGP, cette valeur restera assez forte.\u00a0\u00bb<\/p>\n<p style=\"text-align: right;\">Avec L\u00e9na Buffa et Germ\u00e1n Garcia Casanova<\/p>\n<p>Lire aussi :<\/p>\n","protected":false},"excerpt":{"rendered":"Marc M\u00e1rquez peut remporter un neuvi\u00e8me titre mondial ce week-end \u00e0 Motegi, mais dans la communication faite par&hellip;\n","protected":false},"author":2,"featured_media":416792,"comment_status":"","ping_status":"","sticky":false,"template":"","format":"standard","meta":{"footnotes":""},"categories":[1413],"tags":[54679,1011,27,1741,3564,5038,1457,1456,1458,60],"class_list":{"0":"post-416791","1":"post","2":"type-post","3":"status-publish","4":"format-standard","5":"has-post-thumbnail","7":"category-moto","8":"tag-comment-faut-il-comptabiliser-les-titres-des-pilotes-motogpu00a0","9":"tag-fr","10":"tag-france","11":"tag-johann-zarco","12":"tag-jorge-martu00edn","13":"tag-marc-mu00e1rquez","14":"tag-moto","15":"tag-motocycle","16":"tag-motogp","17":"tag-sports"},"share_on_mastodon":{"url":"https:\/\/pubeurope.com\/@fr\/115265656012182822","error":""},"_links":{"self":[{"href":"https:\/\/www.europesays.com\/fr\/wp-json\/wp\/v2\/posts\/416791","targetHints":{"allow":["GET"]}}],"collection":[{"href":"https:\/\/www.europesays.com\/fr\/wp-json\/wp\/v2\/posts"}],"about":[{"href":"https:\/\/www.europesays.com\/fr\/wp-json\/wp\/v2\/types\/post"}],"author":[{"embeddable":true,"href":"https:\/\/www.europesays.com\/fr\/wp-json\/wp\/v2\/users\/2"}],"replies":[{"embeddable":true,"href":"https:\/\/www.europesays.com\/fr\/wp-json\/wp\/v2\/comments?post=416791"}],"version-history":[{"count":0,"href":"https:\/\/www.europesays.com\/fr\/wp-json\/wp\/v2\/posts\/416791\/revisions"}],"wp:featuredmedia":[{"embeddable":true,"href":"https:\/\/www.europesays.com\/fr\/wp-json\/wp\/v2\/media\/416792"}],"wp:attachment":[{"href":"https:\/\/www.europesays.com\/fr\/wp-json\/wp\/v2\/media?parent=416791"}],"wp:term":[{"taxonomy":"category","embeddable":true,"href":"https:\/\/www.europesays.com\/fr\/wp-json\/wp\/v2\/categories?post=416791"},{"taxonomy":"post_tag","embeddable":true,"href":"https:\/\/www.europesays.com\/fr\/wp-json\/wp\/v2\/tags?post=416791"}],"curies":[{"name":"wp","href":"https:\/\/api.w.org\/{rel}","templated":true}]}}