{"id":416793,"date":"2025-09-25T15:31:16","date_gmt":"2025-09-25T15:31:16","guid":{"rendered":"https:\/\/www.europesays.com\/fr\/416793\/"},"modified":"2025-09-25T15:31:16","modified_gmt":"2025-09-25T15:31:16","slug":"de-zerbi-si-cest-pour-arriver-ensuite-en-tongs-a-strasbourg-eurosport","status":"publish","type":"post","link":"https:\/\/www.europesays.com\/fr\/416793\/","title":{"rendered":"De Zerbi : &quot;Si c&#039;est pour arriver ensuite en tongs \u00e0 Strasbourg&#8230;&quot; &#8211; Eurosport"},"content":{"rendered":"<ol>\n<li><a href=\"https:\/\/news.google.com\/rss\/articles\/CBMi_gFBVV95cUxOMHBHUkV3eU9oQjFSS05ralR0QU0xVDBfWnpQZVh6T015cnZ1SENvSERpbF9NSUVWc3NRVE9QSmxqYUVzb21QcjNaZl8xRlBDeU9kcm1uaklleWRsNGkyeXZDNUxnMDlKNjRiQXgzdGlQbDVaVXRiOWZTdFdXRUREMy1ENUZlVzNOQTBDd0l0cVZjMTRSVjY3UHkzcWkzcVA5dUtNOVBmdVhJVDlHMHFiYkdVUU9nYklSa2JkeXVLNnp5U2xQTGFmZmJPRWE0M2lyOHAyRnpmOGdOa2FZZmM0aEpDeHJPeFNGeThQTWYyaGthTF9NeWN2MFhRYUpsQQ?oc=5\" target=\"_blank\" rel=\"noopener\">De Zerbi : \u00ab\u00a0Si c&rsquo;est pour arriver ensuite en tongs \u00e0 Strasbourg&#8230;\u00a0\u00bb<\/a>&nbsp;&nbsp;Eurosport<\/li>\n<li><a href=\"https:\/\/news.google.com\/rss\/articles\/CBMizgFBVV95cUxOUjgxNW9ra0FSOXZsWURsV09qTlJXTDU4dFdlN2I5WDFPcmQwcFYwNzZpMmk4c2o2azBsSUNUVUhYMk9kZkJkWWpCZG5ma0VmNVdYczhldWpnNml1VGVpeGRIMGRldlpLc01yaTk5cUxZZ2JVVHJBc1dpbEVibGlZdDRheGNUTUozNXZRUTcxRF9UT0RPbkU4VEZyZkNRRmVJOTl2a18zUjQwRFA3dVlzdDVjTlJrOEdKaEFVMDNnYzhPbV9POGxvWHpwSkVkdw?oc=5\" target=\"_blank\" rel=\"noopener\">Strasbourg : en conflit avec le club, les Ultras en gr\u00e8ve totale jusqu&rsquo;\u00e0 nouvel ordre<\/a>&nbsp;&nbsp;L&rsquo;\u00c9quipe<\/li>\n<li><a href=\"https:\/\/news.google.com\/rss\/articles\/CBMikwFBVV95cUxPNDljWUR1N0t5d0ctbElXXzhHX19lRklaSUY3MkpJS0F3MVpFamRvQmxsOW50Y0loOEtSRzNSNkd6OTJ6TVl6TnA4R0liYUpWallWX2RrMldOaHR4XzdQal90T2VoUXh0NFlDY29aSXQ5clBpMF9oNHFNYi1KUkRRTW1hZW9uU2UtZm9LcjJPVDh1NkE?oc=5\" target=\"_blank\" rel=\"noopener\">Ligue 1. Les ultras du Racing resteront silencieux contre l\u2019OM<\/a>&nbsp;&nbsp;DNA<\/li>\n<li><a href=\"https:\/\/news.google.com\/rss\/articles\/CBMiwgFBVV95cUxOODNGblczYWttR2dMRzU3UHIxbVMzSHJ4TFNJdjhwM01lV0ZCS0EzYzFvaE5RYlotd2hPZDhmU3dJdS1Ka3NPYjhLd2tQaFdXTGduaUlvZllOZmV5dHNNVU9QMmI0b05Wa29BWm1VWG5YZmN3d1dQMlFRNkNEZk9aczhYWmcwdGFKbVotZkFOSjBRY1hrSGJHa2tISVM2aTkzeEhySzA1UW5jaU1qcWdKRkRZNzBRYmx0SzVNVmRhWmk4dw?oc=5\" target=\"_blank\" rel=\"noopener\">OM : Kondogbia et Traor\u00e9, seuls absents avant le d\u00e9placement \u00e0 Strasbourg<\/a>&nbsp;&nbsp;La Provence<\/li>\n<li><a href=\"https:\/\/news.google.com\/rss\/articles\/CBMingFBVV95cUxNZllodjBULXoxbzhGZE1HNHRUTjdiWkhOS2JWOGFvb2UtbXNEWVRWaExlNFB3ajVybldIb1hSRC1wTWZPUlBGZ2x1Y3NvdjN4M2o5eGZQZGdMTjhHbFdIdDlTc21HcEQwaUpoVGlyYnkySWVrMl9vQU5RX0xVVWF2X1BWek9IaU0xckJnRUpPWTN4QkE0UTI5U0hXTHI4QQ?oc=5\" target=\"_blank\" rel=\"noopener\">Les Ultras de Strasbourg feront gr\u00e8ve contre l\u2019OM !<\/a>&nbsp;&nbsp;Foot Mercato<\/li>\n<\/ol>\n","protected":false},"excerpt":{"rendered":"De Zerbi : \u00ab\u00a0Si c&rsquo;est pour arriver ensuite en tongs \u00e0 Strasbourg&#8230;\u00a0\u00bb&nbsp;&nbsp;Eurosport Strasbourg : en conflit avec le&hellip;\n","protected":false},"author":2,"featured_media":395849,"comment_status":"","ping_status":"","sticky":false,"template":"","format":"standard","meta":{"footnotes":""},"categories":[1412],"tags":[1451,1452,1453,1454,1455,1011,27,60],"class_list":{"0":"post-416793","1":"post","2":"type-post","3":"status-publish","4":"format-standard","5":"has-post-thumbnail","7":"category-f1","8":"tag-f1","9":"tag-formula-1","10":"tag-formula1","11":"tag-formule-1","12":"tag-formule1","13":"tag-fr","14":"tag-france","15":"tag-sports"},"share_on_mastodon":{"url":"https:\/\/pubeurope.com\/@fr\/115265659515349302","error":""},"_links":{"self":[{"href":"https:\/\/www.europesays.com\/fr\/wp-json\/wp\/v2\/posts\/416793","targetHints":{"allow":["GET"]}}],"collection":[{"href":"https:\/\/www.europesays.com\/fr\/wp-json\/wp\/v2\/posts"}],"about":[{"href":"https:\/\/www.europesays.com\/fr\/wp-json\/wp\/v2\/types\/post"}],"author":[{"embeddable":true,"href":"https:\/\/www.europesays.com\/fr\/wp-json\/wp\/v2\/users\/2"}],"replies":[{"embeddable":true,"href":"https:\/\/www.europesays.com\/fr\/wp-json\/wp\/v2\/comments?post=416793"}],"version-history":[{"count":0,"href":"https:\/\/www.europesays.com\/fr\/wp-json\/wp\/v2\/posts\/416793\/revisions"}],"wp:featuredmedia":[{"embeddable":true,"href":"https:\/\/www.europesays.com\/fr\/wp-json\/wp\/v2\/media\/395849"}],"wp:attachment":[{"href":"https:\/\/www.europesays.com\/fr\/wp-json\/wp\/v2\/media?parent=416793"}],"wp:term":[{"taxonomy":"category","embeddable":true,"href":"https:\/\/www.europesays.com\/fr\/wp-json\/wp\/v2\/categories?post=416793"},{"taxonomy":"post_tag","embeddable":true,"href":"https:\/\/www.europesays.com\/fr\/wp-json\/wp\/v2\/tags?post=416793"}],"curies":[{"name":"wp","href":"https:\/\/api.w.org\/{rel}","templated":true}]}}