{"id":416810,"date":"2025-09-25T15:40:11","date_gmt":"2025-09-25T15:40:11","guid":{"rendered":"https:\/\/www.europesays.com\/fr\/416810\/"},"modified":"2025-09-25T15:40:11","modified_gmt":"2025-09-25T15:40:11","slug":"recrudescence-atypique-de-cas-dhepatite-a-lars-des-pays-de-la-loire-appelle-a-la-vigilance","status":"publish","type":"post","link":"https:\/\/www.europesays.com\/fr\/416810\/","title":{"rendered":"recrudescence \u00abatypique\u00bb de cas d\u2019h\u00e9patite A, l\u2019ARS des Pays de la Loire appelle \u00e0 la vigilance"},"content":{"rendered":"<p>Une infection virale a \u00e9t\u00e9 d\u00e9tect\u00e9e au sein de l\u2019agglom\u00e9ration nantaise, il y a plusieurs mois d\u00e9j\u00e0. Les autorit\u00e9s sanitaires invitent la population \u00e0 bien respecter les r\u00e8gles \u00e9l\u00e9mentaires d\u2019hygi\u00e8ne.<\/p>\n<p class=\"fig-paragraph\">L\u2019envol\u00e9e a \u00e9t\u00e9 observ\u00e9e dans plusieurs r\u00e9gions europ\u00e9ennes. Elle semble n\u00e9anmoins particuli\u00e8rement prononc\u00e9e en Loire-Atlantique, au sein de l\u2019agglom\u00e9ration\u00a0<a href=\"https:\/\/www.lefigaro.fr\/nantes\" target=\"_blank\" data-fig-type=\"Section\" rel=\"nofollow noopener\" data-gtm-custom-categorie=\"navigation\" data-gtm-custom-action=\"crossclick\" data-gtm-custom-label=\"Contextuel\" data-gtm-event=\"customEventSPE\" data-fig-domain=\"LEFIGARO\">de Nantes<\/a>. Une flamb\u00e9e de cas\u00a0<a href=\"https:\/\/www.lefigaro.fr\/tag\/h%C3%A9patite\" target=\"_blank\" rel=\"nofollow noopener\" data-gtm-custom-categorie=\"navigation\" data-gtm-custom-action=\"crossclick\" data-gtm-custom-label=\"Contextuel\" data-gtm-event=\"customEventSPE\">d\u2019h\u00e9patite A<\/a>\u00a0est suivie depuis plusieurs semaines par l\u2019agence r\u00e9gionale de sant\u00e9 (ARS) des Pays de la Loire. Les experts ont remarqu\u00e9, depuis le d\u00e9but de l\u2019\u00e9t\u00e9, une forte diffusion de ce virus aux sympt\u00f4mes g\u00e9n\u00e9ralement b\u00e9nins, avec un taux d\u2019infection dix fois sup\u00e9rieur \u00e0 la moyenne nationale. La dynamique virale devrait se poursuivre jusqu\u2019\u00e0 un pic attendu vers le milieu de l\u2019automne.<\/p>\n<p class=\"fig-paragraph\">Apr\u00e8s avoir diffus\u00e9 un premier communiqu\u00e9 en juillet, l\u2019ARS a renouvel\u00e9, le 18 septembre, ses pr\u00e9conisations pour limiter la diffusion du virus. \u00c0 rebours de la petite dizaine de cas recens\u00e9s annuellement en Loire-Atlantique,\u00a0<a href=\"http:\/\/sante.lefigaro.fr\/social\/sante-publique\/au-moins-16-cas-d-hepatite-a-recenses-a-nantes-l-ars-appelle-a-la-vigilance-20250718\" target=\"_blank\" data-fig-type=\"Article\" rel=\"noopener nofollow\" data-gtm-custom-categorie=\"navigation\" data-gtm-custom-action=\"crossclick\" data-gtm-custom-label=\"Contextuel\" data-gtm-event=\"customEventSPE\" data-fig-domain=\"SANTE\">les autorit\u00e9s comptaient un nombre \u00abatypique\u00bb de 21 cas \u00e0 Nantes<\/a>, en juillet. Malgr\u00e9 un appel \u00e0 la vigilance, la flamb\u00e9e d\u2019h\u00e9patite A s\u2019est poursuivie tout l\u2019\u00e9t\u00e9. L\u2019ARS compte d\u00e9sormais plus de 150 cas av\u00e9r\u00e9s depuis le mois d\u2019avril.<\/p>\n<p>                                    <a class=\"fig-a11y-skip a11y-hidden\" href=\"#fig-a11y-skip-main-inarticle\"><br \/>\n        Passer la publicit\u00e9<br \/>\n    <\/a><\/p>\n<p>\u00abIl est important de bien se laver les mains\u00bb<\/p>\n<p class=\"fig-paragraph\">Infection virale caract\u00e9ris\u00e9e par une inflammation du foie, l\u2019h\u00e9patite A se transmet principalement par voie oro-f\u00e9cale, c\u2019est-\u00e0-dire par contact ou ingestion de produits ou de surfaces contamin\u00e9es par des selles infect\u00e9es. Ce mode de transmission est favoris\u00e9 par de mauvaises conditions d\u2019assainissement et par une hygi\u00e8ne individuelle ou collective insuffisante, indique la sous-direction Sant\u00e9 des populations et pr\u00e9vention des maladies chroniques, au sein de la direction g\u00e9n\u00e9rale de la sant\u00e9.<\/p>\n<p class=\"fig-body-link\">\n            \u00c0 lire aussi<br \/>\n        <a class=\"fig-body-link__link\" href=\"http:\/\/www.lefigaro.fr\/nantes\/reunification-de-la-bretagne-un-debat-a-nantes-pour-entretenir-l-espoir-d-un-referendum-20250923\" target=\"_blank\" data-fig-type=\"NewsFlash\" rel=\"noopener nofollow\" data-gtm-custom-categorie=\"navigation\" data-gtm-custom-action=\"crossclick\" data-gtm-custom-label=\"Contextuel\" data-gtm-event=\"customEventSPE\" data-fig-domain=\"LEFIGARO\">R\u00e9unification de la Bretagne\u00a0: un d\u00e9bat \u00e0 Nantes pour entretenir l\u2019espoir d\u2019un r\u00e9f\u00e9rendum<br \/>\n    <\/a>\n<\/p>\n<p class=\"fig-paragraph\">Au d\u00e9but de l\u2019\u00e9t\u00e9, les premiers examens r\u00e9alis\u00e9s sur les malades de l\u2019agglom\u00e9ration nantaise semblaient pointer vers une vari\u00e9t\u00e9 de contextes de contamination, m\u00e9lange de voyageurs estivaux et de populations pr\u00e9caires voire sans-domicile fixe. \u00abDepuis le mois d\u2019ao\u00fbt, plus de 80% des nouveaux cas concernent d\u00e9sormais des personnes sans facteur de risque identifi\u00e9\u00bb, a expliqu\u00e9 l\u2019ARS \u00e0 nos confr\u00e8res de\u00a0<a href=\"https:\/\/france3-regions.franceinfo.fr\/pays-de-la-loire\/loire-atlantique\/nantes\/les-cas-d-hepatite-a-flambent-en-loire-atlantique-une-situation-atypique-selon-l-ars-3221261.html\" target=\"_blank\" rel=\"nofollow noopener\" data-gtm-custom-categorie=\"navigation\" data-gtm-custom-action=\"crossclick\" data-gtm-custom-label=\"Contextuel\" data-gtm-event=\"customEventSPE\">France 3 R\u00e9gions<\/a>.<\/p>\n<p class=\"fig-paragraph\">\u00abPour vous prot\u00e9ger, il est important de bien se laver les mains, de bien laver les aliments et d\u2019\u00e9viter les fruits de mer crus ou mal cuits. La\u00a0<a href=\"https:\/\/sante.lefigaro.fr\/mieux-etre\/vaccination-depistage\/vaccination-contre-lhepatite\/quel-schema-vaccinal\" target=\"_blank\" data-fig-type=\"Keyword\" rel=\"nofollow noopener\" data-gtm-custom-categorie=\"navigation\" data-gtm-custom-action=\"crossclick\" data-gtm-custom-label=\"Contextuel\" data-gtm-event=\"customEventSPE\" data-fig-domain=\"SANTE\">vaccination<\/a> \u00a0est aussi un moyen efficace de pr\u00e9vention, surtout avant de voyager dans les zones o\u00f9 le virus circule\u00bb, rappelle l\u2019agence r\u00e9gionale de sant\u00e9 dans son communiqu\u00e9 de jeudi dernier. Ces r\u00e8gles d\u2019hygi\u00e8ne devraient \u00eatre rappel\u00e9es en milieu scolaire, lieu de transmission privil\u00e9gi\u00e9 du virus. D\u2019une incubation moyenne de 30 jours, l\u2019h\u00e9patite A se manifeste par de la fi\u00e8vre, un \u00e9tat de fatigue important, des naus\u00e9es, des douleurs abdominales ou encore de la jaunisse. Dans la majorit\u00e9 des cas, la maladie gu\u00e9rit spontan\u00e9ment, sans autres s\u00e9quelles.<\/p>\n","protected":false},"excerpt":{"rendered":"Une infection virale a \u00e9t\u00e9 d\u00e9tect\u00e9e au sein de l\u2019agglom\u00e9ration nantaise, il y a plusieurs mois d\u00e9j\u00e0. Les&hellip;\n","protected":false},"author":2,"featured_media":416811,"comment_status":"","ping_status":"","sticky":false,"template":"","format":"standard","meta":{"footnotes":""},"categories":[10],"tags":[1011,27,72,40363,226,71],"class_list":{"0":"post-416810","1":"post","2":"type-post","3":"status-publish","4":"format-standard","5":"has-post-thumbnail","7":"category-sante","8":"tag-fr","9":"tag-france","10":"tag-health","11":"tag-hepatite","12":"tag-maladie","13":"tag-sante"},"share_on_mastodon":{"url":"https:\/\/pubeurope.com\/@fr\/115265694883897412","error":""},"_links":{"self":[{"href":"https:\/\/www.europesays.com\/fr\/wp-json\/wp\/v2\/posts\/416810","targetHints":{"allow":["GET"]}}],"collection":[{"href":"https:\/\/www.europesays.com\/fr\/wp-json\/wp\/v2\/posts"}],"about":[{"href":"https:\/\/www.europesays.com\/fr\/wp-json\/wp\/v2\/types\/post"}],"author":[{"embeddable":true,"href":"https:\/\/www.europesays.com\/fr\/wp-json\/wp\/v2\/users\/2"}],"replies":[{"embeddable":true,"href":"https:\/\/www.europesays.com\/fr\/wp-json\/wp\/v2\/comments?post=416810"}],"version-history":[{"count":0,"href":"https:\/\/www.europesays.com\/fr\/wp-json\/wp\/v2\/posts\/416810\/revisions"}],"wp:featuredmedia":[{"embeddable":true,"href":"https:\/\/www.europesays.com\/fr\/wp-json\/wp\/v2\/media\/416811"}],"wp:attachment":[{"href":"https:\/\/www.europesays.com\/fr\/wp-json\/wp\/v2\/media?parent=416810"}],"wp:term":[{"taxonomy":"category","embeddable":true,"href":"https:\/\/www.europesays.com\/fr\/wp-json\/wp\/v2\/categories?post=416810"},{"taxonomy":"post_tag","embeddable":true,"href":"https:\/\/www.europesays.com\/fr\/wp-json\/wp\/v2\/tags?post=416810"}],"curies":[{"name":"wp","href":"https:\/\/api.w.org\/{rel}","templated":true}]}}