{"id":416820,"date":"2025-09-25T15:45:13","date_gmt":"2025-09-25T15:45:13","guid":{"rendered":"https:\/\/www.europesays.com\/fr\/416820\/"},"modified":"2025-09-25T15:45:13","modified_gmt":"2025-09-25T15:45:13","slug":"le-danemark-pointe-une-menace-systematique-par-un-acteur-professionnel-apres-de-nouveaux-survols-de-drones-actualites","status":"publish","type":"post","link":"https:\/\/www.europesays.com\/fr\/416820\/","title":{"rendered":"Le Danemark pointe une menace \u00ab\u00a0syst\u00e9matique\u00a0\u00bb par un \u00ab\u00a0acteur professionnel\u00a0\u00bb, apr\u00e8s de nouveaux survols de drones : Actualit\u00e9s"},"content":{"rendered":"<p class=\"lead \">Des drones d&rsquo;origine inconnue ont survol\u00e9 des a\u00e9roports civils et militaire au Danemark pour la deuxi\u00e8me nuit de la semaine, le ministre de la D\u00e9fense jugeant qu&rsquo;il s&rsquo;agit d\u00e9sormais d&rsquo;une \u00ab\u00a0menace syst\u00e9matique\u00a0\u00bb caus\u00e9e par un \u00ab\u00a0acteur professionnel\u00a0\u00bb.<\/p>\n<p class=\"lead \">Des drones ont \u00e9t\u00e9 rep\u00e9r\u00e9s au dessus des a\u00e9roports d&rsquo;Aalborg (nord), d&rsquo;Esbjerg (ouest), de Sonderborg (sud) et de la base a\u00e9rienne militaire de Skrydstrup (sud) avant de repartir de leur propre chef, selon la police.<\/p>\n<p class=\"lead \">Lundi soir d\u00e9j\u00e0, des drones \u00e0 l&rsquo;origine non identifi\u00e9e avaient survol\u00e9 l&rsquo;a\u00e9roport de Copenhague, bloquant le trafic pendant plusieurs heures.<\/p>\n<p class=\"lead \">La Russie a \u00ab\u00a0fermement\u00a0\u00bb d\u00e9menti \u00eatre impliqu\u00e9e dans ces survols, son ambassade \u00e0 Copenhague d\u00e9non\u00e7ant une \u00ab\u00a0provocation orchestr\u00e9e\u00a0\u00bb.<\/p>\n<p class=\"lead \">Ces incidents surviennent apr\u00e8s l&rsquo;incursion de drones russes en Pologne et en Roumanie et d&rsquo;avions de combat russes dans l&rsquo;espace a\u00e9rien estonien, mais les autorit\u00e9s danoises et europ\u00e9ennes n&rsquo;ont pour l&rsquo;heure fait aucun lien entre ces incidents.<\/p>\n<p class=\"lead \">Le gouvernement danois, qui insiste sur l&rsquo;absence de \u00ab\u00a0menace militaire directe\u00a0\u00bb, a annonc\u00e9 acqu\u00e9rir de nouveaux moyens \u00ab\u00a0de d\u00e9tection et de neutralisation de drones\u00a0\u00bb.<\/p>\n<p class=\"lead \">\u00ab\u00a0Le but de ce genre d&rsquo;attaques hybrides est de semer la peur, de cr\u00e9er la division et de nous effrayer\u00a0\u00bb, a dit le ministre de la Justice, Peter Hummelgaard.<\/p>\n<p class=\"lead \">&#8211; D\u00e9cision de ne pas abattre les drones &#8211;<\/p>\n<p class=\"lead \">Interrog\u00e9 sur une \u00e9ventuelle activation par le Danemark de l&rsquo;Article 4 de l&rsquo;Otan, pr\u00e9voyant des consultations entre alli\u00e9s en cas de menace sur l&rsquo;un de ses membres, le ministre de la D\u00e9fense a indiqu\u00e9 qu&rsquo;aucune \u00ab\u00a0d\u00e9cision d\u00e9finitive\u00a0\u00bb n&rsquo;avait encore \u00e9t\u00e9 prise \u00e0 ce sujet.<\/p>\n<p class=\"lead \">\u00ab\u00a0C&rsquo;est l&rsquo;une des options que nous examinons. Nous allons aussi avoir des r\u00e9unions plus tard dans la journ\u00e9e sur cette question\u00a0\u00bb, a pr\u00e9cis\u00e9 Troels Lund Poulsen.<\/p>\n<p class=\"lead \">Le pays scandinave, membre de l&rsquo;Otan, doit accueillir la semaine prochaine les chefs d&rsquo;Etat et de gouvernement des pays de l&rsquo;Union europ\u00e9enne pour un sommet \u00e0 Copenhague.<\/p>\n<p class=\"lead \">L&rsquo;a\u00e9roport d&rsquo;Aalborg, l&rsquo;un des plus grands du pays apr\u00e8s celui de la capitale Copenhague, a \u00e9t\u00e9 ferm\u00e9 temporairement, avant de rouvrir plusieurs heures plus tard.<\/p>\n<p class=\"lead \">Police et arm\u00e9e ont d\u00e9cid\u00e9 de ne pas abattre les drones, notamment pour la s\u00e9curit\u00e9 des civils, a indiqu\u00e9 le chef d&rsquo;\u00e9tat-major des arm\u00e9es, Michael Hyldgaard, lors d&rsquo;une conf\u00e9rence de presse jeudi matin.<\/p>\n<p class=\"lead \">\u00ab\u00a0Nous n&rsquo;avons pas non plus appr\u00e9hend\u00e9 les op\u00e9rateurs\u00a0\u00bb des drones, avait expliqu\u00e9 plus t\u00f4t la police locale.<\/p>\n<p class=\"lead \">Elle a d\u00e9clar\u00e9 que les drones \u00ab\u00a0volaient avec des lumi\u00e8res et avaient \u00e9t\u00e9 observ\u00e9s depuis le sol\u00a0\u00bb, mais qu&rsquo;elle n&rsquo;avait pu \u00e9tablir le type de drones ni la raison du survol.<\/p>\n<p class=\"lead \">Les a\u00e9roports d&rsquo;Esbjerg et de Sonderborg n&rsquo;ont pas \u00e9t\u00e9 ferm\u00e9s car aucun vol n&rsquo;y \u00e9tait pr\u00e9vu.<\/p>\n<p class=\"lead \">&#8211; \u00ab\u00a0Grave attaque\u00a0\u00bb &#8211;<\/p>\n<p class=\"lead \">Une enqu\u00eate a \u00e9t\u00e9 ouverte en collaboration avec les services de renseignement danois et l&rsquo;arm\u00e9e dans le but de \u00ab\u00a0clarifier les circonstances\u00a0\u00bb de ces vols, a ajout\u00e9 la police.<\/p>\n<p class=\"lead \">Rencontr\u00e9 par l&rsquo;AFP dans les rues de Copenhague, Torsten Fr\u00f8ling, 48 ans et travaillant pour une agence gouvernementale, s&rsquo;est montr\u00e9 pragmatique.<\/p>\n<p class=\"lead \">\u00ab\u00a0C&rsquo;est probablement la Russie qui teste les fronti\u00e8res de l&rsquo;Europe (&#8230;). Ils volent pr\u00e8s des fronti\u00e8res, essaient de provoquer, mais pas de menacer. Donc je ne pense pas que ce soit une menace pour le Danemark\u00a0\u00bb, a-t-il dit.<\/p>\n<p class=\"lead \">En Norv\u00e8ge, un drone op\u00e9r\u00e9 par un homme d&rsquo;origine \u00e9trang\u00e8re pr\u00e8s de l&rsquo;a\u00e9roport international d&rsquo;Oslo mercredi a \u00e9t\u00e9 saisi par la police jeudi. \u00c2g\u00e9 d&rsquo;une cinquantaine d&rsquo;ann\u00e9es, l&rsquo;homme, qui sera entendu par la police, faisait voler son drone dans une zone interdite sans que cela ait d&rsquo;impact sur le trafic a\u00e9rien, a indiqu\u00e9 \u00e0 l&rsquo;AFP Lisa Mari L\u00f8kke, cheffe de la section des poursuites du district de police r\u00e9gionale.<\/p>\n<p class=\"lead \">Apr\u00e8s le survol de l&rsquo;a\u00e9roport de Copenhague, la Premi\u00e8re ministre du Danemark, Mette Frederiksen, avait d\u00e9nonc\u00e9 \u00ab\u00a0l&rsquo;attaque la plus grave contre une infrastructure critique\u00a0\u00bb dans le pays, affirmant \u00ab\u00a0ne pas exclure\u00a0\u00bb qu&rsquo;il s&rsquo;agisse de la Russie. <\/p>\n<p class=\"lead \">\u00ab\u00a0Cela s&rsquo;inscrit dans l&rsquo;\u00e9volution que nous avons pu observer derni\u00e8rement avec d&rsquo;autres attaques de drones, des violations de l&rsquo;espace a\u00e9rien et des cyberattaques contre des a\u00e9roports europ\u00e9ens\u00a0\u00bb, avait-elle affirm\u00e9. <\/p>\n<p class=\"lead \">Elle faisait alors r\u00e9f\u00e9rence aux r\u00e9centes intrusions de drones en Pologne et Roumanie et \u00e0 l&rsquo;incursion d&rsquo;avions de chasse russes dans l&rsquo;espace a\u00e9rien estonien \u00e0 la mi-septembre.<\/p>\n<p class=\"lead \">Les gouvernements de ces trois pays membres de l&rsquo;Otan avaient mis en cause la Russie, qui a ni\u00e9 toute responsabilit\u00e9, le porte-parole du Kremlin Dmitri Peskov \u00e9voquant des \u00ab\u00a0accusations sans fondement\u00a0\u00bb.<\/p>\n<p class=\"lead \">Ces incidents interviennent une semaine apr\u00e8s l&rsquo;annonce par le Danemark de l&rsquo;acquisition, pour la premi\u00e8re fois, d&rsquo;armes de pr\u00e9cision \u00e0 longue port\u00e9e pour pouvoir frapper des cibles lointaines, jugeant que la Russie repr\u00e9senterait une menace \u00ab\u00a0pendant des ann\u00e9es\u00a0\u00bb.<\/p>\n<p class=\"small font-weight-bold text-gray3 \"> publi\u00e9 le 25 septembre \u00e0 13h58, AFP<\/p>\n<p>                             Partager<\/p>\n","protected":false},"excerpt":{"rendered":"Des drones d&rsquo;origine inconnue ont survol\u00e9 des a\u00e9roports civils et militaire au Danemark pour la deuxi\u00e8me nuit de&hellip;\n","protected":false},"author":2,"featured_media":416821,"comment_status":"","ping_status":"","sticky":false,"template":"","format":"standard","meta":{"footnotes":""},"categories":[5],"tags":[11,7182,145,1769,1011,27,14,12,1072,2803,28],"class_list":{"0":"post-416820","1":"post","2":"type-post","3":"status-publish","4":"format-standard","5":"has-post-thumbnail","7":"category-international","8":"tag-actualites","9":"tag-aviation","10":"tag-danemark","11":"tag-enqute","12":"tag-fr","13":"tag-france","14":"tag-international","15":"tag-news","16":"tag-police","17":"tag-transport","18":"tag-world"},"share_on_mastodon":{"url":"https:\/\/pubeurope.com\/@fr\/115265714692253076","error":""},"_links":{"self":[{"href":"https:\/\/www.europesays.com\/fr\/wp-json\/wp\/v2\/posts\/416820","targetHints":{"allow":["GET"]}}],"collection":[{"href":"https:\/\/www.europesays.com\/fr\/wp-json\/wp\/v2\/posts"}],"about":[{"href":"https:\/\/www.europesays.com\/fr\/wp-json\/wp\/v2\/types\/post"}],"author":[{"embeddable":true,"href":"https:\/\/www.europesays.com\/fr\/wp-json\/wp\/v2\/users\/2"}],"replies":[{"embeddable":true,"href":"https:\/\/www.europesays.com\/fr\/wp-json\/wp\/v2\/comments?post=416820"}],"version-history":[{"count":0,"href":"https:\/\/www.europesays.com\/fr\/wp-json\/wp\/v2\/posts\/416820\/revisions"}],"wp:featuredmedia":[{"embeddable":true,"href":"https:\/\/www.europesays.com\/fr\/wp-json\/wp\/v2\/media\/416821"}],"wp:attachment":[{"href":"https:\/\/www.europesays.com\/fr\/wp-json\/wp\/v2\/media?parent=416820"}],"wp:term":[{"taxonomy":"category","embeddable":true,"href":"https:\/\/www.europesays.com\/fr\/wp-json\/wp\/v2\/categories?post=416820"},{"taxonomy":"post_tag","embeddable":true,"href":"https:\/\/www.europesays.com\/fr\/wp-json\/wp\/v2\/tags?post=416820"}],"curies":[{"name":"wp","href":"https:\/\/api.w.org\/{rel}","templated":true}]}}