{"id":416822,"date":"2025-09-25T15:46:14","date_gmt":"2025-09-25T15:46:14","guid":{"rendered":"https:\/\/www.europesays.com\/fr\/416822\/"},"modified":"2025-09-25T15:46:14","modified_gmt":"2025-09-25T15:46:14","slug":"un-chateau-classe-ravage-par-un-incendie","status":"publish","type":"post","link":"https:\/\/www.europesays.com\/fr\/416822\/","title":{"rendered":"Un ch\u00e2teau class\u00e9 ravag\u00e9 par un incendie"},"content":{"rendered":"<p>C\u2019est l\u2019un des embl\u00e8mes du patrimoine de <a href=\"https:\/\/www.20minutes.fr\/dossier\/orne\" class=\"c-link c-link--is-underlined\" target=\"_blank\" rel=\"noopener\">l\u2019Orne<\/a>. Dans la nuit du 24 au 25\u00a0septembre, le ch\u00e2teau de M\u00e9davy a \u00e9t\u00e9 s\u00e9rieusement ab\u00eem\u00e9 par <a href=\"https:\/\/www.20minutes.fr\/dossier\/incendie\" class=\"c-link c-link--is-underlined\" target=\"_blank\" rel=\"noopener\">un important incendie<\/a>, dont l\u2019origine est pour l\u2019heure inconnue. Class\u00e9 \u00e0 l\u2019inventaire des monuments historiques, ce ch\u00e2teau du XVIIIe\u00a0si\u00e8cle a \u00e9t\u00e9 ravag\u00e9 par les flammes peu apr\u00e8s minuit. Les pompiers ont \u00e9t\u00e9 nombreux \u00e0 se rendre sur ce site situ\u00e9 pr\u00e8s d\u2019Argentan et du Haras du Pin.<\/p>\n<p>D\u2019apr\u00e8s <a href=\"https:\/\/www.ouest-france.fr\/faits-divers\/incendie\/dans-lorne-le-chateau-de-medavy-devore-par-les-flammes-90-pompiers-du-departement-mobilises-7b1c4858-99d2-11f0-bc84-9e08c570c0db\" rel=\"nofollow noopener\" target=\"_blank\" class=\"c-link c-link--is-underlined\">nos confr\u00e8res de Ouest-France<\/a>, deux tiers du ch\u00e2teau ont \u00e9t\u00e9 sinistr\u00e9s. Plusieurs \u0153uvres et du mobilier ont \u00e9t\u00e9 d\u00e9truits. Une partie a pu \u00eatre sauv\u00e9e gr\u00e2ce \u00e0 l\u2019intervention des secours. \u00ab\u00a0\u00c0 5h45, le feu \u00e9tait circonscrit. Des interventions restent en cours pour \u00e9teindre les derni\u00e8res braises et d\u00e9blayer\u00a0\u00bb, pr\u00e9cisait ce matin la pr\u00e9fecture de l\u2019Orne. Soixante-dix pompiers \u00e9taient pr\u00e9sents, accompagn\u00e9s des gendarmes.<\/p>\n<blockquote class=\"twitter-tweet\" align=\"center\" data-lang=\"fr_FR\">\n<p lang=\"fr\" dir=\"ltr\">Dans la nuit du 24 au 25 septembre, un incendie s\u2019est d\u00e9clar\u00e9 au ch\u00e2teau de M\u00e9davy. \u00c0 5h45, le feu \u00e9tait circonscrit. Des interventions restent en cours pour \u00e9teindre les derni\u00e8res braises et d\u00e9blayer.<\/p>\n<p>Herv\u00e9 TOURMENTE, pr\u00e9fet de l\u2019Orne, \u00e9tait cette nuit sur site pour coordonner\u2026 <a href=\"https:\/\/t.co\/vXhdzCDFH1\">pic.twitter.com\/vXhdzCDFH1<\/a><\/p>\n<p>\u2014 Pr\u00e9fet de l&rsquo;Orne \ud83c\uddeb\ud83c\uddf7 (@Prefet61) <a href=\"https:\/\/twitter.com\/Prefet61\/status\/1971094636660740464?ref_src=twsrc%5Etfw\" target=\"_blank\" rel=\"noopener\">September 25, 2025<\/a><\/p><\/blockquote>\n<p class=\"mb-xxl@xs color-ultramarine font-weight-semi-bold@xs font-source-serif-pro heading-s@xs\">L\u2019acc\u00e8s \u00e0 ce contenu a \u00e9t\u00e9 bloqu\u00e9 afin de respecter votre choix de consentement<\/p>\n<p class=\"mb-m@xs text-l@xs\">En cliquant sur\u00ab J\u2019accepte \u00bb, vous acceptez le d\u00e9p\u00f4t de cookies par des services externes et aurez ainsi acc\u00e8s aux contenus de nos partenaires.<\/p>\n<p class=\"mb-xl@xs text-s@xs\">Plus d\u2019informations sur la page<a href=\"https:\/\/www.20minutes.fr\/gestion-cookies\" class=\"mx-xxs@xs color-ultramarine\" target=\"_blank\" rel=\"noopener\">Politique de gestion des cookies<\/a><\/p>\n<p>J\u2019accepte<\/p>\n<p>Propri\u00e9t\u00e9 priv\u00e9e, la b\u00e2tisse de 1.500 m\u00b2 est implant\u00e9e au c\u0153ur d\u2019un domaine de 133 hectares. D\u2019importants <a href=\"https:\/\/www.fondation-patrimoine.org\/les-projets\/charon-medavy\/79121\" rel=\"nofollow noopener\" target=\"_blank\" class=\"c-link c-link--is-underlined\">travaux de r\u00e9novation avaient \u00e9t\u00e9 engag\u00e9s<\/a> depuis le rachat en\u00a02004. Le pr\u00e9fet a assur\u00e9 que les propri\u00e9taires pourraient compter sur le soutien de la DRAC \u00ab\u00a0pour les accompagner dans les \u00e9tapes \u00e0 venir\u00a0\u00bb. Une enqu\u00eate judiciaire est en cours pour d\u00e9terminer les causes du sinistre.<\/p>\n<p><script async src=\"https:\/\/platform.twitter.com\/widgets.js\" charset=\"utf-8\"><\/script><\/p>\n","protected":false},"excerpt":{"rendered":"C\u2019est l\u2019un des embl\u00e8mes du patrimoine de l\u2019Orne. Dans la nuit du 24 au 25\u00a0septembre, le ch\u00e2teau de&hellip;\n","protected":false},"author":2,"featured_media":416823,"comment_status":"","ping_status":"","sticky":false,"template":"","format":"standard","meta":{"footnotes":""},"categories":[4],"tags":[47,11,4811,118,1312,1011,27,811,1310,12,5161,810,2551,812,1311,25],"class_list":{"0":"post-416822","1":"post","2":"type-post","3":"status-publish","4":"format-standard","5":"has-post-thumbnail","7":"category-france","8":"tag-actualite","9":"tag-actualites","10":"tag-chateau","11":"tag-faits-divers","12":"tag-feu","13":"tag-fr","14":"tag-france","15":"tag-hauts-de-france","16":"tag-incendie","17":"tag-news","18":"tag-normandie","19":"tag-orne","20":"tag-patrimoine","21":"tag-picardie","22":"tag-pompiers","23":"tag-republique-francaise"},"share_on_mastodon":{"url":"https:\/\/pubeurope.com\/@fr\/115265718508025853","error":""},"_links":{"self":[{"href":"https:\/\/www.europesays.com\/fr\/wp-json\/wp\/v2\/posts\/416822","targetHints":{"allow":["GET"]}}],"collection":[{"href":"https:\/\/www.europesays.com\/fr\/wp-json\/wp\/v2\/posts"}],"about":[{"href":"https:\/\/www.europesays.com\/fr\/wp-json\/wp\/v2\/types\/post"}],"author":[{"embeddable":true,"href":"https:\/\/www.europesays.com\/fr\/wp-json\/wp\/v2\/users\/2"}],"replies":[{"embeddable":true,"href":"https:\/\/www.europesays.com\/fr\/wp-json\/wp\/v2\/comments?post=416822"}],"version-history":[{"count":0,"href":"https:\/\/www.europesays.com\/fr\/wp-json\/wp\/v2\/posts\/416822\/revisions"}],"wp:featuredmedia":[{"embeddable":true,"href":"https:\/\/www.europesays.com\/fr\/wp-json\/wp\/v2\/media\/416823"}],"wp:attachment":[{"href":"https:\/\/www.europesays.com\/fr\/wp-json\/wp\/v2\/media?parent=416822"}],"wp:term":[{"taxonomy":"category","embeddable":true,"href":"https:\/\/www.europesays.com\/fr\/wp-json\/wp\/v2\/categories?post=416822"},{"taxonomy":"post_tag","embeddable":true,"href":"https:\/\/www.europesays.com\/fr\/wp-json\/wp\/v2\/tags?post=416822"}],"curies":[{"name":"wp","href":"https:\/\/api.w.org\/{rel}","templated":true}]}}