{"id":416828,"date":"2025-09-25T15:49:14","date_gmt":"2025-09-25T15:49:14","guid":{"rendered":"https:\/\/www.europesays.com\/fr\/416828\/"},"modified":"2025-09-25T15:49:14","modified_gmt":"2025-09-25T15:49:14","slug":"ces-elements-secrets-reveles-au-proces-de-perdriau","status":"publish","type":"post","link":"https:\/\/www.europesays.com\/fr\/416828\/","title":{"rendered":"ces \u00e9l\u00e9ments secrets r\u00e9v\u00e9l\u00e9s au proc\u00e8s de Perdriau"},"content":{"rendered":"<p>            Par<br \/>\n        <strong><br \/>\n            <a href=\"https:\/\/actu.fr\/auteur\/mathias-souteyrat\" title=\"Consulter tous les articles de Mathias Souteyrat\" rel=\"nofollow noopener\" target=\"_blank\">Mathias Souteyrat<\/a><br \/>\n        <\/strong><\/p>\n<p>        Publi\u00e9 le<\/p>\n<p>            25 sept. 2025 \u00e0 17h15        <\/p>\n<p>Si le plus important a \u00e9t\u00e9 dit et d\u00e9j\u00e0 connu lors des r\u00e9v\u00e9lations de Mediapart (vid\u00e9o de la sextape, chantage, mobile politique et d\u00e9tournement de fonds), les auditions des principaux pr\u00e9venus au <a href=\"https:\/\/actu.fr\/auvergne-rhone-alpes\/saint-etienne_42218\/proces-de-la-sextape-pas-glorieux-les-declarations-du-maire-de-saint-etienne-interrogent_63210781.html\" rel=\"nofollow noopener\" target=\"_blank\">proc\u00e8s du chantage \u00e0 la sextape<\/a> \u00e0 la mairie de <a href=\"https:\/\/actu.fr\/auvergne-rhone-alpes\/saint-etienne_42218\" rel=\"nofollow noopener\" target=\"_blank\">Saint-Etienne<\/a> r\u00e9v\u00e8lent son lot de nouveaux \u00e9l\u00e9ments.<\/p>\n<p>\u00ab\u2009Nous, on le voit dans les affaires de stups\u2009\u00bb<\/p>\n<p class=\" wall-content\">Apr\u00e8s les r\u00e9v\u00e9lations dans la presse, en ao\u00fbt\u00a02022, un groupe Signal, <strong>une messagerie ultra-s\u00e9curis\u00e9 o\u00f9 les messages s\u2019effacent au fur et mesure<\/strong>, est cr\u00e9\u00e9 dans le cercle tr\u00e8s proche de <a href=\"https:\/\/actu.fr\/tag\/gael-perdriau\" rel=\"nofollow noopener\" target=\"_blank\">Ga\u00ebl Perdriau<\/a>.<\/p>\n<p class=\" wall-content\">Dans ce groupe, le maire, son directeur de cabinet, l\u2019attach\u00e9 de presse, le directeur de la communication. \u00ab\u2009M. le maire m\u2019envoie un SMS pour passer par Signal pour avoir des messages s\u00e9curis\u00e9s\u2009\u00bb, selon Pierre Gauttieri. \u00ab\u2009Ce sont mes avocats qui me l\u2019ont conseill\u00e9, pour que chacun ait le m\u00eame niveau d\u2019information\u2009\u00bb, rappelle Ga\u00ebl Perdriau.<\/p>\n<p class=\" wall-content\">La pr\u00e9sidente rel\u00e8ve\u2009: \u00ab\u2009Nous, on le voit (cette application) dans les affaires de stups [comprenez trafic de drogue]\u2009\u00bb.<\/p>\n<p>Samy K\u00e9fi touche toujours des indemnit\u00e9s de la R\u00e9gion<\/p>\n<p class=\" wall-content\">Samy K\u00e9fi, adjoint charg\u00e9 de l\u2019\u00e9ducation \u00e0 la mairie, a d\u00e9missionn\u00e9 de ses mandats d\u2019\u00e9lus st\u00e9phanois, pas de son poste \u00e0 la R\u00e9gion o\u00f9 il est en retrait. Celui qui a film\u00e9 et fait chanter Gilles Artigues avec un escort-boy, d\u00e9sormais <strong>serveur<\/strong> dans un restaurant en Auvergne, touche actuellement une indemnit\u00e9 de 50\u2009% de la R\u00e9gion, soit <strong>1\u2009000\u00a0euros\/mois.<\/strong><\/p>\n<p class=\" wall-content\">Une situation qui n\u2019a pas manqu\u00e9 de faire r\u00e9agir les avocats lundi au passage du pr\u00e9venu \u00e0 la barre.<\/p>\n<p class=\" wall-content\">\u00ab\u2009Depuis trois ans, vous touchez 1\u2009000 euros de la R\u00e9gion alors que vous \u00eates en retrait\u2009? La dignit\u00e9 vous obligeait donc \u00e0 d\u00e9missionner \u00e0 Saint-\u00c9tienne, mais quand on passe les fronti\u00e8res et que \u00e7a concerne la R\u00e9gion, il n\u2019y a plus de dignit\u00e9\u2009\u00bb, lui lance l\u2019avocat d\u2019Anticor, contre la corruption et pour l\u2019\u00e9thique en politique, \u00e0 la partie civile.<\/p>\n<p>Votre r\u00e9gion, votre actu !<\/p>\n<p>Recevez chaque jour les infos qui comptent pour vous.<\/p>\n<p>\t<a href=\"https:\/\/actu.fr\/newsletter\" class=\"ac-btn ac-btn--corner ac-btn--medium ac-btn--blue800\" rel=\"nofollow noopener\" target=\"_blank\">S&rsquo;incrire<\/a><\/p>\n<p class=\" wall-content\">\u00ab\u2009J\u2019ai toujours dit que j\u2019attendais la d\u00e9cision de justice\u2009\u00bb, r\u00e9pond l\u2019ex-adjoint.<\/p>\n<p>Avant la sextape avec un escort, l\u2019id\u00e9e d\u2019un pi\u00e8ge apr\u00e8s le sport<\/p>\n<p class=\" wall-content\">Avant le pi\u00e8ge de janvier\u00a02015 dans une chambre d\u2019h\u00f4tel parisien, les protagonistes de l\u2019affaire avaient imagin\u00e9 autre chose.<\/p>\n<p class=\" wall-content\">Samy K\u00e9fi, qui se disait harcel\u00e9 par Gilles Artigues de messages \u00e0 connotation sexuelle (il n\u2019y a jamais de plainte ou quelconques poursuites judiciaires sur ce pr\u00e9sum\u00e9 harc\u00e8lement), devait \u00eatre l\u2019app\u00e2t et l\u2019objet du pi\u00e8ge.<\/p>\n<blockquote class=\"ac-article-quote wall-content\">\n<p>Cette captation aurait d\u00fb \u00eatre en Artigues et moi-m\u00eame apr\u00e8s du sport, mais aucune possibilit\u00e9 d\u2019anticiper le vestiaire o\u00f9 nous serions all\u00e9s apr\u00e8s le sport.<\/p>\n<p>    <strong>Samy K\u00e9fi<\/strong>\n            <\/p><\/blockquote>\n<p>Le testament de Pierre Gauttieri\u2026 sans Ga\u00ebl Perdriau<\/p>\n<p class=\" wall-content\">Directeur de cabinet du maire depuis le d\u00e9but du mandat, <a href=\"https:\/\/actu.fr\/auvergne-rhone-alpes\/saint-etienne_42218\/proces-de-la-sextape-a-saint-etienne-gael-perdriau-nie-tout-son-ex-directeur-de-cabinet-l-accable_63205866.html\" rel=\"nofollow noopener\" target=\"_blank\">Pierre Gauttieri<\/a>, \u00e9galement mis en cause dans le kompromat, a chang\u00e9 de version lors des diff\u00e9rentes des gardes \u00e0 vue. S\u2019il a d\u00e9fendu Perdriau au d\u00e9but, fin septembre\u00a02023, l\u2019homme pris de remords a \u00ab\u2009craqu\u00e9\u2009\u00bb.<\/p>\n<blockquote class=\"ac-article-quote wall-content\">\n<p>Je lisais dans la presse que j\u2019\u00e9tais le seul responsable, il y avait d\u2019autres responsables. J\u2019avais un patron au-dessus de moi.<\/p>\n<p>    <strong>Pierre Gauttieri \u00e0 propos de Ga\u00ebl Perdriau<\/strong>\n            <\/p><\/blockquote>\n<p class=\" wall-content\">Gauttieri, sans avocat depuis le d\u00e9but du proc\u00e8s, explique \u00e0 l\u2019\u00e9poque \u00eatre au fond du trou. Il pense au suicide et envoie un message \u00e0 sa femme pour pr\u00e9parer ses obs\u00e8ques. \u00ab\u2009Je ne voulais pas que le maire y soit.\u2009\u00bb<\/p>\n<p>Les \u00e9coutes pleines d\u2019ambigu\u00eft\u00e9s avec sa m\u00e8re et son \u00e9pouse<\/p>\n<p class=\" wall-content\">L\u2019affaire est sur la place publique depuis ao\u00fbt\u00a02022, les principaux suspects sont successivement entendus par les policiers\u2026 et discr\u00e8tement plac\u00e9s sur \u00e9coute par les enqu\u00eateurs.<\/p>\n<p class=\" wall-content\">\u00c0 l\u2019audience, on apprend que le maire appelle sa m\u00e8re apr\u00e8s une garde \u00e0 vue.<\/p>\n<p class=\" wall-content\">\u00ab\u2009C\u2019est vrai ou ce n\u2019est pas vrai ?, lui demande-t-elle. Oui oui, je savais, \u2026 \u00c7a ne se fait pas enfin\u2026 Je ne sais pas ce qui peut sortir d\u2019autres, souffle Perdriau. Tu as dit des choses incroyables. C\u2019est vraiment violent. C\u2019est une sale affaire. Je ne te comprends pas, je ne te connaissais pas comme \u00e7a\u2026\u2009\u00bb. Ga\u00ebl Perdriau fond en larmes au t\u00e9l\u00e9phone, notent les juges.<\/p>\n<p class=\" wall-content\">Dans une autre conversation t\u00e9l\u00e9phonique, cette fois-ci avec son \u00e9pouse, le maire a cette phrase\u2009:\u00a0<\/p>\n<blockquote class=\"ac-article-quote wall-content\">\n<p>Je ne sais pas qui \u00e0 quoi. J\u2019ai l\u2019impression d\u2019avancer sur un champ de mine, que \u00e7a peut p\u00e9ter n\u2019importe o\u00f9 et n\u2019importe quand.<\/p>\n<p>    <strong>Propos de Ga\u00ebl Perdriau \u00e0 son \u00e9pouse tir\u00e9s des \u00e9coutes t\u00e9l\u00e9phoniques<\/strong>\n            <\/p><\/blockquote>\n<p class=\" wall-content\">Le proc\u00e8s devait initialement se terminer ce vendredi 26 septembre. Il est finalement prolong\u00e9 jusqu\u2019au mardi 30 septembre.<\/p>\n<p class=\" wall-content\">Personnalisez votre actualit\u00e9 en ajoutant vos villes et m\u00e9dias en favori avec <a href=\"https:\/\/moncompte.actu.fr\" title=\"D\u00e9couvez Mon Actu\" rel=\"nofollow noopener\" data-trk=\"{&quot;cta&quot;:{&quot;action&quot;:&quot;https:\\\/\\\/moncompte.actu.fr&quot;,&quot;category&quot;:&quot;mon compte&quot;,&quot;from&quot;:&quot;article footer&quot;,&quot;name&quot;:&quot;Mon actu&quot;,&quot;type&quot;:&quot;cta&quot;}}\" target=\"_blank\">Mon Actu<\/a>.<\/p>\n","protected":false},"excerpt":{"rendered":"Par Mathias Souteyrat Publi\u00e9 le 25 sept. 2025 \u00e0 17h15 Si le plus important a \u00e9t\u00e9 dit et&hellip;\n","protected":false},"author":2,"featured_media":416829,"comment_status":"","ping_status":"","sticky":false,"template":"","format":"standard","meta":{"footnotes":""},"categories":[9653],"tags":[1111,11,2430,1777,674,1011,27,12242,303,12,25,4001,104],"class_list":{"0":"post-416828","1":"post","2":"type-post","3":"status-publish","4":"format-standard","5":"has-post-thumbnail","7":"category-saint-etienne","8":"tag-actu","9":"tag-actualites","10":"tag-auvergne-rhone-alpes","11":"tag-eu","12":"tag-europe","13":"tag-fr","14":"tag-france","15":"tag-gael-perdriau","16":"tag-justice","17":"tag-news","18":"tag-republique-francaise","19":"tag-saint-etienne","20":"tag-societe"},"share_on_mastodon":{"url":"https:\/\/pubeurope.com\/@fr\/115265730469644841","error":""},"_links":{"self":[{"href":"https:\/\/www.europesays.com\/fr\/wp-json\/wp\/v2\/posts\/416828","targetHints":{"allow":["GET"]}}],"collection":[{"href":"https:\/\/www.europesays.com\/fr\/wp-json\/wp\/v2\/posts"}],"about":[{"href":"https:\/\/www.europesays.com\/fr\/wp-json\/wp\/v2\/types\/post"}],"author":[{"embeddable":true,"href":"https:\/\/www.europesays.com\/fr\/wp-json\/wp\/v2\/users\/2"}],"replies":[{"embeddable":true,"href":"https:\/\/www.europesays.com\/fr\/wp-json\/wp\/v2\/comments?post=416828"}],"version-history":[{"count":0,"href":"https:\/\/www.europesays.com\/fr\/wp-json\/wp\/v2\/posts\/416828\/revisions"}],"wp:featuredmedia":[{"embeddable":true,"href":"https:\/\/www.europesays.com\/fr\/wp-json\/wp\/v2\/media\/416829"}],"wp:attachment":[{"href":"https:\/\/www.europesays.com\/fr\/wp-json\/wp\/v2\/media?parent=416828"}],"wp:term":[{"taxonomy":"category","embeddable":true,"href":"https:\/\/www.europesays.com\/fr\/wp-json\/wp\/v2\/categories?post=416828"},{"taxonomy":"post_tag","embeddable":true,"href":"https:\/\/www.europesays.com\/fr\/wp-json\/wp\/v2\/tags?post=416828"}],"curies":[{"name":"wp","href":"https:\/\/api.w.org\/{rel}","templated":true}]}}